{"id":41905,"date":"2015-05-25T19:23:15","date_gmt":"2015-05-25T22:23:15","guid":{"rendered":"http:\/\/www.hoymercedes.com.ar\/principal\/?p=41905"},"modified":"2015-05-28T23:39:35","modified_gmt":"2015-05-29T02:39:35","slug":"concejo-deliberante-conoce-el-orden-del-dia-que-debatiran-los-ediles","status":"publish","type":"post","link":"https:\/\/www.hoymercedes.com.ar\/principal\/2015\/05\/25\/concejo-deliberante-conoce-el-orden-del-dia-que-debatiran-los-ediles\/","title":{"rendered":"Concejo Deliberante: conoc\u00e9 el orden del d\u00eda que debatir\u00e1n los ediles"},"content":{"rendered":"<p>Se llevar\u00e1 a cabo \u00e9ste martes 26 una nueva sesi\u00f3n de Concejo Deliberante de Mercedes. La sesi\u00f3n tiene un extenso orden del d\u00eda. Entre algunos temas que se prev\u00e9n est\u00e1 por despacho dividido la rendici\u00f3n de cuentas del Departamento Ejecutivo, varios pedidos del Presidente de la UCR, Oscar Albini y como siempre solicitudes de cambio de foquitos, destapes, reparaciones de calles y p\u00e9rdidas de agua, etc.<\/p>\n<p>El oden del d\u00eda completo es el siguiente:<\/p>\n<p>&nbsp;<iframe loading=\"lazy\" width=\"620\" height=\"876\" src=\"\/\/e.issuu.com\/embed.html#5622510\/13094957\" frameborder=\"0\" allowfullscreen><\/iframe> <\/p>\n<p>&nbsp;<\/p>\n","protected":false},"excerpt":{"rendered":"<p>Se llevar\u00e1 a cabo \u00e9ste martes 26 una nueva sesi\u00f3n de Concejo Deliberante de Mercedes. La sesi\u00f3n tiene un extenso &#8230; <a title=\"Concejo Deliberante: conoc\u00e9 el orden del d\u00eda que debatir\u00e1n los ediles\" class=\"read-more\" href=\"https:\/\/www.hoymercedes.com.ar\/principal\/2015\/05\/25\/concejo-deliberante-conoce-el-orden-del-dia-que-debatiran-los-ediles\/\" aria-label=\"Leer m\u00e1s sobre Concejo Deliberante: conoc\u00e9 el orden del d\u00eda que debatir\u00e1n los ediles\">Leer m\u00e1s<\/a><\/p>\n","protected":false},"author":1,"featured_media":41907,"comment_status":"open","ping_status":"open","sticky":false,"template":"","format":"standard","meta":{"_monsterinsights_skip_tracking":false,"_monsterinsights_sitenote_active":false,"_monsterinsights_sitenote_note":"","_monsterinsights_sitenote_category":0,"jetpack_post_was_ever_published":false,"_jetpack_newsletter_access":"","_jetpack_dont_email_post_to_subs":false,"_jetpack_newsletter_tier_id":0,"_jetpack_memberships_contains_paywalled_content":false,"_jetpack_memberships_contains_paid_content":false,"footnotes":"","jetpack_publicize_message":"","jetpack_publicize_feature_enabled":true,"jetpack_social_post_already_shared":true,"jetpack_social_options":{"image_generator_settings":{"template":"highway","default_image_id":0,"font":"","enabled":false},"version":2},"_wpas_customize_per_network":false},"categories":[5],"tags":[45,6468],"class_list":["post-41905","post","type-post","status-publish","format-standard","has-post-thumbnail","hentry","category-politica","tag-concejo-deliberante-mercedes","tag-orden-del-dia","generate-columns","tablet-grid-50","mobile-grid-100","grid-parent","grid-50"],"jetpack_publicize_connections":[],"jetpack_featured_media_url":"https:\/\/www.hoymercedes.com.ar\/principal\/wp-content\/uploads\/2015\/05\/h.c.d26.05.2015.png","wps_subtitle":"Poder legislativo","jetpack_sharing_enabled":true,"jetpack-related-posts":[{"id":42530,"url":"https:\/\/www.hoymercedes.com.ar\/principal\/2015\/06\/21\/orden-del-dia-concejo-deliberante-sesion-lunes-22-de-junio\/","url_meta":{"origin":41905,"position":0},"title":"Orden del d\u00eda: Concejo Deliberante sesi\u00f3n lunes 22 de junio","author":"hoymercedes","date":"21 junio, 2015","format":false,"excerpt":"Este lunes habr\u00e1 una nueva sesi\u00f3n de Concejo Deliberante de Mercedes. En la misma tendr\u00e1 un orden del d\u00eda con variadas acciones y propuesta y banca participativa donde la Uni\u00f3n de Usuarios Viales ser\u00e1 parte efectuando un an\u00e1lisis y pedidos entorno a la seguridad vial local, regional y provincial. Como\u2026","rel":"","context":"En \u00abPol\u00edtica\u00bb","block_context":{"text":"Pol\u00edtica","link":"https:\/\/www.hoymercedes.com.ar\/principal\/category\/politica\/"},"img":{"alt_text":"","src":"https:\/\/i0.wp.com\/www.hoymercedes.com.ar\/principal\/wp-content\/uploads\/2015\/06\/hcs-22-2015.png?resize=350%2C200&ssl=1","width":350,"height":200,"srcset":"https:\/\/i0.wp.com\/www.hoymercedes.com.ar\/principal\/wp-content\/uploads\/2015\/06\/hcs-22-2015.png?resize=350%2C200&ssl=1 1x, https:\/\/i0.wp.com\/www.hoymercedes.com.ar\/principal\/wp-content\/uploads\/2015\/06\/hcs-22-2015.png?resize=525%2C300&ssl=1 1.5x"},"classes":[]},{"id":44869,"url":"https:\/\/www.hoymercedes.com.ar\/principal\/2015\/09\/28\/limpiezas-desmalezamientos-y-luminaria-copan-orden-del-dia-del-concejo-deliberante\/","url_meta":{"origin":41905,"position":1},"title":"Limpiezas, desmalezamientos y luminaria \u00abcopan\u00bb orden del d\u00eda del Concejo Deliberante","author":"hoymercedes","date":"28 septiembre, 2015","format":false,"excerpt":"Este lunes 28 se realiza una nueva sesi\u00f3n del Concejo Deliberante de Mercedes. Se estima ser\u00eda una r\u00e1pida sesi\u00f3n dado el orden del d\u00eda que est\u00e1 repleto de peque\u00f1as acciones propias de Servicios P\u00fablicos, como limpiezas, luminarias y desmalezamientos. En \u00e9pocas de campa\u00f1a lo que tratar\u00e1n en el concejo es\u2026","rel":"","context":"En \u00abPol\u00edtica\u00bb","block_context":{"text":"Pol\u00edtica","link":"https:\/\/www.hoymercedes.com.ar\/principal\/category\/politica\/"},"img":{"alt_text":"","src":"https:\/\/i0.wp.com\/www.hoymercedes.com.ar\/principal\/wp-content\/uploads\/2015\/09\/sesion-28.09.2015.jpg?resize=350%2C200&ssl=1","width":350,"height":200,"srcset":"https:\/\/i0.wp.com\/www.hoymercedes.com.ar\/principal\/wp-content\/uploads\/2015\/09\/sesion-28.09.2015.jpg?resize=350%2C200&ssl=1 1x, https:\/\/i0.wp.com\/www.hoymercedes.com.ar\/principal\/wp-content\/uploads\/2015\/09\/sesion-28.09.2015.jpg?resize=525%2C300&ssl=1 1.5x"},"classes":[]},{"id":37604,"url":"https:\/\/www.hoymercedes.com.ar\/principal\/2014\/11\/09\/orden-del-concejo-deliberante-completo\/","url_meta":{"origin":41905,"position":2},"title":"Orden del Concejo Deliberante completo","author":"hoymercedes","date":"9 noviembre, 2014","format":false,"excerpt":"Este lunes habr\u00e1 una nueva sesi\u00f3n del Concejo Deliberante de nuestra ciudad. Es la primera tras las graves inundaciones vividas. El orden del d\u00eda que los ediles tratar\u00e1n, como es habitual, incluye diversos temas, entre los cuales est\u00e1n pedidos de vecinos para mejoramientos de ingresos barriales, solicitud de mayor cobertura\u2026","rel":"","context":"En \u00abPol\u00edtica\u00bb","block_context":{"text":"Pol\u00edtica","link":"https:\/\/www.hoymercedes.com.ar\/principal\/category\/politica\/"},"img":{"alt_text":"","src":"","width":0,"height":0},"classes":[]},{"id":44526,"url":"https:\/\/www.hoymercedes.com.ar\/principal\/2015\/09\/13\/concejo-deliberante-con-variado-temario-conoce-el-orden-del-dia\/","url_meta":{"origin":41905,"position":3},"title":"Concejo Deliberante con variado temario: conoce el orden del d\u00eda","author":"hoymercedes","date":"13 septiembre, 2015","format":false,"excerpt":"Este lunes habr\u00e1 una nueva sesi\u00f3n de Concejo Deliberante con una variada agenda que, como siempre, incluye temas de importancia como otros que bien podr\u00edan ser dirigidos desde variados \u00e1mbitos institucionales aunque, claro, sin la resonancia pol\u00edtica que buscan quienes lo presentan para el debate parlamentario. En el orden del\u2026","rel":"","context":"En \u00abPol\u00edtica\u00bb","block_context":{"text":"Pol\u00edtica","link":"https:\/\/www.hoymercedes.com.ar\/principal\/category\/politica\/"},"img":{"alt_text":"","src":"https:\/\/i0.wp.com\/www.hoymercedes.com.ar\/principal\/wp-content\/uploads\/2014\/09\/ConcejoDeliberanteMercedes.jpg?resize=350%2C200&ssl=1","width":350,"height":200,"srcset":"https:\/\/i0.wp.com\/www.hoymercedes.com.ar\/principal\/wp-content\/uploads\/2014\/09\/ConcejoDeliberanteMercedes.jpg?resize=350%2C200&ssl=1 1x, https:\/\/i0.wp.com\/www.hoymercedes.com.ar\/principal\/wp-content\/uploads\/2014\/09\/ConcejoDeliberanteMercedes.jpg?resize=525%2C300&ssl=1 1.5x"},"classes":[]},{"id":35789,"url":"https:\/\/www.hoymercedes.com.ar\/principal\/2014\/09\/07\/que-tratara-el-concejo-lee-el-orden-del-dia-completo\/","url_meta":{"origin":41905,"position":4},"title":"\u00bfQu\u00e9 tratar\u00e1 el Concejo? Lee el orden del d\u00eda completo","author":"hoymercedes","date":"7 septiembre, 2014","format":false,"excerpt":"Conoc\u00e9 el orden del d\u00eda del Concejo Deliberante de Mercedes de \u00e9ste lunes. Se llevar\u00e1 una nueva sesi\u00f3n del Concejo Deliberante de nuestra ciudad. Como siempre desde las 19.00hs en el recinto de avenida 29 entre 24 y 26. Un amplio temario que incluye variadas tem\u00e1ticas, como ser algunas solicitudes\u2026","rel":"","context":"En \u00abPol\u00edtica\u00bb","block_context":{"text":"Pol\u00edtica","link":"https:\/\/www.hoymercedes.com.ar\/principal\/category\/politica\/"},"img":{"alt_text":"ConcejoDeliberanteMercedes","src":"https:\/\/i0.wp.com\/www.hoymercedes.com.ar\/principal\/wp-content\/uploads\/2014\/09\/ConcejoDeliberanteMercedes.jpg?resize=350%2C200","width":350,"height":200,"srcset":"https:\/\/i0.wp.com\/www.hoymercedes.com.ar\/principal\/wp-content\/uploads\/2014\/09\/ConcejoDeliberanteMercedes.jpg?resize=350%2C200 1x, https:\/\/i0.wp.com\/www.hoymercedes.com.ar\/principal\/wp-content\/uploads\/2014\/09\/ConcejoDeliberanteMercedes.jpg?resize=525%2C300 1.5x"},"classes":[]},{"id":37949,"url":"https:\/\/www.hoymercedes.com.ar\/principal\/2014\/11\/23\/ultima-sesion-del-ano-del-h-c-d-orden-del-dia-completo\/","url_meta":{"origin":41905,"position":5},"title":"\u00daltima sesi\u00f3n del a\u00f1o del H.C.D: orden del d\u00eda completo","author":"hoymercedes","date":"23 noviembre, 2014","format":false,"excerpt":"Este martes habr\u00e1 una nueva sesi\u00f3n del Concejo Deliberante de Mercedes y tendr\u00e1 como escenario la localidad de Tom\u00e1s Jofr\u00e9. Es la \u00faltima del cronograma ordinario, aunque, se espera contar con alguna extraordinaria. El temario es extenso y tiene temas de inter\u00e9s ciudadano, como es habitual, ya que justamente legislar\u00e1n\u2026","rel":"","context":"En \u00abPol\u00edtica\u00bb","block_context":{"text":"Pol\u00edtica","link":"https:\/\/www.hoymercedes.com.ar\/principal\/category\/politica\/"},"img":{"alt_text":"","src":"","width":0,"height":0},"classes":[]}],"_links":{"self":[{"href":"https:\/\/www.hoymercedes.com.ar\/principal\/wp-json\/wp\/v2\/posts\/41905","targetHints":{"allow":["GET"]}}],"collection":[{"href":"https:\/\/www.hoymercedes.com.ar\/principal\/wp-json\/wp\/v2\/posts"}],"about":[{"href":"https:\/\/www.hoymercedes.com.ar\/principal\/wp-json\/wp\/v2\/types\/post"}],"author":[{"embeddable":true,"href":"https:\/\/www.hoymercedes.com.ar\/principal\/wp-json\/wp\/v2\/users\/1"}],"replies":[{"embeddable":true,"href":"https:\/\/www.hoymercedes.com.ar\/principal\/wp-json\/wp\/v2\/comments?post=41905"}],"version-history":[{"count":0,"href":"https:\/\/www.hoymercedes.com.ar\/principal\/wp-json\/wp\/v2\/posts\/41905\/revisions"}],"wp:featuredmedia":[{"embeddable":true,"href":"https:\/\/www.hoymercedes.com.ar\/principal\/wp-json\/wp\/v2\/media\/41907"}],"wp:attachment":[{"href":"https:\/\/www.hoymercedes.com.ar\/principal\/wp-json\/wp\/v2\/media?parent=41905"}],"wp:term":[{"taxonomy":"category","embeddable":true,"href":"https:\/\/www.hoymercedes.com.ar\/principal\/wp-json\/wp\/v2\/categories?post=41905"},{"taxonomy":"post_tag","embeddable":true,"href":"https:\/\/www.hoymercedes.com.ar\/principal\/wp-json\/wp\/v2\/tags?post=41905"}],"curies":[{"name":"wp","href":"https:\/\/api.w.org\/{rel}","templated":true}]}}