{"id":41912,"date":"2015-05-25T20:29:54","date_gmt":"2015-05-25T23:29:54","guid":{"rendered":"http:\/\/www.hoymercedes.com.ar\/principal\/?p=41912"},"modified":"2015-05-27T23:24:35","modified_gmt":"2015-05-28T02:24:35","slug":"los-socialistas-para-la-victoria-se-suman-al-fmpv-con-la-presencia-de-jorge-rivas","status":"publish","type":"post","link":"https:\/\/www.hoymercedes.com.ar\/principal\/2015\/05\/25\/los-socialistas-para-la-victoria-se-suman-al-fmpv-con-la-presencia-de-jorge-rivas\/","title":{"rendered":"Los Socialistas para la Victoria se suman al FMpV con la presencia de Jorge Rivas"},"content":{"rendered":"<p><a href=\"https:\/\/www.hoymercedes.com.ar\/principal\/wp-content\/uploads\/2015\/05\/jorgerivas.jpg\"><img loading=\"lazy\" decoding=\"async\" data-attachment-id=\"41913\" data-permalink=\"https:\/\/www.hoymercedes.com.ar\/principal\/2015\/05\/25\/los-socialistas-para-la-victoria-se-suman-al-fmpv-con-la-presencia-de-jorge-rivas\/jorgerivas\/#main\" data-orig-file=\"https:\/\/www.hoymercedes.com.ar\/principal\/wp-content\/uploads\/2015\/05\/jorgerivas.jpg\" data-orig-size=\"620,378\" data-comments-opened=\"1\" data-image-meta=\"{&quot;aperture&quot;:&quot;0&quot;,&quot;credit&quot;:&quot;&quot;,&quot;camera&quot;:&quot;&quot;,&quot;caption&quot;:&quot;&quot;,&quot;created_timestamp&quot;:&quot;0&quot;,&quot;copyright&quot;:&quot;&quot;,&quot;focal_length&quot;:&quot;0&quot;,&quot;iso&quot;:&quot;0&quot;,&quot;shutter_speed&quot;:&quot;0&quot;,&quot;title&quot;:&quot;&quot;,&quot;orientation&quot;:&quot;0&quot;}\" data-image-title=\"jorgerivas\" data-image-description=\"\" data-image-caption=\"\" data-large-file=\"https:\/\/www.hoymercedes.com.ar\/principal\/wp-content\/uploads\/2015\/05\/jorgerivas.jpg\" class=\"Img2014 aligncenter wp-image-41913 size-full\" title=\"Jorge Rivas, Socialismo para la Victoria \" src=\"https:\/\/www.hoymercedes.com.ar\/principal\/wp-content\/uploads\/2015\/05\/jorgerivas.jpg\" alt=\"jorgerivas\" width=\"620\" height=\"378\" srcset=\"https:\/\/www.hoymercedes.com.ar\/principal\/wp-content\/uploads\/2015\/05\/jorgerivas.jpg 620w, https:\/\/www.hoymercedes.com.ar\/principal\/wp-content\/uploads\/2015\/05\/jorgerivas-150x91.jpg 150w, https:\/\/www.hoymercedes.com.ar\/principal\/wp-content\/uploads\/2015\/05\/jorgerivas-290x177.jpg 290w, https:\/\/www.hoymercedes.com.ar\/principal\/wp-content\/uploads\/2015\/05\/jorgerivas-50x30.jpg 50w\" sizes=\"auto, (max-width: 620px) 100vw, 620px\" \/><\/a><\/p>\n<p><em><strong>Este viernes 29 de mayo, a las 18 hs en el Club Comunicaciones (28 e 31 y 33) se llevar\u00e1 adelante un acto de unificaci\u00f3n de la Unidad Socialista para la Victoria al Frente Mercedino para la Victoria y apoyo de estos a la candidatura de Juani Ustarroz a la intendencia de Mercedes.\u00a0<\/strong><\/em><\/p>\n<p>\u00abEn el marco del trabajo conjunto que se viene desarrollando\u00a0y frente a una realidad local que nos preocupa,\u00a0estamos convencidos que necesitamos fortalecer la unidad de los militantes del campo popular,\u00a0trabajando para\u00a0consolidar los logros conquistados en estos \u00faltimos a\u00f1os por el gobierno nacional y avanzar en la profundizaci\u00f3n de estos cambios hacia una sociedad mas igualitaria que se vea traducida en nuestra ciudad, por lo que la formalizaci\u00f3n de nuestra inclusi\u00f3n al Frente Mercedino para la Victoria, conducido por el compa\u00f1ero Juan Ignacio Ustarroz, viene a consolidar lazos que se vienen construyendo desde hace meses.\u00bb<\/p>\n<p>El acto contar\u00e1 con la participaci\u00f3n del Diputado Nacional y Referente de la Unidad Socialista para la Victoria Jorge Rivas, quien fuera el impulsor del acercamiento de los Socialistas al Frente para la Victoria quien respecto a este acto manifest\u00f3\u00a0\u00abdesde el socialismo K se va a apoyar las \u00abtransformaciones\u00bb encaradas por Cristina Fern\u00e1ndez de Kirchner y que en Mercedes representa Juani Ustarroz. A su vez dijo que \u00abno tenemos ning\u00fan temor a perder nuestra identidad, ni nuestra autonom\u00eda, porque de lo que estamos completamente seguros es de que no tenemos vocaci\u00f3n de comentaristas pol\u00edticos, ni queremos ser parte de una izquierda de culto, sino que elegimos embarrarnos en la construcci\u00f3n diaria de un pa\u00eds m\u00e1s justo, como nuestro aporte militante para vivir en un mundo mejor. No creemos que nuestro rol como militantes de izquierda sea el de constituirnos en tutores o celosos guardianes del purismo ideol\u00f3gico, sino el de ir subiendo el list\u00f3n de las demandas sociales y aportar nuestro esfuerzo para ayudar a remover los obst\u00e1culos que se oponen al avance de la clase trabajadora\u201d, agreg\u00f3.<\/p>\n<p>Tanto el FMpV como nosotros, apostamos a la construcci\u00f3n colectiva de una ciudad mas inclusiva y para ello es que decidimos sumarnos a los equipos de trabajo, porque consideramos que para gobernar hay que estar preparados, y en eso el frente viene desarrollando tareas desde hace cuatro a\u00f1os, abriendo el espacio y permitiendo sumar nuevas voces a esa construcci\u00f3n.<\/p>\n<p>En este acto venimos a confirmar todo nuestro apoyo y aporte militante para que Juan Ignacio Ustarroz sea intendente de nuestra ciudad, porque consideramos que es quien expresa el recambio generacional con los conocimientos y herramientas pol\u00edticas necesarias que nuestra ciudad necesita.<\/p>\n<p>&nbsp;<\/p>\n<p>&nbsp;<\/p>\n<p>&nbsp;<\/p>\n<p>&nbsp;<\/p>\n","protected":false},"excerpt":{"rendered":"<p>Este viernes 29 de mayo, a las 18 hs en el Club Comunicaciones (28 e 31 y 33) se llevar\u00e1 &#8230; <a title=\"Los Socialistas para la Victoria se suman al FMpV con la presencia de Jorge Rivas\" class=\"read-more\" href=\"https:\/\/www.hoymercedes.com.ar\/principal\/2015\/05\/25\/los-socialistas-para-la-victoria-se-suman-al-fmpv-con-la-presencia-de-jorge-rivas\/\" aria-label=\"Leer m\u00e1s sobre Los Socialistas para la Victoria se suman al FMpV con la presencia de Jorge Rivas\">Leer m\u00e1s<\/a><\/p>\n","protected":false},"author":1,"featured_media":41913,"comment_status":"open","ping_status":"open","sticky":false,"template":"","format":"standard","meta":{"_monsterinsights_skip_tracking":false,"_monsterinsights_sitenote_active":false,"_monsterinsights_sitenote_note":"","_monsterinsights_sitenote_category":0,"jetpack_post_was_ever_published":false,"_jetpack_newsletter_access":"","_jetpack_dont_email_post_to_subs":false,"_jetpack_newsletter_tier_id":0,"_jetpack_memberships_contains_paywalled_content":false,"_jetpack_memberships_contains_paid_content":false,"footnotes":"","jetpack_publicize_message":"","jetpack_publicize_feature_enabled":true,"jetpack_social_post_already_shared":true,"jetpack_social_options":{"image_generator_settings":{"template":"highway","default_image_id":0,"font":"","enabled":false},"version":2},"_wpas_customize_per_network":false},"categories":[5],"tags":[7376,7031],"class_list":["post-41912","post","type-post","status-publish","format-standard","has-post-thumbnail","hentry","category-politica","tag-jorge-rivas","tag-socialismo-para-la-victoria","generate-columns","tablet-grid-50","mobile-grid-100","grid-parent","grid-50"],"jetpack_publicize_connections":[],"jetpack_featured_media_url":"https:\/\/www.hoymercedes.com.ar\/principal\/wp-content\/uploads\/2015\/05\/jorgerivas.jpg","wps_subtitle":"Elecciones 201 ","jetpack_sharing_enabled":true,"jetpack-related-posts":[{"id":42054,"url":"https:\/\/www.hoymercedes.com.ar\/principal\/2015\/05\/30\/jorge-rivas-en-mercedes-y-presentacion-de-adhesion-del-socialismo-para-la-victoria-al-fmpv\/","url_meta":{"origin":41912,"position":0},"title":"Jorge Rivas en Mercedes y presentaci\u00f3n de adhesi\u00f3n del Socialismo para la Victoria al FMPV","author":"hoymercedes","date":"30 mayo, 2015","format":false,"excerpt":"Se llev\u00f3 a cabo el pasado viernes el acto oficial de adhesi\u00f3n por parte del Socialismo para la Victoria a la figura de Juan Ustarroz como candidato a intendente y al Frente para la Victoria como f\u00f3rmula partidario electoral con la presencia del referente nacional y Diputado Nacional Jorge Rivas.\u2026","rel":"","context":"En \u00abPol\u00edtica\u00bb","block_context":{"text":"Pol\u00edtica","link":"https:\/\/www.hoymercedes.com.ar\/principal\/category\/politica\/"},"img":{"alt_text":"","src":"https:\/\/i0.wp.com\/www.hoymercedes.com.ar\/principal\/wp-content\/uploads\/2015\/05\/JorgeRivas-JoseLuisPisano-JuanUstarroz.jpg?resize=350%2C200&ssl=1","width":350,"height":200,"srcset":"https:\/\/i0.wp.com\/www.hoymercedes.com.ar\/principal\/wp-content\/uploads\/2015\/05\/JorgeRivas-JoseLuisPisano-JuanUstarroz.jpg?resize=350%2C200&ssl=1 1x, https:\/\/i0.wp.com\/www.hoymercedes.com.ar\/principal\/wp-content\/uploads\/2015\/05\/JorgeRivas-JoseLuisPisano-JuanUstarroz.jpg?resize=525%2C300&ssl=1 1.5x"},"classes":[]},{"id":57145,"url":"https:\/\/www.hoymercedes.com.ar\/principal\/2016\/11\/17\/jorge-rivas-vuelve-a-mercedes-a-presentar-un-nuevo-libro\/","url_meta":{"origin":41912,"position":1},"title":"Jorge Rivas vuelve a Mercedes a presentar un nuevo libro","author":"hoymercedes","date":"17 noviembre, 2016","format":false,"excerpt":"Jorge Rivas presentar\u00e1 su libro en Mercedes el pr\u00f3ximo s\u00e1bado 19 de noviembre, a las 18. Dicho d\u00eda se realizar\u00e1 una jornada en el marco de la presentaci\u00f3n del libro del Diputado (mandato cumplido) y m\u00e1ximo referente del Socialismo para la Victoria Jorge Rivas. El patio de la Casa del\u2026","rel":"","context":"En \u00abPol\u00edtica\u00bb","block_context":{"text":"Pol\u00edtica","link":"https:\/\/www.hoymercedes.com.ar\/principal\/category\/politica\/"},"img":{"alt_text":"","src":"https:\/\/i0.wp.com\/www.hoymercedes.com.ar\/principal\/wp-content\/uploads\/2016\/11\/17-rivas-archivo.jpg?resize=350%2C200&ssl=1","width":350,"height":200,"srcset":"https:\/\/i0.wp.com\/www.hoymercedes.com.ar\/principal\/wp-content\/uploads\/2016\/11\/17-rivas-archivo.jpg?resize=350%2C200&ssl=1 1x, https:\/\/i0.wp.com\/www.hoymercedes.com.ar\/principal\/wp-content\/uploads\/2016\/11\/17-rivas-archivo.jpg?resize=525%2C300&ssl=1 1.5x"},"classes":[]},{"id":39866,"url":"https:\/\/www.hoymercedes.com.ar\/principal\/2015\/03\/02\/todo-listo-para-presentar-el-socialismo-para-la-victoria-en-mercedes\/","url_meta":{"origin":41912,"position":2},"title":"Todo listo para presentar el \u201cSocialismo para la Victoria\u201d en Mercedes","author":"hoymercedes","date":"2 marzo, 2015","format":false,"excerpt":"Una nueva y renovada expresi\u00f3n pol\u00edtica se presentar\u00eda esta semana en Mercedes. Ser\u00eda nada m\u00e1s y nada menos que la cristalizaci\u00f3n del \u201cSocialismo para la Victoria\u201d, una expresi\u00f3n desde la izquierda que apoya determinadas medidas llevadas adelante por el Gobierno Nacional. La acci\u00f3n pol\u00edtica estar\u00eda encabezada por el reconocido dirigente\u2026","rel":"","context":"En \u00abPol\u00edtica\u00bb","block_context":{"text":"Pol\u00edtica","link":"https:\/\/www.hoymercedes.com.ar\/principal\/category\/politica\/"},"img":{"alt_text":"Socialismo-Para-La-Victoria","src":"https:\/\/i0.wp.com\/www.hoymercedes.com.ar\/principal\/wp-content\/uploads\/2015\/03\/Socialismo-Para-La-Victoria.jpg?resize=350%2C200","width":350,"height":200,"srcset":"https:\/\/i0.wp.com\/www.hoymercedes.com.ar\/principal\/wp-content\/uploads\/2015\/03\/Socialismo-Para-La-Victoria.jpg?resize=350%2C200 1x, https:\/\/i0.wp.com\/www.hoymercedes.com.ar\/principal\/wp-content\/uploads\/2015\/03\/Socialismo-Para-La-Victoria.jpg?resize=525%2C300 1.5x"},"classes":[]},{"id":126946,"url":"https:\/\/www.hoymercedes.com.ar\/principal\/2021\/03\/26\/mario-rivas-generamos-una-ruptura-del-status-quo\/","url_meta":{"origin":41912,"position":3},"title":"Mario Rivas: \u00abGeneramos una ruptura del status quo\u00bb","author":"hoymercedes","date":"26 marzo, 2021","format":false,"excerpt":"Luego de la aplastante victoria lograda en Mercedes, el armador provincial de Mart\u00edn Lousteau y Gustavo Posse, Mario Rivas, saca pecho y afirma \"seremos la fuerza que conduzca el pr\u00f3ximo Comit\u00e9 Nacional\". \"La combinaci\u00f3n de convicciones, audacia y creatividad hacen que las iniciativas que impulsanos desde evoluci\u00f3n radical generen un\u2026","rel":"","context":"En \u00abPol\u00edtica\u00bb","block_context":{"text":"Pol\u00edtica","link":"https:\/\/www.hoymercedes.com.ar\/principal\/category\/politica\/"},"img":{"alt_text":"","src":"https:\/\/i0.wp.com\/www.hoymercedes.com.ar\/principal\/wp-content\/uploads\/2021\/03\/18-mario-rivas.jpeg?resize=350%2C200&ssl=1","width":350,"height":200,"srcset":"https:\/\/i0.wp.com\/www.hoymercedes.com.ar\/principal\/wp-content\/uploads\/2021\/03\/18-mario-rivas.jpeg?resize=350%2C200&ssl=1 1x, https:\/\/i0.wp.com\/www.hoymercedes.com.ar\/principal\/wp-content\/uploads\/2021\/03\/18-mario-rivas.jpeg?resize=525%2C300&ssl=1 1.5x, https:\/\/i0.wp.com\/www.hoymercedes.com.ar\/principal\/wp-content\/uploads\/2021\/03\/18-mario-rivas.jpeg?resize=700%2C400&ssl=1 2x"},"classes":[]},{"id":40034,"url":"https:\/\/www.hoymercedes.com.ar\/principal\/2015\/03\/10\/presentacion-de-socialistas-para-la-victoria-con-referentes-nacionales\/","url_meta":{"origin":41912,"position":4},"title":"Presentaci\u00f3n de \u00abSocialistas para la Victoria\u00bb con referentes nacionales","author":"hoymercedes","date":"10 marzo, 2015","format":false,"excerpt":"Este mi\u00e9rcoles se efectuar\u00e1 el lanzamiento oficial de \"Socialistas para la Victoria\" en Mercedes. Ser\u00e1 en un acto en Casa del Pueblo, donde habr\u00e1 referentes nacionales, presentaci\u00f3n de un libro, recuerdo a grandes luchadores y exposici\u00f3n de los motivos pol\u00edticos que los llevan a determinadas adhesiones. Desde el espacio expresaron:\u2026","rel":"","context":"En \u00abPol\u00edtica\u00bb","block_context":{"text":"Pol\u00edtica","link":"https:\/\/www.hoymercedes.com.ar\/principal\/category\/politica\/"},"img":{"alt_text":"SocialismoParalaVictoria","src":"https:\/\/i0.wp.com\/www.hoymercedes.com.ar\/principal\/wp-content\/uploads\/2015\/03\/SocialismoParalaVictoria.jpg?resize=350%2C200","width":350,"height":200,"srcset":"https:\/\/i0.wp.com\/www.hoymercedes.com.ar\/principal\/wp-content\/uploads\/2015\/03\/SocialismoParalaVictoria.jpg?resize=350%2C200 1x, https:\/\/i0.wp.com\/www.hoymercedes.com.ar\/principal\/wp-content\/uploads\/2015\/03\/SocialismoParalaVictoria.jpg?resize=525%2C300 1.5x"},"classes":[]},{"id":101853,"url":"https:\/\/www.hoymercedes.com.ar\/principal\/2019\/10\/28\/de-paola-reconocio-la-derrota-y-saludo-a-ustarroz\/","url_meta":{"origin":41912,"position":5},"title":"De Paola reconoci\u00f3 la derrota y salud\u00f3 a Ustarroz","author":"hoymercedes","date":"28 octubre, 2019","format":false,"excerpt":"La candidata de Juntos por el Cambo reconoci\u00f3 en la noche del domingo la victoria del actual intendente Ustarroz y se acerc\u00f3 al espacio de 29 y 38 a saludar a Ustarroz. De Paola visita Como es tradici\u00f3n el perdedor saluda a quien gana y en este caso la candidata\u2026","rel":"","context":"En \u00abPol\u00edtica\u00bb","block_context":{"text":"Pol\u00edtica","link":"https:\/\/www.hoymercedes.com.ar\/principal\/category\/politica\/"},"img":{"alt_text":"","src":"https:\/\/i0.wp.com\/www.hoymercedes.com.ar\/principal\/wp-content\/uploads\/2019\/10\/DSC_3736.jpg?resize=350%2C200&ssl=1","width":350,"height":200,"srcset":"https:\/\/i0.wp.com\/www.hoymercedes.com.ar\/principal\/wp-content\/uploads\/2019\/10\/DSC_3736.jpg?resize=350%2C200&ssl=1 1x, https:\/\/i0.wp.com\/www.hoymercedes.com.ar\/principal\/wp-content\/uploads\/2019\/10\/DSC_3736.jpg?resize=525%2C300&ssl=1 1.5x, https:\/\/i0.wp.com\/www.hoymercedes.com.ar\/principal\/wp-content\/uploads\/2019\/10\/DSC_3736.jpg?resize=700%2C400&ssl=1 2x, https:\/\/i0.wp.com\/www.hoymercedes.com.ar\/principal\/wp-content\/uploads\/2019\/10\/DSC_3736.jpg?resize=1050%2C600&ssl=1 3x"},"classes":[]}],"_links":{"self":[{"href":"https:\/\/www.hoymercedes.com.ar\/principal\/wp-json\/wp\/v2\/posts\/41912","targetHints":{"allow":["GET"]}}],"collection":[{"href":"https:\/\/www.hoymercedes.com.ar\/principal\/wp-json\/wp\/v2\/posts"}],"about":[{"href":"https:\/\/www.hoymercedes.com.ar\/principal\/wp-json\/wp\/v2\/types\/post"}],"author":[{"embeddable":true,"href":"https:\/\/www.hoymercedes.com.ar\/principal\/wp-json\/wp\/v2\/users\/1"}],"replies":[{"embeddable":true,"href":"https:\/\/www.hoymercedes.com.ar\/principal\/wp-json\/wp\/v2\/comments?post=41912"}],"version-history":[{"count":0,"href":"https:\/\/www.hoymercedes.com.ar\/principal\/wp-json\/wp\/v2\/posts\/41912\/revisions"}],"wp:featuredmedia":[{"embeddable":true,"href":"https:\/\/www.hoymercedes.com.ar\/principal\/wp-json\/wp\/v2\/media\/41913"}],"wp:attachment":[{"href":"https:\/\/www.hoymercedes.com.ar\/principal\/wp-json\/wp\/v2\/media?parent=41912"}],"wp:term":[{"taxonomy":"category","embeddable":true,"href":"https:\/\/www.hoymercedes.com.ar\/principal\/wp-json\/wp\/v2\/categories?post=41912"},{"taxonomy":"post_tag","embeddable":true,"href":"https:\/\/www.hoymercedes.com.ar\/principal\/wp-json\/wp\/v2\/tags?post=41912"}],"curies":[{"name":"wp","href":"https:\/\/api.w.org\/{rel}","templated":true}]}}