{"id":41932,"date":"2015-05-26T20:16:49","date_gmt":"2015-05-26T23:16:49","guid":{"rendered":"http:\/\/www.hoymercedes.com.ar\/principal\/?p=41932"},"modified":"2015-06-23T13:48:21","modified_gmt":"2015-06-23T16:48:21","slug":"arizio-y-selva-anunciaron-nueva-carrera-universitaria-completa-de-la-unlu-en-mercedes","status":"publish","type":"post","link":"https:\/\/www.hoymercedes.com.ar\/principal\/2015\/05\/26\/arizio-y-selva-anunciaron-nueva-carrera-universitaria-completa-de-la-unlu-en-mercedes\/","title":{"rendered":"Arizio y Selva anunciaron nueva carrera universitaria completa de la UNLu en  Mercedes"},"content":{"rendered":"<p style=\"padding-left: 30px;\"><a href=\"https:\/\/www.hoymercedes.com.ar\/principal\/wp-content\/uploads\/2015\/05\/ustarroz-selva-arizio.jpg\"><img loading=\"lazy\" decoding=\"async\" data-attachment-id=\"41933\" data-permalink=\"https:\/\/www.hoymercedes.com.ar\/principal\/2015\/05\/26\/arizio-y-selva-anunciaron-nueva-carrera-universitaria-completa-de-la-unlu-en-mercedes\/ustarroz-selva-arizio\/#main\" data-orig-file=\"https:\/\/www.hoymercedes.com.ar\/principal\/wp-content\/uploads\/2015\/05\/ustarroz-selva-arizio.jpg\" data-orig-size=\"620,353\" data-comments-opened=\"1\" data-image-meta=\"{&quot;aperture&quot;:&quot;0&quot;,&quot;credit&quot;:&quot;&quot;,&quot;camera&quot;:&quot;&quot;,&quot;caption&quot;:&quot;&quot;,&quot;created_timestamp&quot;:&quot;0&quot;,&quot;copyright&quot;:&quot;&quot;,&quot;focal_length&quot;:&quot;0&quot;,&quot;iso&quot;:&quot;0&quot;,&quot;shutter_speed&quot;:&quot;0&quot;,&quot;title&quot;:&quot;&quot;,&quot;orientation&quot;:&quot;0&quot;}\" data-image-title=\"ustarroz-selva-arizio\" data-image-description=\"\" data-image-caption=\"\" data-large-file=\"https:\/\/www.hoymercedes.com.ar\/principal\/wp-content\/uploads\/2015\/05\/ustarroz-selva-arizio.jpg\" class=\"Img2014 aligncenter wp-image-41933 size-full\" title=\"Osvaldo ARIZIO, carlos selva, juan ustarroz\" src=\"https:\/\/www.hoymercedes.com.ar\/principal\/wp-content\/uploads\/2015\/05\/ustarroz-selva-arizio.jpg\" alt=\"ustarroz-selva-arizio\" width=\"620\" height=\"353\" srcset=\"https:\/\/www.hoymercedes.com.ar\/principal\/wp-content\/uploads\/2015\/05\/ustarroz-selva-arizio.jpg 620w, https:\/\/www.hoymercedes.com.ar\/principal\/wp-content\/uploads\/2015\/05\/ustarroz-selva-arizio-150x85.jpg 150w, https:\/\/www.hoymercedes.com.ar\/principal\/wp-content\/uploads\/2015\/05\/ustarroz-selva-arizio-290x165.jpg 290w, https:\/\/www.hoymercedes.com.ar\/principal\/wp-content\/uploads\/2015\/05\/ustarroz-selva-arizio-50x28.jpg 50w\" sizes=\"auto, (max-width: 620px) 100vw, 620px\" \/><\/a><\/p>\n<p><strong><em>Se llev\u00f3 a cabo la firma entre la Universidad Nacional de Luj\u00e1n y la Municipalidad de Mercedes que permitir\u00e1 lanzar una nueva carrera universitaria en nuestra ciudad. Se trata de la \u201cTecnicatura en Sistemas de la Informaci\u00f3n\u201d que solemos llamar \u201cInform\u00e1tica\u201d y ser\u00e1 desde el segundo cuatrimestre de 2015.<\/em><\/strong><\/p>\n<p>La carrera ser\u00e1 a t\u00e9rmico con una duraci\u00f3n de 3 a\u00f1os y medio. Desde el 1 de junio se genera un proceso de difusi\u00f3n e informaci\u00f3n a los interesados y a partir del 15 de junio se abre formalmente la inscripci\u00f3n.<\/p>\n<p>El intendente Carlos Selva coment\u00f3: \u201cen base a un relevamiento, donde particip\u00f3 la Secretar\u00eda de Pol\u00edticas Universitarias que ser\u00e1 qui\u00e9n financie y con gestiones del Concejal Ustarroz para que dicho dinero arribe contaremos con una nueva carrera universitaria en nuestra ciudad con la responsabilidad acad\u00e9mica de la Universidad Nacional de Luj\u00e1n y por eso nos acompa\u00f1a el Se\u00f1or Rector. Abre una nueva expectativa para los j\u00f3venes y no tan j\u00f3venes que deseen cursar una carrera a t\u00e9rmino y adem\u00e1s un convenio de algo que hemos venido teniendo con respecto a una encuesta joven que se diagram\u00f3 con los equipos t\u00e9cnicos de la universidad y nos ha realmente impactado para bien, el enfoque y las actividades que se har\u00e1n desde el \u00e1rea de Pol\u00edtica Juveniles de la Municipalidad\u201d, sostuvo el intendente Selva a la hora del anuncio.<\/p>\n<p>El Ingeniero Osvaldo Arizio, rector de la Universidad Nacional de Luj\u00e1n expres\u00f3: \u201cRealmente creo que estamos reforzando las actividades que la Universidad viene desarrollando con el municipio. El a\u00f1o pasado dec\u00edamos que no pod\u00edamos seguir repiti\u00e9ndonos dando el primer a\u00f1o de la carrera de Administraci\u00f3n y surg\u00eda la posibilidad de tener una oferta a t\u00e9rmino aprovechando el financiamiento de la SPU para Centros Regionales de Educaci\u00f3n Superior y con la anuencia de Ustarroz hemos podido conseguir el financiamiento para lanzar una tecnicatura en el \u00e1rea de Sistemas y ser\u00e1 por tres a\u00f1os y medio dejando el camino para terminar la licenciatura en la Sede Central de la Universidad. Es una oferta acad\u00e9mica que tiene una ampl\u00edsima perspectiva laboral donde desde segundo a\u00f1o normalmente los estudiantes encuentran una salida y terminan su carrera, pero, ya trabajando de lo que estudian. Si bien hemos dado de baja la oferta del primer a\u00f1o de Administraci\u00f3n que se ven\u00eda dando desde hace casi 15 a\u00f1os estamos trabajando con algo de mucho mayor nivel dado que ser\u00e1 completa y no quita que en los a\u00f1os sucesivos empezar con otras ofertas a t\u00e9rminos con el objetivo de no repetirnos ni saturar demanda ofreciendo carreras a t\u00e9rmino como \u00e9sta tecnicatura que implica que en Mercedes pueda terminar al menos la mitad de la carrera de grado en su ciudad, Es parte del compromiso que todos tenemos de llevar la Educaci\u00f3n Superior a cada uno de los rincones, como un derecho humano y social.\u201d<\/p>\n<p>Juan Ustarroz, por su parte, coment\u00f3: \u201cnosotros estamos contentos de formar parte de \u00e9ste convenio. Estamos hablando de una pata fundamental que es el Estado Nacional a trav\u00e9s de la Secretar\u00eda de Pol\u00edticas Universitarias y de la inversi\u00f3n de m\u00e1s de 3 millones de pesos para que se pueda llevar \u00e9sta carrera. Como bien dec\u00eda el rector de la UNLu casi un a\u00f1o de trabajo y gestiones en conjunto con el intendente, con el rector y que nuestro espacio a trav\u00e9s de \u201cWado\u201d De Pedro que ha facilitado que hoy lleguemos en tiempo y en forma para poder decirle a los j\u00f3venes y a todos los que quieran inscribirse en esta importante carrera que tiene que ver con el desarrollo, con capacitar a los recursos humanos de nuestra ciudad y generar un perfil cuantitativa y cualitativa superior y donde tambi\u00e9n tendr\u00e1n una amplia salida laboral. La idea es siempre facilitar, aportar y trabajar en unidad para la ciudad\u201d, sostuvo el edil del Frente Mercedino<\/p>\n<p><strong>La carrera<\/strong><\/p>\n<p>Del 1 al 15 de junio habr\u00e1 un proceso de informaci\u00f3n. Desde el 15 de junio se realizar\u00e1 la inscripci\u00f3n. Se dictar\u00e1 en el Centro Regional Universitario de Mercedes. Se llama \u201cTecnicatura en Sistemas de Informaci\u00f3n\u201d y tiene amplia salida laboral.<\/p>\n<p><strong>Incumbencias<\/strong><\/p>\n<p>Trabajar en dise\u00f1o de redes, en operaciones inform\u00e1ticas, en planificaci\u00f3n de programas y proyectos, en desarrollo de software. Planificar, dirigir y realizar el relevamiento y an\u00e1lisis de las necesidades de informaci\u00f3n de una organizaci\u00f3n con la finalidad de desarrollar proyectos de dise\u00f1o de Sistemas de Informaci\u00f3n asociados, Asesorar en materia de responsabilidad social en las organizaciones, interviniendo en la evaluaci\u00f3n de los impactos de las decisiones de los emprendimiento relativas a Sistemas de Informaci\u00f3n y Tecnolog\u00eda Inform\u00e1tica y sobre las medidas posibles para preservar la calidad de vida y el medio ambiente, entre otras.<\/p>\n<p>&nbsp;<\/p>\n<p>&nbsp;<\/p>\n<p>&nbsp;<\/p>\n<p>&nbsp;<\/p>\n","protected":false},"excerpt":{"rendered":"<p>Se llev\u00f3 a cabo la firma entre la Universidad Nacional de Luj\u00e1n y la Municipalidad de Mercedes que permitir\u00e1 lanzar &#8230; <a title=\"Arizio y Selva anunciaron nueva carrera universitaria completa de la UNLu en  Mercedes\" class=\"read-more\" href=\"https:\/\/www.hoymercedes.com.ar\/principal\/2015\/05\/26\/arizio-y-selva-anunciaron-nueva-carrera-universitaria-completa-de-la-unlu-en-mercedes\/\" aria-label=\"Leer m\u00e1s sobre Arizio y Selva anunciaron nueva carrera universitaria completa de la UNLu en  Mercedes\">Leer m\u00e1s<\/a><\/p>\n","protected":false},"author":1,"featured_media":41933,"comment_status":"open","ping_status":"open","sticky":false,"template":"","format":"standard","meta":{"_monsterinsights_skip_tracking":false,"_monsterinsights_sitenote_active":false,"_monsterinsights_sitenote_note":"","_monsterinsights_sitenote_category":0,"jetpack_post_was_ever_published":false,"_jetpack_newsletter_access":"","_jetpack_dont_email_post_to_subs":false,"_jetpack_newsletter_tier_id":0,"_jetpack_memberships_contains_paywalled_content":false,"_jetpack_memberships_contains_paid_content":false,"footnotes":"","jetpack_publicize_message":"","jetpack_publicize_feature_enabled":true,"jetpack_social_post_already_shared":true,"jetpack_social_options":{"image_generator_settings":{"template":"highway","default_image_id":0,"font":"","enabled":false},"version":2},"_wpas_customize_per_network":false},"categories":[23],"tags":[39,7380,585,120,54],"class_list":["post-41932","post","type-post","status-publish","format-standard","has-post-thumbnail","hentry","category-educacion","tag-carlos-selva","tag-ing-osvaldo-arizio","tag-juan-ustarroz","tag-universidad-nacional-de-lujan","tag-unlu","generate-columns","tablet-grid-50","mobile-grid-100","grid-parent","grid-50"],"jetpack_publicize_connections":[],"jetpack_featured_media_url":"https:\/\/www.hoymercedes.com.ar\/principal\/wp-content\/uploads\/2015\/05\/ustarroz-selva-arizio.jpg","wps_subtitle":"Beneficio para los mercedinos ","jetpack_sharing_enabled":true,"_links":{"self":[{"href":"https:\/\/www.hoymercedes.com.ar\/principal\/wp-json\/wp\/v2\/posts\/41932","targetHints":{"allow":["GET"]}}],"collection":[{"href":"https:\/\/www.hoymercedes.com.ar\/principal\/wp-json\/wp\/v2\/posts"}],"about":[{"href":"https:\/\/www.hoymercedes.com.ar\/principal\/wp-json\/wp\/v2\/types\/post"}],"author":[{"embeddable":true,"href":"https:\/\/www.hoymercedes.com.ar\/principal\/wp-json\/wp\/v2\/users\/1"}],"replies":[{"embeddable":true,"href":"https:\/\/www.hoymercedes.com.ar\/principal\/wp-json\/wp\/v2\/comments?post=41932"}],"version-history":[{"count":0,"href":"https:\/\/www.hoymercedes.com.ar\/principal\/wp-json\/wp\/v2\/posts\/41932\/revisions"}],"wp:featuredmedia":[{"embeddable":true,"href":"https:\/\/www.hoymercedes.com.ar\/principal\/wp-json\/wp\/v2\/media\/41933"}],"wp:attachment":[{"href":"https:\/\/www.hoymercedes.com.ar\/principal\/wp-json\/wp\/v2\/media?parent=41932"}],"wp:term":[{"taxonomy":"category","embeddable":true,"href":"https:\/\/www.hoymercedes.com.ar\/principal\/wp-json\/wp\/v2\/categories?post=41932"},{"taxonomy":"post_tag","embeddable":true,"href":"https:\/\/www.hoymercedes.com.ar\/principal\/wp-json\/wp\/v2\/tags?post=41932"}],"curies":[{"name":"wp","href":"https:\/\/api.w.org\/{rel}","templated":true}]}}