{"id":4194,"date":"2011-05-12T00:02:46","date_gmt":"2011-05-12T00:02:46","guid":{"rendered":"http:\/\/www.hoymercedes.com.ar\/principal\/?p=4194"},"modified":"2011-05-12T00:02:46","modified_gmt":"2011-05-12T00:02:46","slug":"benitez-si-selva-paga-con-fondos-municipales-la-obra-del-acceso-sur-puede-cometer-malversacion-de-fondos","status":"publish","type":"post","link":"https:\/\/www.hoymercedes.com.ar\/principal\/2011\/05\/12\/benitez-si-selva-paga-con-fondos-municipales-la-obra-del-acceso-sur-puede-cometer-malversacion-de-fondos\/","title":{"rendered":"Ben\u00edtez: \u00abSi Selva paga con fondos municipales la obra del Acceso Sur puede cometer malversaci\u00f3n de fondos\u00bb"},"content":{"rendered":"<p>Como se sabe el lunes a la noche en la sesi\u00f3n ordinaria del Concejo Deliberante, la oposici\u00f3n integrada por los representantes de la CC-ARI, Gen, UCR y Uni\u00f3n Pro  logr\u00f3  que el pedido efectuado por el intendente Selva de incrementar el presupuesto vigente para este a\u00f1o en un mill\u00f3n doscientos mil pesos para que de esa manera se puedan utilizar fondos provenientes de super\u00e1vit obtenidos en ejercicios anteriores para pagar a la empresa que construye el ensanche del es Acceso Sur hoy Acceso Manuel Sanmart\u00edn un certificado por el importe mencionado que el gobierno de Cristina Fern\u00e1ndez no liquido tras la presentaci\u00f3n del correspondiente certificado de obra por la empresa, hecho este ocurrido aproximadamente en octubre del a\u00f1o pasado.<\/p>\n<p>Selva hab\u00eda decidido en principio pagar lo adeudado por Vialidad Nacional, organismo que licit\u00f3  y llev\u00f3 adelante la concreci\u00f3n de la obra en cuesti\u00f3n con fondos del municioio pero de acuerdo a lo informado por el edil de Uni\u00f3n Pro Juan Carlos Ben\u00edtez si lo hace podr\u00eda se r acusado de malversaci\u00f3n de fondos ya que afecta dinero de vecinos de nuestra ciudad para una obra que no fue licitada ni contratada por nuestra comuna y en tal sentido los municipios no se encuentran autorizados a efectuar prestamos a otros organismos estatales porque ser\u00eda algo similar a hacerlo con alg\u00fan particular.<\/p>\n<p>Lo cierto es que para que dicho pago se pueda efectuar primero hab\u00eda que haber efectuado una serie de medidas como por ejemplo declarar la obra de inter\u00e9s municipal, algo que no se efectu\u00f3 para dejar de alguna manera al municipio a cubierto ante cualquier eventualidad ya que si llega el caso que el Estado Nacional no hiciese la devoluci\u00f3n correspondiente cabria sobre el accionar del jefe comunal la posibilidad de ser sancionado penalmente.<\/p>\n<p>Ben\u00edtez sostuvo que el hecho de aprobar un incremento en el presupuesto es una atribuci\u00f3n que tiene el Concejo Deliberante como as\u00ed tambi\u00e9n es una atribuci\u00f3n que tiene el Departamento Ejecutivo la de poder solicitar dicha ampliaci\u00f3n en los gastos.<\/p>\n<p>El integrante del bloque de Uni\u00f3n Pro precis\u00f3 que el intendente deber\u00e1 pensar muy bien lo que hace con el dinero que se obtendr\u00e1 con la ampliaci\u00f3n del presupuesto antes de tomar la decisi\u00f3n de pagar lo que la Naci\u00f3n le debe a la constructora de las obras del Acceso Sanmart\u00edn para no ser acusado de malversaci\u00f3n  de fondos<\/p>\n<p>&nbsp;<\/p>\n","protected":false},"excerpt":{"rendered":"<p>Como se sabe el lunes a la noche en la sesi\u00f3n ordinaria del Concejo Deliberante, la oposici\u00f3n integrada por los &#8230; <a title=\"Ben\u00edtez: \u00abSi Selva paga con fondos municipales la obra del Acceso Sur puede cometer malversaci\u00f3n de fondos\u00bb\" class=\"read-more\" href=\"https:\/\/www.hoymercedes.com.ar\/principal\/2011\/05\/12\/benitez-si-selva-paga-con-fondos-municipales-la-obra-del-acceso-sur-puede-cometer-malversacion-de-fondos\/\" aria-label=\"Leer m\u00e1s sobre Ben\u00edtez: \u00abSi Selva paga con fondos municipales la obra del Acceso Sur puede cometer malversaci\u00f3n de fondos\u00bb\">Leer m\u00e1s<\/a><\/p>\n","protected":false},"author":1,"featured_media":0,"comment_status":"open","ping_status":"open","sticky":false,"template":"","format":"standard","meta":{"_monsterinsights_skip_tracking":false,"_monsterinsights_sitenote_active":false,"_monsterinsights_sitenote_note":"","_monsterinsights_sitenote_category":0,"jetpack_post_was_ever_published":false,"_jetpack_newsletter_access":"","_jetpack_dont_email_post_to_subs":false,"_jetpack_newsletter_tier_id":0,"_jetpack_memberships_contains_paywalled_content":false,"_jetpack_memberships_contains_paid_content":false,"footnotes":"","jetpack_publicize_message":"","jetpack_publicize_feature_enabled":true,"jetpack_social_post_already_shared":false,"jetpack_social_options":{"image_generator_settings":{"template":"highway","default_image_id":0,"font":"","enabled":false},"version":2},"_wpas_customize_per_network":false},"categories":[5],"tags":[313,18,364],"class_list":["post-4194","post","type-post","status-publish","format-standard","hentry","category-politica","tag-juan-carlos-benitez","tag-selva","tag-union-pro","generate-columns","tablet-grid-50","mobile-grid-100","grid-parent","grid-50"],"jetpack_publicize_connections":[],"jetpack_featured_media_url":"","wps_subtitle":"","jetpack_sharing_enabled":true,"_links":{"self":[{"href":"https:\/\/www.hoymercedes.com.ar\/principal\/wp-json\/wp\/v2\/posts\/4194","targetHints":{"allow":["GET"]}}],"collection":[{"href":"https:\/\/www.hoymercedes.com.ar\/principal\/wp-json\/wp\/v2\/posts"}],"about":[{"href":"https:\/\/www.hoymercedes.com.ar\/principal\/wp-json\/wp\/v2\/types\/post"}],"author":[{"embeddable":true,"href":"https:\/\/www.hoymercedes.com.ar\/principal\/wp-json\/wp\/v2\/users\/1"}],"replies":[{"embeddable":true,"href":"https:\/\/www.hoymercedes.com.ar\/principal\/wp-json\/wp\/v2\/comments?post=4194"}],"version-history":[{"count":0,"href":"https:\/\/www.hoymercedes.com.ar\/principal\/wp-json\/wp\/v2\/posts\/4194\/revisions"}],"wp:attachment":[{"href":"https:\/\/www.hoymercedes.com.ar\/principal\/wp-json\/wp\/v2\/media?parent=4194"}],"wp:term":[{"taxonomy":"category","embeddable":true,"href":"https:\/\/www.hoymercedes.com.ar\/principal\/wp-json\/wp\/v2\/categories?post=4194"},{"taxonomy":"post_tag","embeddable":true,"href":"https:\/\/www.hoymercedes.com.ar\/principal\/wp-json\/wp\/v2\/tags?post=4194"}],"curies":[{"name":"wp","href":"https:\/\/api.w.org\/{rel}","templated":true}]}}