{"id":41949,"date":"2015-05-27T00:09:57","date_gmt":"2015-05-27T03:09:57","guid":{"rendered":"http:\/\/www.hoymercedes.com.ar\/principal\/?p=41949"},"modified":"2015-05-27T00:14:41","modified_gmt":"2015-05-27T03:14:41","slug":"tres-vehiculos-involucrados-en-accidente-ruta-no5-entre-suipacha-y-mercedes","status":"publish","type":"post","link":"https:\/\/www.hoymercedes.com.ar\/principal\/2015\/05\/27\/tres-vehiculos-involucrados-en-accidente-ruta-no5-entre-suipacha-y-mercedes\/","title":{"rendered":"Tres veh\u00edculos involucrados en accidente Ruta 5 entre Suipacha y Mercedes"},"content":{"rendered":"<figure id=\"attachment_41950\" aria-describedby=\"caption-attachment-41950\" style=\"width: 610px\" class=\"wp-caption aligncenter\"><a href=\"https:\/\/www.hoymercedes.com.ar\/principal\/wp-content\/uploads\/2015\/05\/accidentes-ruta-26.05.2015.jpg\"><img loading=\"lazy\" decoding=\"async\" data-attachment-id=\"41950\" data-permalink=\"https:\/\/www.hoymercedes.com.ar\/principal\/2015\/05\/27\/tres-vehiculos-involucrados-en-accidente-ruta-no5-entre-suipacha-y-mercedes\/accidentes-ruta-26-05-2015\/#main\" data-orig-file=\"https:\/\/www.hoymercedes.com.ar\/principal\/wp-content\/uploads\/2015\/05\/accidentes-ruta-26.05.2015.jpg\" data-orig-size=\"620,700\" data-comments-opened=\"1\" data-image-meta=\"{&quot;aperture&quot;:&quot;0&quot;,&quot;credit&quot;:&quot;&quot;,&quot;camera&quot;:&quot;&quot;,&quot;caption&quot;:&quot;&quot;,&quot;created_timestamp&quot;:&quot;0&quot;,&quot;copyright&quot;:&quot;&quot;,&quot;focal_length&quot;:&quot;0&quot;,&quot;iso&quot;:&quot;0&quot;,&quot;shutter_speed&quot;:&quot;0&quot;,&quot;title&quot;:&quot;&quot;,&quot;orientation&quot;:&quot;0&quot;}\" data-image-title=\"accidentes-ruta-26.05.2015\" data-image-description=\"\" data-image-caption=\"\" data-large-file=\"https:\/\/www.hoymercedes.com.ar\/principal\/wp-content\/uploads\/2015\/05\/accidentes-ruta-26.05.2015.jpg\" class=\"Img2014 wp-image-41950 size-full\" src=\"https:\/\/www.hoymercedes.com.ar\/principal\/wp-content\/uploads\/2015\/05\/accidentes-ruta-26.05.2015.jpg\" alt=\"accidentes-ruta-26.05.2015\" width=\"620\" height=\"700\" srcset=\"https:\/\/www.hoymercedes.com.ar\/principal\/wp-content\/uploads\/2015\/05\/accidentes-ruta-26.05.2015.jpg 620w, https:\/\/www.hoymercedes.com.ar\/principal\/wp-content\/uploads\/2015\/05\/accidentes-ruta-26.05.2015-133x150.jpg 133w, https:\/\/www.hoymercedes.com.ar\/principal\/wp-content\/uploads\/2015\/05\/accidentes-ruta-26.05.2015-549x620.jpg 549w, https:\/\/www.hoymercedes.com.ar\/principal\/wp-content\/uploads\/2015\/05\/accidentes-ruta-26.05.2015-257x290.jpg 257w, https:\/\/www.hoymercedes.com.ar\/principal\/wp-content\/uploads\/2015\/05\/accidentes-ruta-26.05.2015-44x50.jpg 44w\" sizes=\"auto, (max-width: 620px) 100vw, 620px\" \/><\/a><figcaption id=\"caption-attachment-41950\" class=\"wp-caption-text\">Fotos: Oscar Lasala, Suipacha<\/figcaption><\/figure>\n<p><em><strong>Tres veh\u00edculos fueron parte de un nuevo accidente en la Ruta Nacional N5 entre Mercedes y Suipacha. Actuaron los bomberos de la vecina localidad. Fue en el kil\u00f3metro km 129,600 cerca de las 10.30hs de \u00e9ste martes.<br \/>\n<\/strong><\/em><\/p>\n<p>Del accidente participaron: un Toyota Camry conducido por Horacio Eduardo Struti, de 72 a\u00f1os de edad acompa\u00f1ado por su hijo de 40 a\u00f1os oriundos de Almirante Brown, un Chevrolet Classic conducido por Maria Alejandra Pad\u00edn proveniente de Carlos Casares que iba camino a Capital Federal y un Ford Focus color champagne manejado por Gabriela Erasti Scoponi de 28 a\u00f1os de edad.<\/p>\n<p>Seg\u00fan se supo el Toyota habr\u00eda intentado pasar un cami\u00f3n y se genera el impacto con l el Chevrolet perdiendo el control y realizando un trompo sobre la calzada y golpeando as\u00ed al Focus.<\/p>\n<p>Los veh\u00edculos recibieron da\u00f1os importantes no se lamentaron v\u00edctimas que es la buena noticia. Si una la joven de 28 a\u00f1os de edad vivi\u00f3 una crisis nerviosa ante lo cual debi\u00f3 ser atendida en el hospital de Suipacha.<\/p>\n<p>&nbsp;<\/p>\n","protected":false},"excerpt":{"rendered":"<p>Tres veh\u00edculos fueron parte de un nuevo accidente en la Ruta Nacional N5 entre Mercedes y Suipacha. Actuaron los bomberos &#8230; <a title=\"Tres veh\u00edculos involucrados en accidente Ruta 5 entre Suipacha y Mercedes\" class=\"read-more\" href=\"https:\/\/www.hoymercedes.com.ar\/principal\/2015\/05\/27\/tres-vehiculos-involucrados-en-accidente-ruta-no5-entre-suipacha-y-mercedes\/\" aria-label=\"Leer m\u00e1s sobre Tres veh\u00edculos involucrados en accidente Ruta 5 entre Suipacha y Mercedes\">Leer m\u00e1s<\/a><\/p>\n","protected":false},"author":1,"featured_media":41950,"comment_status":"open","ping_status":"open","sticky":false,"template":"","format":"standard","meta":{"_monsterinsights_skip_tracking":false,"_monsterinsights_sitenote_active":false,"_monsterinsights_sitenote_note":"","_monsterinsights_sitenote_category":0,"jetpack_post_was_ever_published":false,"_jetpack_newsletter_access":"","_jetpack_dont_email_post_to_subs":false,"_jetpack_newsletter_tier_id":0,"_jetpack_memberships_contains_paywalled_content":false,"_jetpack_memberships_contains_paid_content":false,"footnotes":"","jetpack_publicize_message":"","jetpack_publicize_feature_enabled":true,"jetpack_social_post_already_shared":true,"jetpack_social_options":{"image_generator_settings":{"template":"highway","default_image_id":0,"font":"","enabled":false},"version":2},"_wpas_customize_per_network":false},"categories":[8],"tags":[6313],"class_list":["post-41949","post","type-post","status-publish","format-standard","has-post-thumbnail","hentry","category-sociedad","tag-accidente-ruta-5-suipacha","generate-columns","tablet-grid-50","mobile-grid-100","grid-parent","grid-50"],"jetpack_publicize_connections":[],"jetpack_featured_media_url":"https:\/\/www.hoymercedes.com.ar\/principal\/wp-content\/uploads\/2015\/05\/accidentes-ruta-26.05.2015.jpg","wps_subtitle":"Sin victimas fatales","jetpack_sharing_enabled":true,"_links":{"self":[{"href":"https:\/\/www.hoymercedes.com.ar\/principal\/wp-json\/wp\/v2\/posts\/41949","targetHints":{"allow":["GET"]}}],"collection":[{"href":"https:\/\/www.hoymercedes.com.ar\/principal\/wp-json\/wp\/v2\/posts"}],"about":[{"href":"https:\/\/www.hoymercedes.com.ar\/principal\/wp-json\/wp\/v2\/types\/post"}],"author":[{"embeddable":true,"href":"https:\/\/www.hoymercedes.com.ar\/principal\/wp-json\/wp\/v2\/users\/1"}],"replies":[{"embeddable":true,"href":"https:\/\/www.hoymercedes.com.ar\/principal\/wp-json\/wp\/v2\/comments?post=41949"}],"version-history":[{"count":0,"href":"https:\/\/www.hoymercedes.com.ar\/principal\/wp-json\/wp\/v2\/posts\/41949\/revisions"}],"wp:featuredmedia":[{"embeddable":true,"href":"https:\/\/www.hoymercedes.com.ar\/principal\/wp-json\/wp\/v2\/media\/41950"}],"wp:attachment":[{"href":"https:\/\/www.hoymercedes.com.ar\/principal\/wp-json\/wp\/v2\/media?parent=41949"}],"wp:term":[{"taxonomy":"category","embeddable":true,"href":"https:\/\/www.hoymercedes.com.ar\/principal\/wp-json\/wp\/v2\/categories?post=41949"},{"taxonomy":"post_tag","embeddable":true,"href":"https:\/\/www.hoymercedes.com.ar\/principal\/wp-json\/wp\/v2\/tags?post=41949"}],"curies":[{"name":"wp","href":"https:\/\/api.w.org\/{rel}","templated":true}]}}