{"id":41973,"date":"2015-05-27T18:22:31","date_gmt":"2015-05-27T21:22:31","guid":{"rendered":"http:\/\/www.hoymercedes.com.ar\/principal\/?p=41973"},"modified":"2015-05-28T14:11:19","modified_gmt":"2015-05-28T17:11:19","slug":"eduardo-wado-de-%c2%a8pedro-encontramos-puntos-de-contacto-para-trabajar-todos-juntos-por-la-ciudad","status":"publish","type":"post","link":"https:\/\/www.hoymercedes.com.ar\/principal\/2015\/05\/27\/eduardo-wado-de-%c2%a8pedro-encontramos-puntos-de-contacto-para-trabajar-todos-juntos-por-la-ciudad\/","title":{"rendered":"Eduardo \u201cWado\u201d De Pedro: \u201cencontramos puntos de contacto para trabajar todos juntos por la ciudad\u201d"},"content":{"rendered":"<p><a href=\"https:\/\/www.hoymercedes.com.ar\/principal\/wp-content\/uploads\/2015\/05\/Inauguraci\u00f3n-Dubarry030.jpg\"><img loading=\"lazy\" decoding=\"async\" data-attachment-id=\"41971\" data-permalink=\"https:\/\/www.hoymercedes.com.ar\/principal\/2015\/05\/27\/de-vido-de-pedro-ustarroz-y-selva-inauguraron-obras-en-el-hospital-dubarry\/inauguracion-dubarry030\/#main\" data-orig-file=\"https:\/\/www.hoymercedes.com.ar\/principal\/wp-content\/uploads\/2015\/05\/Inauguraci\u00f3n-Dubarry030.jpg\" data-orig-size=\"620,412\" data-comments-opened=\"1\" data-image-meta=\"{&quot;aperture&quot;:&quot;4&quot;,&quot;credit&quot;:&quot;SEBASTIAN_AMBROSSIO&quot;,&quot;camera&quot;:&quot;&quot;,&quot;caption&quot;:&quot;&quot;,&quot;created_timestamp&quot;:&quot;0&quot;,&quot;copyright&quot;:&quot;Sebastian Ambrossio_&quot;,&quot;focal_length&quot;:&quot;24&quot;,&quot;iso&quot;:&quot;0&quot;,&quot;shutter_speed&quot;:&quot;0.004&quot;,&quot;title&quot;:&quot;&quot;,&quot;orientation&quot;:&quot;0&quot;}\" data-image-title=\"Inauguraci\u00f3n-Dubarry030\" data-image-description=\"\" data-image-caption=\"\" data-large-file=\"https:\/\/www.hoymercedes.com.ar\/principal\/wp-content\/uploads\/2015\/05\/Inauguraci\u00f3n-Dubarry030.jpg\" class=\"Img2014 aligncenter wp-image-41971 size-full\" title=\"Eduardo &quot;Wado&quot; De Pedro, inauguraci\u00f3n obras Hospital Mercedes\" src=\"https:\/\/www.hoymercedes.com.ar\/principal\/wp-content\/uploads\/2015\/05\/Inauguraci\u00f3n-Dubarry030.jpg\" alt=\"Inauguraci\u00f3n-Dubarry030\" width=\"620\" height=\"412\" srcset=\"https:\/\/www.hoymercedes.com.ar\/principal\/wp-content\/uploads\/2015\/05\/Inauguraci\u00f3n-Dubarry030.jpg 620w, https:\/\/www.hoymercedes.com.ar\/principal\/wp-content\/uploads\/2015\/05\/Inauguraci\u00f3n-Dubarry030-150x100.jpg 150w, https:\/\/www.hoymercedes.com.ar\/principal\/wp-content\/uploads\/2015\/05\/Inauguraci\u00f3n-Dubarry030-290x193.jpg 290w, https:\/\/www.hoymercedes.com.ar\/principal\/wp-content\/uploads\/2015\/05\/Inauguraci\u00f3n-Dubarry030-50x33.jpg 50w\" sizes=\"auto, (max-width: 620px) 100vw, 620px\" \/><\/a><\/p>\n<p><em><strong>El Secretario General de la Presidencia, Eduardo de Pedro, celebr\u00f3 \u201clos puntos de contacto\u201d encontrados con el intendente de Mercedes, Carlos Selva, \u201cpara trabajar todos juntos por la ciudad\u201d y agradeci\u00f3 al ministro de Planificaci\u00f3n Federal, Inversi\u00f3n P\u00fablica y Servicios de la Naci\u00f3n, Julio De Vido, por su \u201capoyo permanente\u201d hacia la ciudad.<\/strong><\/em><\/p>\n<div class=\"citandoG\">Lestas obras se pueden hacer cuando hay presupuestos, claro, pero tambi\u00e9n cuando hay voluntad pol\u00edtica y mucha gente trabajando con amor<\/div>\n<p>\u2018Wado\u2019 de Pedro y De Vido encabezaron este mediod\u00eda el acto de inauguraci\u00f3n de las obras en el segundo piso del hospital Blas Lorenzo Dubarry, donde funciona el servicio de pediatr\u00eda, obstetricia y maternidad. Con ellos estuvieron el propio Selva; el diputado provincial Alberto Espa\u00f1a; el presidente del bloque de concejales del Frente Mercedino para la Victoria, Juan Ignacio Ustarroz; el director del Dubarry, Rodolfo Pr\u00edncipi; el presidente de la Asociaci\u00f3n Cooperadora del establecimiento, Rosendo Rubiero; y el secretario de Obras P\u00fablicas de la Naci\u00f3n, Jos\u00e9 Francisco L\u00f3pez.<\/p>\n<p>Para todos ellos Wado tuvo palabras de agradecimiento y de elogio, lo mismo que para los trabajadores y profesionales \u201cque ponen el cuerpo todos los d\u00edas\u201d.<\/p>\n<p>\u201cAl ministro De Vido le quiero decir gracias desde el coraz\u00f3n, porque estas obras se pueden hacer cuando hay presupuestos, claro, pero tambi\u00e9n cuando hay voluntad pol\u00edtica y mucha gente trabajando con amor -dijo el mercedino-. De Vido es el coraz\u00f3n, el pensamiento puro de este proyecto popular y nacional\u201d.<\/p>\n<p>\u201cLe quiero agradecer al intendente Carlos Selva, con quien hemos encontrado puntos de equilibrio para poder trabajar, cada uno desde su lado, por la ciudad. Quiero agradecer al compa\u00f1ero ministro Julio de Vido, que est\u00e1 a cargo de un ministerio que es la columna vertebral de este proyecto pol\u00edtico, que bas\u00f3 su primer plan de inclusi\u00f3n haciendo obras. N\u00e9stor, Julio y Cristina se basaron en una fuerte inversi\u00f3n en obras p\u00fablicas\u201d, concluy\u00f3.<\/p>\n<p>&nbsp;<\/p>\n<p>&nbsp;<\/p>\n<p>&nbsp;<\/p>\n","protected":false},"excerpt":{"rendered":"<p>El Secretario General de la Presidencia, Eduardo de Pedro, celebr\u00f3 \u201clos puntos de contacto\u201d encontrados con el intendente de Mercedes, &#8230; <a title=\"Eduardo \u201cWado\u201d De Pedro: \u201cencontramos puntos de contacto para trabajar todos juntos por la ciudad\u201d\" class=\"read-more\" href=\"https:\/\/www.hoymercedes.com.ar\/principal\/2015\/05\/27\/eduardo-wado-de-%c2%a8pedro-encontramos-puntos-de-contacto-para-trabajar-todos-juntos-por-la-ciudad\/\" aria-label=\"Leer m\u00e1s sobre Eduardo \u201cWado\u201d De Pedro: \u201cencontramos puntos de contacto para trabajar todos juntos por la ciudad\u201d\">Leer m\u00e1s<\/a><\/p>\n","protected":false},"author":1,"featured_media":41971,"comment_status":"open","ping_status":"open","sticky":false,"template":"","format":"standard","meta":{"_monsterinsights_skip_tracking":false,"_monsterinsights_sitenote_active":false,"_monsterinsights_sitenote_note":"","_monsterinsights_sitenote_category":0,"jetpack_post_was_ever_published":false,"_jetpack_newsletter_access":"","_jetpack_dont_email_post_to_subs":false,"_jetpack_newsletter_tier_id":0,"_jetpack_memberships_contains_paywalled_content":false,"_jetpack_memberships_contains_paid_content":false,"footnotes":"","jetpack_publicize_message":"","jetpack_publicize_feature_enabled":true,"jetpack_social_post_already_shared":true,"jetpack_social_options":{"image_generator_settings":{"template":"highway","default_image_id":0,"font":"","enabled":false},"version":2},"_wpas_customize_per_network":false},"categories":[5],"tags":[3674,7384],"class_list":["post-41973","post","type-post","status-publish","format-standard","has-post-thumbnail","hentry","category-politica","tag-eduardo-wado-de-pedro","tag-inauguracion-obras-hospital-mercedes","generate-columns","tablet-grid-50","mobile-grid-100","grid-parent","grid-50"],"jetpack_publicize_connections":[],"jetpack_featured_media_url":"https:\/\/www.hoymercedes.com.ar\/principal\/wp-content\/uploads\/2015\/05\/Inauguraci\u00f3n-Dubarry030.jpg","wps_subtitle":"Inauguraci\u00f3n en el hospital","jetpack_sharing_enabled":true,"jetpack-related-posts":[{"id":37238,"url":"https:\/\/www.hoymercedes.com.ar\/principal\/2014\/10\/27\/selva-ustarroz-y-de-pedro-junto-a-de-vido-en-ministerio-de-planificacion\/","url_meta":{"origin":41973,"position":0},"title":"Selva, Ustarroz y De Pedro junto a De Vido en Ministerio de Planificaci\u00f3n","author":"hoymercedes","date":"27 octubre, 2014","format":false,"excerpt":"(FM) El ministro de Planificaci\u00f3n Federal, Inversi\u00f3n P\u00fablica y Servicios de la Naci\u00f3n, Julio de Vido; y tras gestiones realizadas por el diputado nacional Eduardo de Pedro y el presidente del bloque de concejales del Frente Mercedino para la Victoria, Juan Ignacio Ustarroz; recibi\u00f3 hoy en su despacho al intendente\u2026","rel":"","context":"En \u00abPol\u00edtica\u00bb","block_context":{"text":"Pol\u00edtica","link":"https:\/\/www.hoymercedes.com.ar\/principal\/category\/politica\/"},"img":{"alt_text":"selva-depedro-ustarroz-devido","src":"https:\/\/i0.wp.com\/www.hoymercedes.com.ar\/principal\/wp-content\/uploads\/2014\/10\/selva-depedro-ustarroz-devido.jpg?resize=350%2C200","width":350,"height":200,"srcset":"https:\/\/i0.wp.com\/www.hoymercedes.com.ar\/principal\/wp-content\/uploads\/2014\/10\/selva-depedro-ustarroz-devido.jpg?resize=350%2C200 1x, https:\/\/i0.wp.com\/www.hoymercedes.com.ar\/principal\/wp-content\/uploads\/2014\/10\/selva-depedro-ustarroz-devido.jpg?resize=525%2C300 1.5x"},"classes":[]},{"id":41959,"url":"https:\/\/www.hoymercedes.com.ar\/principal\/2015\/05\/27\/de-vido-de-pedro-ustarroz-y-selva-inauguraron-obras-en-el-hospital-dubarry\/","url_meta":{"origin":41973,"position":1},"title":"De Vido, De Pedro, Ustarroz y Selva inauguraron obras en el Hospital Blas L. Dubarry","author":"hoymercedes","date":"27 mayo, 2015","format":false,"excerpt":"Durante la ma\u00f1ana de \u00e9ste mi\u00e9rcoles se llev\u00f3 adelante la inauguraci\u00f3n del segundo piso del Hospital Dubarry remodelado y modernizado a instancias del Estado Nacional. Es un \u00e1rea para infancia que luce desde ahora flamante. Tambi\u00e9n parte de la fachada principal y el ingreso o admisi\u00f3n. Cerca del mediod\u00eda arrib\u00f3\u2026","rel":"","context":"En \u00abSociedad\u00bb","block_context":{"text":"Sociedad","link":"https:\/\/www.hoymercedes.com.ar\/principal\/category\/sociedad\/"},"img":{"alt_text":"","src":"https:\/\/i0.wp.com\/www.hoymercedes.com.ar\/principal\/wp-content\/uploads\/2015\/05\/Inauguraci%C3%B3n-Dubarry022.jpg?resize=350%2C200&ssl=1","width":350,"height":200,"srcset":"https:\/\/i0.wp.com\/www.hoymercedes.com.ar\/principal\/wp-content\/uploads\/2015\/05\/Inauguraci%C3%B3n-Dubarry022.jpg?resize=350%2C200&ssl=1 1x, https:\/\/i0.wp.com\/www.hoymercedes.com.ar\/principal\/wp-content\/uploads\/2015\/05\/Inauguraci%C3%B3n-Dubarry022.jpg?resize=525%2C300&ssl=1 1.5x"},"classes":[]},{"id":38642,"url":"https:\/\/www.hoymercedes.com.ar\/principal\/2014\/12\/23\/nacion-invertira-40-millones-en-diversas-obras-en-mercedes\/","url_meta":{"origin":41973,"position":2},"title":"Naci\u00f3n invertir\u00e1 40 millones en diversas obras en Mercedes","author":"hoymercedes","date":"23 diciembre, 2014","format":false,"excerpt":"(FM) El gobierno nacional, a trav\u00e9s del Ministerio de Planificaci\u00f3n Federal, Inversi\u00f3n P\u00fablica y Servicios, invertir\u00e1 m\u00e1s de 40 millones de pesos en asfalto de calles, construcci\u00f3n de SUM barriales y mejoras en el Polideportivo CEF 40, obras acordadas tiempo atr\u00e1s entre el titular de la cartera, Julio de Vido,\u2026","rel":"","context":"En \u00abPol\u00edtica\u00bb","block_context":{"text":"Pol\u00edtica","link":"https:\/\/www.hoymercedes.com.ar\/principal\/category\/politica\/"},"img":{"alt_text":"wado-selva-espa\u00f1a-ustarroz-devido","src":"https:\/\/i0.wp.com\/www.hoymercedes.com.ar\/principal\/wp-content\/uploads\/2014\/12\/wado-selva-espa%C3%B1a-ustarroz-devido.jpg?resize=350%2C200","width":350,"height":200,"srcset":"https:\/\/i0.wp.com\/www.hoymercedes.com.ar\/principal\/wp-content\/uploads\/2014\/12\/wado-selva-espa%C3%B1a-ustarroz-devido.jpg?resize=350%2C200 1x, https:\/\/i0.wp.com\/www.hoymercedes.com.ar\/principal\/wp-content\/uploads\/2014\/12\/wado-selva-espa%C3%B1a-ustarroz-devido.jpg?resize=525%2C300 1.5x"},"classes":[]},{"id":36961,"url":"https:\/\/www.hoymercedes.com.ar\/principal\/2014\/10\/17\/ustarroz-sobre-obras-al-hospital-este-es-uno-de-esos-dias-en-los-que-la-felicidad-te-inunda\/","url_meta":{"origin":41973,"position":3},"title":"Ustarroz sobre obras al hospital: \u00abEste es uno de esos d\u00edas en los que la felicidad te inunda\u00bb","author":"hoymercedes","date":"17 octubre, 2014","format":false,"excerpt":"El presidente del bloque de concejales del Frente Mercedino para la Victoria, Juan Ignacio Ustarroz, asegur\u00f3 que el anuncio de una inversi\u00f3n millonaria para poner a nuevo el hospital Blas Dubarry \u201cconvirti\u00f3 a este viernes en uno de esos d\u00edas en los que la felicidad te inunda\u201d y agradeci\u00f3 la\u2026","rel":"","context":"En \u00abPol\u00edtica\u00bb","block_context":{"text":"Pol\u00edtica","link":"https:\/\/www.hoymercedes.com.ar\/principal\/category\/politica\/"},"img":{"alt_text":"wado-juani-devido-2014","src":"https:\/\/i0.wp.com\/www.hoymercedes.com.ar\/principal\/wp-content\/uploads\/2014\/10\/wado-juani-devido-20141.jpg?resize=350%2C200","width":350,"height":200,"srcset":"https:\/\/i0.wp.com\/www.hoymercedes.com.ar\/principal\/wp-content\/uploads\/2014\/10\/wado-juani-devido-20141.jpg?resize=350%2C200 1x, https:\/\/i0.wp.com\/www.hoymercedes.com.ar\/principal\/wp-content\/uploads\/2014\/10\/wado-juani-devido-20141.jpg?resize=525%2C300 1.5x"},"classes":[]},{"id":37166,"url":"https:\/\/www.hoymercedes.com.ar\/principal\/2014\/10\/26\/de-pedro-selva-y-ustarroz-se-reuniran-este-lunes-con-de-video\/","url_meta":{"origin":41973,"position":4},"title":"De Pedro, Selva y Ustarroz se reunir\u00e1n \u00e9ste lunes con De Vido","author":"hoymercedes","date":"26 octubre, 2014","format":false,"excerpt":"Tal como se hab\u00eda anunciado, el diputado nacional Eduardo \u2018Wado\u2019 de Pedro; el intendente Carlos Am\u00e9rico Selva; y el presidente del bloque de concejales del Frente Mercedino para\u00a0 la Victoria, Juan Ignacio Ustarroz; viajar\u00e1n el lunes a las 10 de la ma\u00f1ana a Buenos Aires para reunirse con el ministro\u2026","rel":"","context":"En \u00abPol\u00edtica\u00bb","block_context":{"text":"Pol\u00edtica","link":"https:\/\/www.hoymercedes.com.ar\/principal\/category\/politica\/"},"img":{"alt_text":"selva-depedro-ustarroz","src":"https:\/\/i0.wp.com\/www.hoymercedes.com.ar\/principal\/wp-content\/uploads\/2014\/10\/selva-depedro-ustarroz.jpg?resize=350%2C200","width":350,"height":200,"srcset":"https:\/\/i0.wp.com\/www.hoymercedes.com.ar\/principal\/wp-content\/uploads\/2014\/10\/selva-depedro-ustarroz.jpg?resize=350%2C200 1x, https:\/\/i0.wp.com\/www.hoymercedes.com.ar\/principal\/wp-content\/uploads\/2014\/10\/selva-depedro-ustarroz.jpg?resize=525%2C300 1.5x"},"classes":[]},{"id":137136,"url":"https:\/\/www.hoymercedes.com.ar\/principal\/2021\/09\/12\/wado-de-pedro-voto-y-agradecio-a-quienes-estan-llevando-adelante-la-eleccion\/","url_meta":{"origin":41973,"position":5},"title":"\u201cWado\u201d de Pedro vot\u00f3 y agradeci\u00f3 a quienes est\u00e1n llevando adelante la elecci\u00f3n","author":"hoymercedes","date":"12 septiembre, 2021","format":false,"excerpt":"El Ministro del Interior y mercedino, Eduardo \u201cWado\u201d de Pedro vot\u00f3 temprano en la Escuela N\u00ba13 y aprovech\u00f3 la ocasi\u00f3n para dar \u201cGracias a todos y todas las que est\u00e1n trabajando hoy para hacer posible la elecci\u00f3n en todo el pa\u00eds. Yendo a votar, estamos cuidando la democracia\u201d Eduardo de\u2026","rel":"","context":"En \u00abPASO 2021\u00bb","block_context":{"text":"PASO 2021","link":"https:\/\/www.hoymercedes.com.ar\/principal\/category\/paso-2021\/"},"img":{"alt_text":"","src":"https:\/\/i0.wp.com\/www.hoymercedes.com.ar\/principal\/wp-content\/uploads\/2021\/09\/Wado-Votando.jpg?resize=350%2C200&ssl=1","width":350,"height":200,"srcset":"https:\/\/i0.wp.com\/www.hoymercedes.com.ar\/principal\/wp-content\/uploads\/2021\/09\/Wado-Votando.jpg?resize=350%2C200&ssl=1 1x, https:\/\/i0.wp.com\/www.hoymercedes.com.ar\/principal\/wp-content\/uploads\/2021\/09\/Wado-Votando.jpg?resize=525%2C300&ssl=1 1.5x, https:\/\/i0.wp.com\/www.hoymercedes.com.ar\/principal\/wp-content\/uploads\/2021\/09\/Wado-Votando.jpg?resize=700%2C400&ssl=1 2x, https:\/\/i0.wp.com\/www.hoymercedes.com.ar\/principal\/wp-content\/uploads\/2021\/09\/Wado-Votando.jpg?resize=1050%2C600&ssl=1 3x"},"classes":[]}],"_links":{"self":[{"href":"https:\/\/www.hoymercedes.com.ar\/principal\/wp-json\/wp\/v2\/posts\/41973","targetHints":{"allow":["GET"]}}],"collection":[{"href":"https:\/\/www.hoymercedes.com.ar\/principal\/wp-json\/wp\/v2\/posts"}],"about":[{"href":"https:\/\/www.hoymercedes.com.ar\/principal\/wp-json\/wp\/v2\/types\/post"}],"author":[{"embeddable":true,"href":"https:\/\/www.hoymercedes.com.ar\/principal\/wp-json\/wp\/v2\/users\/1"}],"replies":[{"embeddable":true,"href":"https:\/\/www.hoymercedes.com.ar\/principal\/wp-json\/wp\/v2\/comments?post=41973"}],"version-history":[{"count":0,"href":"https:\/\/www.hoymercedes.com.ar\/principal\/wp-json\/wp\/v2\/posts\/41973\/revisions"}],"wp:featuredmedia":[{"embeddable":true,"href":"https:\/\/www.hoymercedes.com.ar\/principal\/wp-json\/wp\/v2\/media\/41971"}],"wp:attachment":[{"href":"https:\/\/www.hoymercedes.com.ar\/principal\/wp-json\/wp\/v2\/media?parent=41973"}],"wp:term":[{"taxonomy":"category","embeddable":true,"href":"https:\/\/www.hoymercedes.com.ar\/principal\/wp-json\/wp\/v2\/categories?post=41973"},{"taxonomy":"post_tag","embeddable":true,"href":"https:\/\/www.hoymercedes.com.ar\/principal\/wp-json\/wp\/v2\/tags?post=41973"}],"curies":[{"name":"wp","href":"https:\/\/api.w.org\/{rel}","templated":true}]}}