{"id":420,"date":"2010-11-18T13:44:48","date_gmt":"2010-11-18T13:44:48","guid":{"rendered":"http:\/\/www.hoymercedes.com.ar\/principal\/?p=420"},"modified":"2010-11-18T13:44:48","modified_gmt":"2010-11-18T13:44:48","slug":"muestra-de-pinturas-y-esculturas-en-el-ameghino-marin","status":"publish","type":"post","link":"https:\/\/www.hoymercedes.com.ar\/principal\/2010\/11\/18\/muestra-de-pinturas-y-esculturas-en-el-ameghino-marin\/","title":{"rendered":"Muestra de pinturas y esculturas en el Ameghino-Mar\u00edn"},"content":{"rendered":"<p style=\"text-align: justify;\">La Municipalidad de Mercedes, a trav\u00e9s de la Direcci\u00f3n de Cultura y Educaci\u00f3n, invita a la inauguraci\u00f3n de la muestra de pinturas y esculturas.<\/p>\n<p style=\"text-align: justify;\">La misma tendr\u00e1 lugar el s\u00e1bado\u00a0 20\u00a0 de noviembre a las 20 hs en el Complejo Ameghino-Mar\u00edn (calle 26 esq. 21).<\/p>\n<p style=\"text-align: justify;\">Cada uno con su modalidad expresiva pero celebrando esta reuni\u00f3n m\u00e1gica por los caminos del Arte: SERENDIPIA.<\/p>\n<p style=\"text-align: justify;\">Exponen : Silvia Di Marco &#8211; Horacio Dowbley &#8211; Susanna M\u00e9ndez &#8211; L\u00eda Tejera<\/p>\n<p style=\"text-align: justify;\">\n<figure id=\"attachment_422\" aria-describedby=\"caption-attachment-422\" style=\"width: 462px\" class=\"wp-caption aligncenter\"><a href=\"https:\/\/www.hoymercedes.com.ar\/principal\/wp-content\/uploads\/2010\/11\/Serendipia.jpg\"><img loading=\"lazy\" decoding=\"async\" data-attachment-id=\"422\" data-permalink=\"https:\/\/www.hoymercedes.com.ar\/principal\/2010\/11\/18\/muestra-de-pinturas-y-esculturas-en-el-ameghino-marin\/imprimir\/#main\" data-orig-file=\"https:\/\/www.hoymercedes.com.ar\/principal\/wp-content\/uploads\/2010\/11\/Serendipia.jpg\" data-orig-size=\"674,973\" data-comments-opened=\"1\" data-image-meta=\"{&quot;aperture&quot;:&quot;0&quot;,&quot;credit&quot;:&quot;&quot;,&quot;camera&quot;:&quot;&quot;,&quot;caption&quot;:&quot;&quot;,&quot;created_timestamp&quot;:&quot;0&quot;,&quot;copyright&quot;:&quot;&quot;,&quot;focal_length&quot;:&quot;0&quot;,&quot;iso&quot;:&quot;0&quot;,&quot;shutter_speed&quot;:&quot;0&quot;,&quot;title&quot;:&quot;Imprimir&quot;}\" data-image-title=\"Serendipia\" data-image-description=\"&lt;p&gt;Serendipia&lt;\/p&gt;\n\" data-image-caption=\"&lt;p&gt;Serendipia&lt;\/p&gt;\n\" data-large-file=\"https:\/\/www.hoymercedes.com.ar\/principal\/wp-content\/uploads\/2010\/11\/Serendipia.jpg\" class=\"size-full wp-image-422 \" title=\"Serendipia\" src=\"https:\/\/www.hoymercedes.com.ar\/principal\/wp-content\/uploads\/2010\/11\/Serendipia.jpg\" alt=\"Serendipia\" width=\"472\" height=\"681\" srcset=\"https:\/\/www.hoymercedes.com.ar\/principal\/wp-content\/uploads\/2010\/11\/Serendipia.jpg 674w, https:\/\/www.hoymercedes.com.ar\/principal\/wp-content\/uploads\/2010\/11\/Serendipia-429x620.jpg 429w\" sizes=\"auto, (max-width: 472px) 100vw, 472px\" \/><\/a><figcaption id=\"caption-attachment-422\" class=\"wp-caption-text\">Serendipia<\/figcaption><\/figure>\n","protected":false},"excerpt":{"rendered":"<p>La Municipalidad de Mercedes, a trav\u00e9s de la Direcci\u00f3n de Cultura y Educaci\u00f3n, invita a la inauguraci\u00f3n de la muestra &#8230; <a title=\"Muestra de pinturas y esculturas en el Ameghino-Mar\u00edn\" class=\"read-more\" href=\"https:\/\/www.hoymercedes.com.ar\/principal\/2010\/11\/18\/muestra-de-pinturas-y-esculturas-en-el-ameghino-marin\/\" aria-label=\"Leer m\u00e1s sobre Muestra de pinturas y esculturas en el Ameghino-Mar\u00edn\">Leer m\u00e1s<\/a><\/p>\n","protected":false},"author":1,"featured_media":0,"comment_status":"open","ping_status":"open","sticky":false,"template":"","format":"standard","meta":{"_monsterinsights_skip_tracking":false,"_monsterinsights_sitenote_active":false,"_monsterinsights_sitenote_note":"","_monsterinsights_sitenote_category":0,"jetpack_post_was_ever_published":false,"_jetpack_newsletter_access":"","_jetpack_dont_email_post_to_subs":false,"_jetpack_newsletter_tier_id":0,"_jetpack_memberships_contains_paywalled_content":false,"_jetpack_memberships_contains_paid_content":false,"footnotes":"","jetpack_publicize_message":"","jetpack_publicize_feature_enabled":true,"jetpack_social_post_already_shared":false,"jetpack_social_options":{"image_generator_settings":{"template":"highway","default_image_id":0,"font":"","enabled":false},"version":2},"_wpas_customize_per_network":false},"categories":[8],"tags":[7805],"class_list":["post-420","post","type-post","status-publish","format-standard","hentry","category-sociedad","tag-cultura","generate-columns","tablet-grid-50","mobile-grid-100","grid-parent","grid-50"],"jetpack_publicize_connections":[],"jetpack_featured_media_url":"","wps_subtitle":"","jetpack_sharing_enabled":true,"_links":{"self":[{"href":"https:\/\/www.hoymercedes.com.ar\/principal\/wp-json\/wp\/v2\/posts\/420","targetHints":{"allow":["GET"]}}],"collection":[{"href":"https:\/\/www.hoymercedes.com.ar\/principal\/wp-json\/wp\/v2\/posts"}],"about":[{"href":"https:\/\/www.hoymercedes.com.ar\/principal\/wp-json\/wp\/v2\/types\/post"}],"author":[{"embeddable":true,"href":"https:\/\/www.hoymercedes.com.ar\/principal\/wp-json\/wp\/v2\/users\/1"}],"replies":[{"embeddable":true,"href":"https:\/\/www.hoymercedes.com.ar\/principal\/wp-json\/wp\/v2\/comments?post=420"}],"version-history":[{"count":0,"href":"https:\/\/www.hoymercedes.com.ar\/principal\/wp-json\/wp\/v2\/posts\/420\/revisions"}],"wp:attachment":[{"href":"https:\/\/www.hoymercedes.com.ar\/principal\/wp-json\/wp\/v2\/media?parent=420"}],"wp:term":[{"taxonomy":"category","embeddable":true,"href":"https:\/\/www.hoymercedes.com.ar\/principal\/wp-json\/wp\/v2\/categories?post=420"},{"taxonomy":"post_tag","embeddable":true,"href":"https:\/\/www.hoymercedes.com.ar\/principal\/wp-json\/wp\/v2\/tags?post=420"}],"curies":[{"name":"wp","href":"https:\/\/api.w.org\/{rel}","templated":true}]}}