{"id":42002,"date":"2015-05-28T08:43:26","date_gmt":"2015-05-28T11:43:26","guid":{"rendered":"http:\/\/www.hoymercedes.com.ar\/principal\/?p=42002"},"modified":"2015-06-23T13:47:54","modified_gmt":"2015-06-23T16:47:54","slug":"ciclo-de-cine-para-chicos-en-los-sum","status":"publish","type":"post","link":"https:\/\/www.hoymercedes.com.ar\/principal\/2015\/05\/28\/ciclo-de-cine-para-chicos-en-los-sum\/","title":{"rendered":"Ciclo de cine para chicos en los SUM"},"content":{"rendered":"<div dir=\"ltr\"><a href=\"https:\/\/www.hoymercedes.com.ar\/principal\/wp-content\/uploads\/2015\/05\/sum.blandengues.jpg\"><img loading=\"lazy\" decoding=\"async\" data-attachment-id=\"42003\" data-permalink=\"https:\/\/www.hoymercedes.com.ar\/principal\/2015\/05\/28\/ciclo-de-cine-para-chicos-en-los-sum\/sum-blandengues\/#main\" data-orig-file=\"https:\/\/www.hoymercedes.com.ar\/principal\/wp-content\/uploads\/2015\/05\/sum.blandengues.jpg\" data-orig-size=\"620,347\" data-comments-opened=\"1\" data-image-meta=\"{&quot;aperture&quot;:&quot;0&quot;,&quot;credit&quot;:&quot;&quot;,&quot;camera&quot;:&quot;&quot;,&quot;caption&quot;:&quot;&quot;,&quot;created_timestamp&quot;:&quot;0&quot;,&quot;copyright&quot;:&quot;&quot;,&quot;focal_length&quot;:&quot;0&quot;,&quot;iso&quot;:&quot;0&quot;,&quot;shutter_speed&quot;:&quot;0&quot;,&quot;title&quot;:&quot;&quot;,&quot;orientation&quot;:&quot;0&quot;}\" data-image-title=\"sum.blandengues\" data-image-description=\"\" data-image-caption=\"\" data-large-file=\"https:\/\/www.hoymercedes.com.ar\/principal\/wp-content\/uploads\/2015\/05\/sum.blandengues.jpg\" class=\"Img2014 aligncenter wp-image-42003 size-full\" title=\"Blandengues, SUM, Desarrollo Social Mercedes\" src=\"https:\/\/www.hoymercedes.com.ar\/principal\/wp-content\/uploads\/2015\/05\/sum.blandengues.jpg\" alt=\"sum.blandengues\" width=\"620\" height=\"347\" srcset=\"https:\/\/www.hoymercedes.com.ar\/principal\/wp-content\/uploads\/2015\/05\/sum.blandengues.jpg 620w, https:\/\/www.hoymercedes.com.ar\/principal\/wp-content\/uploads\/2015\/05\/sum.blandengues-150x84.jpg 150w, https:\/\/www.hoymercedes.com.ar\/principal\/wp-content\/uploads\/2015\/05\/sum.blandengues-290x162.jpg 290w, https:\/\/www.hoymercedes.com.ar\/principal\/wp-content\/uploads\/2015\/05\/sum.blandengues-50x28.jpg 50w\" sizes=\"auto, (max-width: 620px) 100vw, 620px\" \/><\/a><\/div>\n<div dir=\"ltr\"><em><strong>\u00a0<\/strong><\/em><\/div>\n<div dir=\"ltr\"><em><strong>El viernes pasado desde la Secretar\u00eda de Desarrollo Social de la Municipalidad de Mercedes se dio inicio en el SUM del Barrio Blandengues al ciclo de \u201cCine Para Chicos\u201d.<\/strong><\/em><\/div>\n<div dir=\"ltr\"><\/div>\n<div dir=\"ltr\">\u201cLa idea de este proyecto es llegar a todas las barriadas de la ciudad con diversas pel\u00edculas para compartir un momento de encuentro y diversi\u00f3n a trav\u00e9s del cine\u201d, aseguran con informaci\u00f3n desde la Secretar\u00eda.<\/div>\n<div dir=\"ltr\">En este primer encuentro asistieron m\u00e1s de 30 chicos del barrio, donde adem\u00e1s de disfrutar de la proyecci\u00f3n de una pel\u00edcula se comparti\u00f3 una merienda.<\/div>\n<div dir=\"ltr\"><\/div>\n<div dir=\"ltr\">La idea de este proyecto es lograr la inclusi\u00f3n de los m\u00e1s peque\u00f1os a trav\u00e9s de la cultura.<\/div>\n<div dir=\"ltr\"><\/div>\n<div dir=\"ltr\"><\/div>\n<div dir=\"ltr\"><\/div>\n","protected":false},"excerpt":{"rendered":"<p>\u00a0 El viernes pasado desde la Secretar\u00eda de Desarrollo Social de la Municipalidad de Mercedes se dio inicio en el &#8230; <a title=\"Ciclo de cine para chicos en los SUM\" class=\"read-more\" href=\"https:\/\/www.hoymercedes.com.ar\/principal\/2015\/05\/28\/ciclo-de-cine-para-chicos-en-los-sum\/\" aria-label=\"Leer m\u00e1s sobre Ciclo de cine para chicos en los SUM\">Leer m\u00e1s<\/a><\/p>\n","protected":false},"author":1,"featured_media":42003,"comment_status":"open","ping_status":"open","sticky":false,"template":"","format":"standard","meta":{"_monsterinsights_skip_tracking":false,"_monsterinsights_sitenote_active":false,"_monsterinsights_sitenote_note":"","_monsterinsights_sitenote_category":0,"jetpack_post_was_ever_published":false,"_jetpack_newsletter_access":"","_jetpack_dont_email_post_to_subs":false,"_jetpack_newsletter_tier_id":0,"_jetpack_memberships_contains_paywalled_content":false,"_jetpack_memberships_contains_paid_content":false,"footnotes":"","jetpack_publicize_message":"","jetpack_publicize_feature_enabled":true,"jetpack_social_post_already_shared":true,"jetpack_social_options":{"image_generator_settings":{"template":"highway","default_image_id":0,"font":"","enabled":false},"version":2},"_wpas_customize_per_network":false},"categories":[104],"tags":[7390,2082,206],"class_list":["post-42002","post","type-post","status-publish","format-standard","has-post-thumbnail","hentry","category-cultura","tag-blandengues","tag-desarrollo-social-mercedes","tag-sum","generate-columns","tablet-grid-50","mobile-grid-100","grid-parent","grid-50"],"jetpack_publicize_connections":[],"jetpack_featured_media_url":"https:\/\/www.hoymercedes.com.ar\/principal\/wp-content\/uploads\/2015\/05\/sum.blandengues.jpg","wps_subtitle":"Desarrollo Social","jetpack_sharing_enabled":true,"jetpack-related-posts":[{"id":23128,"url":"https:\/\/www.hoymercedes.com.ar\/principal\/2013\/06\/23\/empezo-en-blandegues-una-serie-de-jornadas-en-los-sum-barriales\/","url_meta":{"origin":42002,"position":0},"title":"Empez\u00f3 en Blandegues una serie de jornadas en los SUM barriales","author":"hoymercedes","date":"23 junio, 2013","format":false,"excerpt":"Durante la semana pasada empez\u00f3 la primera jornada de integraci\u00f3n comunal generada desde el Municipio en el barrio Blandengues en el \u00e1mbito de su SUM. El encuentro de desarroll\u00f3 en las calles 105 entre 12 y 14. La actividad es parte de un programa de actividades confeccionado por la Municipalidad\u2026","rel":"","context":"En \u00abMunicipio\u00bb","block_context":{"text":"Municipio","link":"https:\/\/www.hoymercedes.com.ar\/principal\/category\/municipio\/"},"img":{"alt_text":"Barrio  Balndengues","src":"https:\/\/i0.wp.com\/www.hoymercedes.com.ar\/principal\/wp-content\/uploads\/2013\/06\/balndengues.jpg?resize=350%2C200","width":350,"height":200,"srcset":"https:\/\/i0.wp.com\/www.hoymercedes.com.ar\/principal\/wp-content\/uploads\/2013\/06\/balndengues.jpg?resize=350%2C200 1x, https:\/\/i0.wp.com\/www.hoymercedes.com.ar\/principal\/wp-content\/uploads\/2013\/06\/balndengues.jpg?resize=525%2C300 1.5x"},"classes":[]},{"id":53011,"url":"https:\/\/www.hoymercedes.com.ar\/principal\/2016\/07\/30\/ultimas-actividades-para-las-vacaciones-de-invierno\/","url_meta":{"origin":42002,"position":1},"title":"\u00daltimas actividades para las vacaciones de invierno","author":"hoymercedes","date":"30 julio, 2016","format":false,"excerpt":"Las diferentes \u00e1reas municipales trabajaron arduamente a lo largo de las dos semanas de vacaciones para poder ofrecerle a los ni\u00f1os distintas alternativas en el\u00a0receso escolar. Este s\u00e1bado y domingo dos d\u00edas m\u00e1s de actividades en el MAMM y el Teatro Argentino. Desde la Secretar\u00eda de\u00a0Desarrollo\u00a0Social\u00a0y la Direcci\u00f3n de Cultura,\u2026","rel":"","context":"En \u00abCultura\u00bb","block_context":{"text":"Cultura","link":"https:\/\/www.hoymercedes.com.ar\/principal\/category\/cultura\/"},"img":{"alt_text":"","src":"https:\/\/i0.wp.com\/www.hoymercedes.com.ar\/principal\/wp-content\/uploads\/2016\/07\/30-cierre-invierno.jpg?resize=350%2C200&ssl=1","width":350,"height":200},"classes":[]},{"id":140179,"url":"https:\/\/www.hoymercedes.com.ar\/principal\/2021\/11\/16\/el-club-holanda-inauguro-su-salon-de-usos-multiples\/","url_meta":{"origin":42002,"position":2},"title":"El Club Holanda inaugur\u00f3 su sal\u00f3n de usos m\u00faltiples","author":"hoymercedes","date":"16 noviembre, 2021","format":false,"excerpt":"Por Prensa Municipal - Mediante el Programa Nacional Clubes en Obra, complementado con el acompa\u00f1amiento de la Municipalidad de Mercedes y el Programa \u201cEsfuerzos Compartidos\u201d, la instituci\u00f3n del barrio Blandengues sum\u00f3 un Sal\u00f3n de Usos M\u00faltiples para todas las familias. En esta inauguraci\u00f3n estuvo presente el intendente Juan Ignacio Ustarroz\u2026","rel":"","context":"En \u00abDeportes\u00bb","block_context":{"text":"Deportes","link":"https:\/\/www.hoymercedes.com.ar\/principal\/category\/deportes\/"},"img":{"alt_text":"","src":"https:\/\/i0.wp.com\/www.hoymercedes.com.ar\/principal\/wp-content\/uploads\/2021\/11\/thumbnail2.jpg?resize=350%2C200&ssl=1","width":350,"height":200,"srcset":"https:\/\/i0.wp.com\/www.hoymercedes.com.ar\/principal\/wp-content\/uploads\/2021\/11\/thumbnail2.jpg?resize=350%2C200&ssl=1 1x, https:\/\/i0.wp.com\/www.hoymercedes.com.ar\/principal\/wp-content\/uploads\/2021\/11\/thumbnail2.jpg?resize=525%2C300&ssl=1 1.5x, https:\/\/i0.wp.com\/www.hoymercedes.com.ar\/principal\/wp-content\/uploads\/2021\/11\/thumbnail2.jpg?resize=700%2C400&ssl=1 2x"},"classes":[]},{"id":187715,"url":"https:\/\/www.hoymercedes.com.ar\/principal\/2025\/09\/08\/cine-al-barrio-llego-a-mercedes-con-talleres-de-cine-comunitario\/","url_meta":{"origin":42002,"position":3},"title":"\u201cCine al Barrio\u201d lleg\u00f3 a Mercedes con talleres de cine comunitario","author":"hoymercedes","date":"8 septiembre, 2025","format":false,"excerpt":"Ni\u00f1os y ni\u00f1as de Mercedes vivieron una serie de jornadas repletas de aprendizajes y entretenimiento, desarrollando su propia experiencia en el s\u00e9ptimo arte. Fue a trav\u00e9s del ciclo \u201cCine en tu barrio\u201d donde ellas y ellos se convierten en productores de su propia filmaci\u00f3n, destacaron desde la direcci\u00f3n de cultura\u2026","rel":"","context":"En \u00abCultura\u00bb","block_context":{"text":"Cultura","link":"https:\/\/www.hoymercedes.com.ar\/principal\/category\/cultura\/"},"img":{"alt_text":"\u201cCine al Barrio\u201d lleg\u00f3 a Mercedes con talleres de cine comunitario","src":"https:\/\/i0.wp.com\/www.hoymercedes.com.ar\/principal\/wp-content\/uploads\/2025\/09\/Filmacion-Ninos-as.jpg?resize=350%2C200&ssl=1","width":350,"height":200,"srcset":"https:\/\/i0.wp.com\/www.hoymercedes.com.ar\/principal\/wp-content\/uploads\/2025\/09\/Filmacion-Ninos-as.jpg?resize=350%2C200&ssl=1 1x, https:\/\/i0.wp.com\/www.hoymercedes.com.ar\/principal\/wp-content\/uploads\/2025\/09\/Filmacion-Ninos-as.jpg?resize=525%2C300&ssl=1 1.5x, https:\/\/i0.wp.com\/www.hoymercedes.com.ar\/principal\/wp-content\/uploads\/2025\/09\/Filmacion-Ninos-as.jpg?resize=700%2C400&ssl=1 2x, https:\/\/i0.wp.com\/www.hoymercedes.com.ar\/principal\/wp-content\/uploads\/2025\/09\/Filmacion-Ninos-as.jpg?resize=1050%2C600&ssl=1 3x"},"classes":[]},{"id":8339,"url":"https:\/\/www.hoymercedes.com.ar\/principal\/2011\/10\/18\/san-martin-campeon-del-torneo-inter-sum\/","url_meta":{"origin":42002,"position":4},"title":"San Martin campe\u00f3n del Torneo Inter Sum","author":"hoymercedes","date":"18 octubre, 2011","format":false,"excerpt":"El pasado dia s\u00e1bado, finalizo un nuevo Torneo InterSUM. Estos encuentros, que se dividen en categor\u00edas masculino y femenino, est\u00e1n destinados a las chicas y chicos de diferentes barrios y que concurren a los distintos Salones de Usos M\u00faltiples del Partido. De este Torneo, participaron los representantes del Barrio Ravello,\u2026","rel":"","context":"En \u00abDeportes\u00bb","block_context":{"text":"Deportes","link":"https:\/\/www.hoymercedes.com.ar\/principal\/category\/deportes\/"},"img":{"alt_text":"","src":"","width":0,"height":0},"classes":[]},{"id":52584,"url":"https:\/\/www.hoymercedes.com.ar\/principal\/2016\/07\/16\/diferentes-actividades-en-espacios-municipales\/","url_meta":{"origin":42002,"position":5},"title":"Diferentes actividades en espacios municipales","author":"hoymercedes","date":"16 julio, 2016","format":false,"excerpt":"La Municipalidad de Mercedes, a trav\u00e9s de la Direcci\u00f3n de Cultura y Educaci\u00f3n y la Secretar\u00eda de Desarrollo Social,\u00a0anunci\u00f3\u00a0el programa completo de actividades gratuitas para vacaciones de invierno. El Teatro Argentino, los museos municipales y los SUM barriales, se preparan para brindar una oferta cultural diversa para chicos y grandes.\u2026","rel":"","context":"En \u00abCultura\u00bb","block_context":{"text":"Cultura","link":"https:\/\/www.hoymercedes.com.ar\/principal\/category\/cultura\/"},"img":{"alt_text":"","src":"https:\/\/i0.wp.com\/www.hoymercedes.com.ar\/principal\/wp-content\/uploads\/2016\/07\/17-vacaciones-de-invierno.jpg?resize=350%2C200&ssl=1","width":350,"height":200},"classes":[]}],"_links":{"self":[{"href":"https:\/\/www.hoymercedes.com.ar\/principal\/wp-json\/wp\/v2\/posts\/42002","targetHints":{"allow":["GET"]}}],"collection":[{"href":"https:\/\/www.hoymercedes.com.ar\/principal\/wp-json\/wp\/v2\/posts"}],"about":[{"href":"https:\/\/www.hoymercedes.com.ar\/principal\/wp-json\/wp\/v2\/types\/post"}],"author":[{"embeddable":true,"href":"https:\/\/www.hoymercedes.com.ar\/principal\/wp-json\/wp\/v2\/users\/1"}],"replies":[{"embeddable":true,"href":"https:\/\/www.hoymercedes.com.ar\/principal\/wp-json\/wp\/v2\/comments?post=42002"}],"version-history":[{"count":0,"href":"https:\/\/www.hoymercedes.com.ar\/principal\/wp-json\/wp\/v2\/posts\/42002\/revisions"}],"wp:featuredmedia":[{"embeddable":true,"href":"https:\/\/www.hoymercedes.com.ar\/principal\/wp-json\/wp\/v2\/media\/42003"}],"wp:attachment":[{"href":"https:\/\/www.hoymercedes.com.ar\/principal\/wp-json\/wp\/v2\/media?parent=42002"}],"wp:term":[{"taxonomy":"category","embeddable":true,"href":"https:\/\/www.hoymercedes.com.ar\/principal\/wp-json\/wp\/v2\/categories?post=42002"},{"taxonomy":"post_tag","embeddable":true,"href":"https:\/\/www.hoymercedes.com.ar\/principal\/wp-json\/wp\/v2\/tags?post=42002"}],"curies":[{"name":"wp","href":"https:\/\/api.w.org\/{rel}","templated":true}]}}