{"id":42029,"date":"2015-05-28T23:33:08","date_gmt":"2015-05-29T02:33:08","guid":{"rendered":"http:\/\/www.hoymercedes.com.ar\/principal\/?p=42029"},"modified":"2015-06-23T13:51:12","modified_gmt":"2015-06-23T16:51:12","slug":"el-mic-pro-rechazo-la-rendicion-de-cuentas-del-ejercicio-2014-del-municipio","status":"publish","type":"post","link":"https:\/\/www.hoymercedes.com.ar\/principal\/2015\/05\/28\/el-mic-pro-rechazo-la-rendicion-de-cuentas-del-ejercicio-2014-del-municipio\/","title":{"rendered":"El MIC-PRO rechaz\u00f3 la rendici\u00f3n de cuentas del ejercicio 2014"},"content":{"rendered":"<p><a href=\"https:\/\/www.hoymercedes.com.ar\/principal\/wp-content\/uploads\/2015\/05\/cestari-badano.jpg\"><img loading=\"lazy\" decoding=\"async\" data-attachment-id=\"42030\" data-permalink=\"https:\/\/www.hoymercedes.com.ar\/principal\/2015\/05\/28\/el-mic-pro-rechazo-la-rendicion-de-cuentas-del-ejercicio-2014-del-municipio\/cestari-badano-8\/#main\" data-orig-file=\"https:\/\/www.hoymercedes.com.ar\/principal\/wp-content\/uploads\/2015\/05\/cestari-badano.jpg\" data-orig-size=\"620,413\" data-comments-opened=\"1\" data-image-meta=\"{&quot;aperture&quot;:&quot;0&quot;,&quot;credit&quot;:&quot;&quot;,&quot;camera&quot;:&quot;&quot;,&quot;caption&quot;:&quot;&quot;,&quot;created_timestamp&quot;:&quot;0&quot;,&quot;copyright&quot;:&quot;&quot;,&quot;focal_length&quot;:&quot;0&quot;,&quot;iso&quot;:&quot;0&quot;,&quot;shutter_speed&quot;:&quot;0&quot;,&quot;title&quot;:&quot;&quot;,&quot;orientation&quot;:&quot;0&quot;}\" data-image-title=\"cestari-badano\" data-image-description=\"\" data-image-caption=\"\" data-large-file=\"https:\/\/www.hoymercedes.com.ar\/principal\/wp-content\/uploads\/2015\/05\/cestari-badano.jpg\" class=\"Img2014 aligncenter wp-image-42030 size-full\" title=\"Jos\u00e9 Cestari, Carlos Badano, MIC, PRO\" src=\"https:\/\/www.hoymercedes.com.ar\/principal\/wp-content\/uploads\/2015\/05\/cestari-badano.jpg\" alt=\"cestari-badano\" width=\"620\" height=\"413\" srcset=\"https:\/\/www.hoymercedes.com.ar\/principal\/wp-content\/uploads\/2015\/05\/cestari-badano.jpg 620w, https:\/\/www.hoymercedes.com.ar\/principal\/wp-content\/uploads\/2015\/05\/cestari-badano-150x100.jpg 150w, https:\/\/www.hoymercedes.com.ar\/principal\/wp-content\/uploads\/2015\/05\/cestari-badano-290x193.jpg 290w, https:\/\/www.hoymercedes.com.ar\/principal\/wp-content\/uploads\/2015\/05\/cestari-badano-50x33.jpg 50w\" sizes=\"auto, (max-width: 620px) 100vw, 620px\" \/><\/a><\/p>\n<p><span style=\"color: #000000;\">El martes 26 de mayo se llev\u00f3 a cabo una nueva Sesi\u00f3n Ordinaria del HCD en la localidad de Altamira. <\/span><\/p>\n<p><span style=\"color: #000000;\">M\u00e1s all\u00e1 de todo lo tratado en la Sesi\u00f3n Ordinaria los concejales, Lic.Jos\u00e9 Cestari y Juan Carlos Badano, rechazaron la rendici\u00f3n de cuentas del Ejercicio 2014 del intendente.<\/span><\/p>\n<p><span style=\"color: #000000;\">An\u00e1lisis presupuestario.<\/span><span style=\"color: #000000;\">\u00a0 <\/span><\/p>\n<p><span style=\"color: #000000;\">Los porcentajes por ingresos tributarios (coparticipaci\u00f3n, etc.) y por ingresos no tributarios (tasas, derechos, etc.) son muy similares a Ejercicios anteriores.<\/span><span style=\"color: #000000;\">\u00a0 <\/span><\/p>\n<p><span style=\"color: #000000;\">Si observamos la Evoluci\u00f3n de Gastos vemos que en Personal fueron pagadas sumas comparables al ingreso proveniente de coparticipaci\u00f3n, lo que nos permite afirmar que es la provincia de Buenos Aires la que paga dichos sueldos. Cabe preguntarse qu\u00e9 pasar\u00eda si la coparticipaci\u00f3n decrece o cae. <\/span><\/p>\n<p><span style=\"color: #000000;\">Siendo el presupuesto la cuantificaci\u00f3n de los recursos para un Plan de Gobierno, creemos que debe existir una mayor previsi\u00f3n para evitar desv\u00edos presupuestarios.<\/span><\/p>\n<p><span style=\"color: #000000;\">El Estado de Ejecuci\u00f3n Presupuestario de Recursos demuestra que la mayor fuente de ingresos proviene de la coparticipaci\u00f3n, el problema persiste en los ingresos no tributarios (tasas y derechos municipales, etc.) ya que se estim\u00f3 en este presupuesto una recaudaci\u00f3n mayor, debido al aumento de los ingresos no tributarios, pero en el ejecutado no se percibi\u00f3. Esta baja en los porcentajes de cobrabilidad ha sido largamente analizada con el fin de mejorarla. La incidencia de la recesi\u00f3n econ\u00f3mica en general y un menor compromiso de la comunidad son dos de sus causas.<\/span><\/p>\n<p><span style=\"color: #000000;\">Esto demuestra la falencia de la gesti\u00f3n que, al no conseguir implementar un sistema eficaz de recaudaci\u00f3n, responsabiliza a los ciudadanos que siempre pagan de la merma de los ingresos. En definitiva siempre pagan los ciudadanos que trabajan dignamente y lamentablemente, en algunas ocasiones no ven la contraprestaci\u00f3n del servicio.<\/span><\/p>\n<p><span style=\"color: #000000;\">Los fundamentos del rechazo.<\/span><\/p>\n<p><span style=\"color: #000000;\">Hubo una menor Ejecuci\u00f3n (en pesos) de algunas Partidas Presupuestarias sensibles a la sociedad como por ejemplo: Subsidio por dificultades de transporte escolar en \u00e1reas rurales, Medio Ambiente, Servicio de Accidentolog\u00eda y traumatolog\u00eda en la v\u00eda p\u00fablica, Fomento a las actividades deportivas, Programa deporte y salud para todos, Servicios y acciones culturales a la comunidad, centros universitarios, reserva natural del arroyo Balta, Coordinaci\u00f3n de servicio local de promoci\u00f3n y protecci\u00f3n de los derechos del ni\u00f1o, Proyecto adolescente, Orquesta escuela, Tercera edad, Plan compartir 20 viviendas, Compra de terrenos para planes de vivienda de inter\u00e9s social, Programa de pavimentaci\u00f3n, reparaci\u00f3n, bacheo y cord\u00f3n cuneta, etc. Por otro lado Hubo una mayor Ejecuci\u00f3n (en pesos) de Partidas Presupuestarias como Publicidad y Propaganda. Prensa.<\/span><span style=\"color: #000000;\">\u00a0\u00a0 <\/span><span style=\"color: #000000;\">\u00a0\u00a0\u00a0\u00a0<\/span><\/p>\n<p><span style=\"color: #000000;\">Asimismo hubo un ninguneo u ocultamiento de informaci\u00f3n al HCD debido a la falta de respuesta o a destiempo, de gran cantidad de pedidos de informe que no fueron contestados por el DE, como por ejemplo:<\/span><\/p>\n<p><span style=\"color: #000000;\">Exp. 102\/14. Proyecto de Resoluci\u00f3n. Aprobado por unanimidad y contestado despu\u00e9s del vencimiento del contrato entre el CEAMSE y el Municipio. <\/span><\/p>\n<p><span style=\"color: #000000;\">a)<\/span><span style=\"color: #000000;\">\u00a0\u00a0\u00a0\u00a0\u00a0\u00a0\u00a0 <\/span><span style=\"color: #000000;\">Si se firm\u00f3 un Convenio entre el Municipio de Mercedes y el CEAMSE<\/span><span style=\"color: #000000;\">\u00a0 <\/span><span style=\"color: #000000;\">(Coordinaci\u00f3n Ecol\u00f3gica \u00c1rea Metropolitana Sociedad del Estado)<\/span><\/p>\n<p><span style=\"color: #000000;\">b)<\/span><span style=\"color: #000000;\">\u00a0\u00a0\u00a0\u00a0\u00a0\u00a0\u00a0 <\/span><span style=\"color: #000000;\">\u00bfA qu\u00e9 se comprometen ambas partes en dicho convenio?<\/span><\/p>\n<p><span style=\"color: #000000;\">c)<\/span><span style=\"color: #000000;\">\u00a0\u00a0\u00a0\u00a0\u00a0\u00a0\u00a0\u00a0 <\/span><span style=\"color: #000000;\"> Detalle el presupuesto de gastos que tendr\u00eda el Municipio (Infraestructura, servicios de transporte, canon que recibe el CEAMSE, etc.) para afrontar este Convenio.<\/span><span style=\"color: #000000;\">\u00a0\u00a0 <\/span><\/p>\n<p><span style=\"color: #000000;\">Exp. 130\/14. Proyecto de Resoluci\u00f3n aprobado por unanimidad. No contestado por el DE. <\/span><\/p>\n<p><span style=\"color: #000000;\">El HCD se dirige al DE para que, a trav\u00e9s del \u00e1rea correspondiente, informe a los contribuyentes, a trav\u00e9s de los medios de comunicaci\u00f3n p\u00fablicos y la pauta oficial que entrega a los privados, para que se fijen que el Servicio alumbrado p\u00fablico que se factura por EDEN S.A. debe figurar $ 0,00 y el importe que se paga tienen que estar en el concepto de la factura de EDEN S.A. \u201cLey 10.740 \u2013 Tasa de iluminaci\u00f3n municipal\u201d. Si le cobran el mismo concepto en las dos facturas debe reclamar en Mesa de Entrada del Municipio.<\/span><\/p>\n<p><span style=\"color: #000000;\">Exp. 220\/14. Proyecto de Resoluci\u00f3n. Aprobado por unanimidad. No contestado. <\/span><\/p>\n<p><span style=\"color: #000000;\">El HCD se dirige al DE para que eval\u00fae la posibilidad de destinar dos empleados municipales fijos, para tareas de mantenimiento, en la localidad de Jorge Born (Tom\u00e1s Jofr\u00e9) a la brevedad.<\/span><\/p>\n<p><span style=\"color: #000000;\">Exp. 276\/14. Proyecto de Resoluci\u00f3n. Aprobado por unanimidad. Contestado. Es Municipal, es para residuos \u00e1ridos y no requiere de estudio de impacto ambiental.<\/span><span style=\"color: #000000;\">\u00a0 <\/span><\/p>\n<p><span style=\"color: #000000;\">El HCD se dirige al DE, para que a trav\u00e9s del \u00e1rea correspondiente, informe. <\/span><\/p>\n<p><span style=\"color: #000000;\">a)<\/span><span style=\"color: #000000;\">\u00a0\u00a0\u00a0\u00a0\u00a0\u00a0\u00a0 <\/span><span style=\"color: #000000;\">Si los propietarios del predio C II, Sec. A, Chacra 50, Parcela 2 a. Plano de Divisi\u00f3n 71\/109\/59. Direcci\u00f3n de Vialidad de la Provincia de Buenos Aires., se encuentra habilitado por el Municipio de Mercedes para arrojar basura.<\/span><\/p>\n<p><span style=\"color: #000000;\">b)<\/span><span style=\"color: #000000;\">\u00a0\u00a0\u00a0\u00a0\u00a0\u00a0\u00a0 <\/span><span style=\"color: #000000;\">De ser negativa la respuesta del inciso a) proceda a desactivar la expansi\u00f3n<\/span><span style=\"color: #000000;\">\u00a0 <\/span><span style=\"color: #000000;\">de basura en el predio mencionado a trav\u00e9s de las v\u00edas legales correspondientes. <\/span><\/p>\n<p><span style=\"color: #000000;\">c)<\/span><span style=\"color: #000000;\">\u00a0\u00a0\u00a0\u00a0\u00a0\u00a0\u00a0\u00a0 <\/span><span style=\"color: #000000;\">De ser afirmativa la respuesta del inciso a) proceda a remitir a este cuerpo las explicaciones correspondientes que avalen tal autorizaci\u00f3n, elevando a este cuerpo los estudios de impacto ambiental remitidos por el OPDS.<\/span><\/p>\n<p><span style=\"color: #000000;\">Exp. 376\/14. Proyecto de Resoluci\u00f3n. Aprobado por unanimidad. No contestado. <\/span><\/p>\n<p><span style=\"color: #000000;\">El HCD se dirige al DE, para que a trav\u00e9s de las \u00e1reas correspondientes eval\u00fae:<\/span><\/p>\n<p><span style=\"color: #000000;\">a)<\/span><span style=\"color: #000000;\">\u00a0\u00a0\u00a0\u00a0\u00a0\u00a0\u00a0 <\/span><span style=\"color: #000000;\">Nivelar y zanjear la calle 61 entre calle 26 y el canal de desag\u00fce pluvial a cielo abierto de la calle 16. <\/span><\/p>\n<p><span style=\"color: #000000;\">b)<\/span><span style=\"color: #000000;\">\u00a0\u00a0\u00a0\u00a0\u00a0\u00a0\u00a0 <\/span><span style=\"color: #000000;\">Extraer la basura depositada en la calle 61 entre calle 26 y el canal de desag\u00fce pluvial a cielo abierto de la calle 16.<\/span><\/p>\n<p><span style=\"color: #000000;\">c)<\/span><span style=\"color: #000000;\">\u00a0\u00a0\u00a0\u00a0\u00a0\u00a0\u00a0 <\/span><span style=\"color: #000000;\">Colocar c\u00e1maras de vigilancia.<\/span><\/p>\n<p><span style=\"color: #000000;\">Exp. 597\/14. Proyecto de Resoluci\u00f3n. Aprobado por unanimidad. No contestado. <\/span><\/p>\n<p><span style=\"color: #000000;\">El HCD se dirige al DE, para que a trav\u00e9s del \u00e1rea correspondiente, informe:<\/span><\/p>\n<p><span style=\"color: #000000;\">a)<\/span><span style=\"color: #000000;\">\u00a0\u00a0\u00a0\u00a0\u00a0\u00a0\u00a0 <\/span><span style=\"color: #000000;\">Si los propietarios de los predios localizados en la calle 125: a) en acceso a la Ruta Nacional N\u00b0 5 y b)<\/span><span style=\"color: #000000;\">\u00a0 <\/span><span style=\"color: #000000;\">entre los n\u00fameros 3014 y 3021, se encuentran habilitados por el Municipio de Mercedes para arrojar basura.<\/span><\/p>\n<p><span style=\"color: #000000;\">b)<\/span><span style=\"color: #000000;\">\u00a0\u00a0\u00a0\u00a0\u00a0\u00a0\u00a0 <\/span><span style=\"color: #000000;\">De ser negativa la respuesta del inciso a) proceda a desactivar la expansi\u00f3n<\/span><span style=\"color: #000000;\">\u00a0 <\/span><span style=\"color: #000000;\">de basura en los predios mencionado a trav\u00e9s de las v\u00edas legales correspondientes. <\/span><\/p>\n<p><span style=\"color: #000000;\">c)<\/span><span style=\"color: #000000;\">\u00a0\u00a0\u00a0\u00a0\u00a0\u00a0\u00a0\u00a0 <\/span><span style=\"color: #000000;\">De ser afirmativa la respuesta del inciso a) proceda a remitir a este cuerpo las explicaciones correspondientes que avalen tal autorizaci\u00f3n, elevando a este cuerpo los estudios de impacto ambiental remitidos por el OPDS.<\/span><\/p>\n<p><span style=\"color: #000000;\">Exp. 771\/14. Proyecto de Resoluci\u00f3n. Aprobado por unanimidad. No contestado. <\/span><\/p>\n<p><span style=\"color: #000000;\">El HCD se dirige al DE, para que a trav\u00e9s del \u00e1rea correspondiente, informe:<\/span><\/p>\n<p><span style=\"color: #000000;\">a)<\/span><span style=\"color: #000000;\">\u00a0\u00a0\u00a0\u00a0\u00a0\u00a0\u00a0 <\/span><span style=\"color: #000000;\">\u00bfPor qu\u00e9 las tapas de registro de cloacas localizadas en calles 66 y 27, calles 58 y 17 est\u00e1n emanando grandes cantidades de efluentes cloacales?<\/span><\/p>\n<p><span style=\"color: #000000;\">b)<\/span><span style=\"color: #000000;\">\u00a0\u00a0\u00a0\u00a0\u00a0\u00a0\u00a0 <\/span><span style=\"color: #000000;\">\u00bfPor qu\u00e9 hay efluentes cloacales que llegan al canal de desag\u00fce pluvial a cielo abierto desde calles 58 y 17 hasta el R\u00edo Luj\u00e1n sin tratamiento?<\/span><\/p>\n<p><span style=\"color: #000000;\">c)<\/span><span style=\"color: #000000;\">\u00a0\u00a0\u00a0\u00a0\u00a0\u00a0\u00a0\u00a0 <\/span><span style=\"color: #000000;\">\u00bfPor qu\u00e9 no se realiza en saneamiento del canal de desag\u00fce pluvial a cielo abierto, mencionado en el punto b) y una limpieza de la basura existente en el mismo?<\/span><\/p>\n<p><span style=\"color: #000000;\">Exp. 766\/14. Proyecto de Resoluci\u00f3n. Aprobado por unanimidad. No contestado. <\/span><\/p>\n<p><span style=\"color: #000000;\">El HCD se dirige al DE, para que a trav\u00e9s de las \u00e1reas correspondientes, eval\u00fae e informe a este cuerpo legislativo la posibilidad de:<\/span><\/p>\n<p><span style=\"color: #000000;\">a) Reforestar la Plaza Principal de Jorge Born (Tom\u00e1s Jofr\u00e9) y toda la localidad, a trav\u00e9s de un plan general proyectado con criterio municipal, con un cronograma temporal y espacial, utilizando especies aut\u00f3ctonas que mejor se adapten. <\/span><\/p>\n<p><span style=\"color: #000000;\">b) Mantener el arbolado en la Plaza Principal de Jorge Born (Tom\u00e1s Jofr\u00e9), a trav\u00e9s de un plan de padrinazgo (comercios, instituciones, etc). <\/span><\/p>\n<p><span style=\"color: #000000;\">c) Ampliar el n\u00famero de puentes de zanja en la Plaza Principal de Jorge Born (Tom\u00e1s Jofr\u00e9) de 2 a 3 por cuadra. <\/span><\/p>\n<p><span style=\"color: #000000;\">d) Ampliar el n\u00famero de farolas de iluminaci\u00f3n p\u00fablica en la Plaza Principal de Jorge Born (Tom\u00e1s Jofr\u00e9).<\/span><span style=\"color: #000000;\">\u00a0 <\/span><\/p>\n<p><span style=\"color: #000000;\">e) Colocar en la Plaza Principal de Jorge Born (Tom\u00e1s Jofr\u00e9) cestos o contenedores de residuos, que se puedan separar en h\u00famedos y secos.<\/span><\/p>\n<p><span style=\"color: #000000;\">Exp. 679\/14. Proyecto de Resoluci\u00f3n. Aprobado por unanimidad. No contestado. <\/span><\/p>\n<p><span style=\"color: #000000;\">Art. 1\u00b0. El HCD se dirige al DE, para que a trav\u00e9s de la Secretar\u00eda de Desarrollo Social y la Direcci\u00f3n de Salud, lleve a cabo un censo socio sanitario de los habitantes del espacio geogr\u00e1fico comprendido entre las calles 61, 26, 32 y Avenida costanera o Dorrego.<\/span><\/p>\n<p><span style=\"color: #000000;\">Art. 2\u00b0. La elaboraci\u00f3n de las preguntas e indicadores socio \u2013 sanitarios estar\u00e1 a cargo del DE, sobre la base de los siguientes objetivos: 1) Obtener informaci\u00f3n fidedigna para elaborar un diagn\u00f3stico georreferenciado. 2) Dise\u00f1ar pol\u00edticas p\u00fablicas de prevenci\u00f3n y promoci\u00f3n de la salud primaria. 3) Coordinar con el Hospital Blas Dubarry los casos que requieran su derivaci\u00f3n a efectores de segundo nivel.<\/span><span style=\"color: #000000;\">\u00a0 <\/span><\/p>\n<p><span style=\"color: #000000;\">Exp. 634\/14. Proyecto de Resoluci\u00f3n.<\/span><span style=\"color: #000000;\">\u00a0 <\/span><span style=\"color: #000000;\">Aprobado por unanimidad. No contestado. <\/span><\/p>\n<p><span style=\"color: #000000;\">\u00a0<\/span><span style=\"color: #000000;\">El HCD se dirige al DE, para que a trav\u00e9s de la Secretar\u00eda de Obras y Servicios P\u00fablicos se eval\u00fae la factibilidad de la conclusi\u00f3n de la extensi\u00f3n de la red cloacal por calle 30 desde la calle 127 hasta la finalizaci\u00f3n de la calle al Este, asimismo se emita informe t\u00e9cnico y presupuestario a este cuerpo legislativo.<\/span><\/p>\n<p><span style=\"color: #000000;\">Exp. 90\/14. Proyecto de Resoluci\u00f3n. Aprobado por unanimidad. No contestado. <\/span><\/p>\n<p><span style=\"color: #000000;\">El HCD, se dirige al DE, para que a trav\u00e9s del \u00e1rea correspondiente, realice un control fitosanitario y de localizaci\u00f3n de \u00e1rboles que obstaculizan la circulaci\u00f3n de los veh\u00edculos de los Bomberos Voluntarios de Mercedes cercana a la acera izquierda, en las calles que tienen estacionamiento a 45 \u00b0 para que de ser necesario:<\/span><\/p>\n<p><span style=\"color: #000000;\">a)<\/span><span style=\"color: #000000;\">\u00a0\u00a0\u00a0\u00a0\u00a0\u00a0\u00a0 <\/span><span style=\"color: #000000;\">Realice una poda correctiva de los \u00e1rboles mencionados.<\/span><span style=\"color: #000000;\">\u00a0 <\/span><\/p>\n<p><span style=\"color: #000000;\">b)<\/span><span style=\"color: #000000;\">\u00a0\u00a0\u00a0\u00a0\u00a0\u00a0\u00a0 <\/span><span style=\"color: #000000;\">Y\/o extraiga los ejemplares arb\u00f3reos para ser reemplazados por otros.<\/span><\/p>\n<p><span style=\"color: #000000;\">Exp. 106\/14. Proyecto de Resoluci\u00f3n. Aprobado por unanimidad. No contestado. <\/span><\/p>\n<p><span style=\"color: #000000;\">El HCD se dirige al DE, para que a trav\u00e9s del \u00e1rea correspondiente, reemplace los tres canastos comunitarios para arrojar residuos s\u00f3lidos urbanos, por tres contenedores municipales de uso p\u00fablico en el Barrio Modelo o FONAVI.<\/span><\/p>\n<p><span style=\"color: #000000;\">Exp. 169\/14. Proyecto de Resoluci\u00f3n. Aprobado por unanimidad. No contestado. <\/span><\/p>\n<p><span style=\"color: #000000;\">El HCD se dirige al DE, para que a trav\u00e9s del \u00e1rea correspondiente, proceda a la limpieza de la exclusa del puente peatonal sobre el R\u00edo Luj\u00e1n en el Parque Municipal Independencia, entre la \u201cPasarella\u201d y la Antigua Fundici\u00f3n de Plomo y la deje en \u00f3ptimas condiciones de funcionamiento.<\/span><\/p>\n<p><span style=\"color: #000000;\">Exp. 330\/14. Proyecto de Resoluci\u00f3n. Aprobado por unanimidad. No contestado. <\/span><\/p>\n<p><span style=\"color: #000000;\">\u00a0<\/span><span style=\"color: #000000;\">El HCD se dirige al DE, para que a trav\u00e9s de las \u00e1reas correspondientes, eval\u00fae la posibilidad de realizar los siguientes trabajos:<\/span><\/p>\n<p><span style=\"color: #000000;\">a)<\/span><span style=\"color: #000000;\">\u00a0\u00a0\u00a0\u00a0\u00a0\u00a0\u00a0 <\/span><span style=\"color: #000000;\">Confecci\u00f3n de un relevamiento de las veredas en buen estado existentes en la Avenida de los Inmigrantes en el tramo comprendido entre la entrada a Mercedes por la Rotonda y la Avenida 1.<\/span><\/p>\n<p><span style=\"color: #000000;\">b)<\/span><span style=\"color: #000000;\">\u00a0\u00a0\u00a0\u00a0\u00a0\u00a0\u00a0 <\/span><span style=\"color: #000000;\">De ser necesario, en algunos tramos, por diferentes motivos construir vereda o senda peatonal por parte del Municipio.<\/span><\/p>\n<p><span style=\"color: #000000;\">Exp. 415\/14. Proyecto de Resoluci\u00f3n. Aprobado por unanimidad. No contestado.<\/span><\/p>\n<p><span style=\"color: #000000;\">\u00a0<\/span><span style=\"color: #000000;\">El HCD se dirige al DE, para que a trav\u00e9s del \u00e1rea correspondiente informe:<\/span><\/p>\n<p><span style=\"color: #000000;\">a)<\/span><span style=\"color: #000000;\">\u00a0\u00a0\u00a0\u00a0\u00a0\u00a0\u00a0 <\/span><span style=\"color: #000000;\">\u00bfCu\u00e1ntos volquetes el Municipio utiliza en la localidad de Goldney para que los vecinos arrojen basura?<\/span><\/p>\n<p><span style=\"color: #000000;\">b)<\/span><span style=\"color: #000000;\">\u00a0\u00a0\u00a0\u00a0\u00a0\u00a0\u00a0 <\/span><span style=\"color: #000000;\">\u00bfEn qu\u00e9 lugares se localizan?<\/span><\/p>\n<p><span style=\"color: #000000;\">c)<\/span><span style=\"color: #000000;\">\u00a0\u00a0\u00a0\u00a0\u00a0\u00a0\u00a0\u00a0 <\/span><span style=\"color: #000000;\">\u00bfCon qu\u00e9 frecuencia es retirada la basura acumulada?<\/span><\/p>\n<p><span style=\"color: #000000;\">d)<\/span><span style=\"color: #000000;\">\u00a0\u00a0\u00a0\u00a0\u00a0\u00a0\u00a0 <\/span><span style=\"color: #000000;\">\u00bfSe indica qu\u00e9 volquetes son para residuos secos y cu\u00e1les para h\u00famedos? \u00bfPor qu\u00e9?<\/span><\/p>\n<p><span style=\"color: #000000;\">e)<\/span><span style=\"color: #000000;\">\u00a0\u00a0\u00a0\u00a0\u00a0\u00a0\u00a0 <\/span><span style=\"color: #000000;\">Los volquetes \u00bfson propiedad del Municipio de Mercedes o se alquilan?<\/span><\/p>\n<p><span style=\"color: #000000;\">f)<\/span><span style=\"color: #000000;\">\u00a0\u00a0\u00a0\u00a0\u00a0\u00a0\u00a0\u00a0\u00a0 <\/span><span style=\"color: #000000;\">En caso de que se alquilen \u00bfcu\u00e1l es la erogaci\u00f3n presupuestaria anual?<\/span><\/p>\n<p><span style=\"color: #000000;\">Exp. 588\/14. Proyecto de Resoluci\u00f3n. Aprobado por unanimidad. No contestado. <\/span><\/p>\n<p><span style=\"color: #000000;\">El HCD, se dirige al DE, para que a trav\u00e9s del \u00e1rea correspondiente, se expida sobre la posibilidad de ceder un predio, con las dimensiones adecuadas, para que los Bomberos Voluntarios de Mercedes puedan construir un centro de operaciones en la localidad de Gowland.<\/span><\/p>\n<p><span style=\"color: #000000;\">Exp. 589\/14. Proyecto de Resoluci\u00f3n. Aprobado por unanimidad. No contestado. <\/span><\/p>\n<p><span style=\"color: #000000;\">El HCD, se dirige al DE, para que a trav\u00e9s del \u00e1rea correspondiente, emita un despacho respecto al Expediente 175\/11 a la Comisi\u00f3n de Legislaci\u00f3n, en car\u00e1cter de urgente, ya que se van a cumplir tres a\u00f1os de la consulta.<\/span><\/p>\n<p><span style=\"color: #000000;\">Exp. 713\/14. Proyecto de Resoluci\u00f3n. Aprobado por unanimidad. No contestado. <\/span><\/p>\n<p><span style=\"color: #000000;\">El HCD se dirige al DE, para que a trav\u00e9s del \u00e1rea correspondiente, realice operativos de seguridad vial en calle 91 entre 4 y 10, Barrio Ravello, para evitar las picadas de motos, especialmente los d\u00edas viernes y s\u00e1bados en horario de tarde.<\/span><\/p>\n<p><span style=\"color: #000000;\">Exp. 774\/14. Proyecto de Ordenanza. Enviado en consulta al DE. No contestado. <\/span><\/p>\n<p><span style=\"color: #000000;\">SISTEMA DE ALARMA SILENCIOSA PARA ESTABLECIMIENTOS COMERCIALES<\/span><\/p>\n<p><span style=\"color: #000000;\">Exp. 772\/14. Proyecto de Ordenanza. Enviado en consulta al DE. No contestado. <\/span><\/p>\n<p><span style=\"color: #000000;\">PROGRAMA ALERTA<\/span><\/p>\n<p><span style=\"color: #000000;\">Todos estos proyectos inciden en la necesidad de acceder a la informaci\u00f3n de datos econ\u00f3micos, necesarios para poder aprobar o rechazar la rendici\u00f3n de cuentas. <\/span><\/p>\n<p><span style=\"color: #000000;\">Ante lo expuesto el Bloque MIC presenta el siguiente proyecto de:<\/span><\/p>\n<p><span style=\"color: #000000;\">\u00a0<\/span><\/p>\n<p align=\"center\"><span style=\"color: #000000;\">RESOLUCI\u00d3N<\/span><\/p>\n<p><span style=\"color: #000000;\">Art. 1 Rechazase la Rendici\u00f3n de Cuentas del Ejercicio 2014 elevadas por el Departamento Ejecutivo correspondiente a la Jurisdicci\u00f3n I.<\/span><\/p>\n<p><span style=\"color: #000000;\">Art 2. Apru\u00e9bese la Rendici\u00f3n de Cuentas del Ejercicio 2014 elevadas por el Departamento Ejecutivo correspondiente a la Jurisdicci\u00f3n II.<\/span><\/p>\n<p><span style=\"color: #000000;\">\u00a0<\/span><\/p>\n<p><span style=\"color: #000000;\">\u00a0<\/span><\/p>\n<p><span style=\"color: #000000;\">JUN CARLOS BADANO<\/span><span style=\"color: #000000;\">\u00a0\u00a0\u00a0\u00a0\u00a0\u00a0\u00a0\u00a0\u00a0\u00a0\u00a0\u00a0\u00a0\u00a0\u00a0\u00a0\u00a0\u00a0\u00a0\u00a0\u00a0\u00a0\u00a0\u00a0<wbr \/>\u00a0\u00a0\u00a0\u00a0\u00a0\u00a0\u00a0\u00a0\u00a0\u00a0\u00a0\u00a0\u00a0 <\/span><span style=\"color: #000000;\">JOS\u00c9 MAR\u00cdA CESTARI<\/span><\/p>\n","protected":false},"excerpt":{"rendered":"<p>El martes 26 de mayo se llev\u00f3 a cabo una nueva Sesi\u00f3n Ordinaria del HCD en la localidad de Altamira. &#8230; <a title=\"El MIC-PRO rechaz\u00f3 la rendici\u00f3n de cuentas del ejercicio 2014\" class=\"read-more\" href=\"https:\/\/www.hoymercedes.com.ar\/principal\/2015\/05\/28\/el-mic-pro-rechazo-la-rendicion-de-cuentas-del-ejercicio-2014-del-municipio\/\" aria-label=\"Leer m\u00e1s sobre El MIC-PRO rechaz\u00f3 la rendici\u00f3n de cuentas del ejercicio 2014\">Leer m\u00e1s<\/a><\/p>\n","protected":false},"author":1,"featured_media":42030,"comment_status":"open","ping_status":"open","sticky":false,"template":"","format":"standard","meta":{"_monsterinsights_skip_tracking":false,"_monsterinsights_sitenote_active":false,"_monsterinsights_sitenote_note":"","_monsterinsights_sitenote_category":0,"jetpack_post_was_ever_published":false,"_jetpack_newsletter_access":"","_jetpack_dont_email_post_to_subs":false,"_jetpack_newsletter_tier_id":0,"_jetpack_memberships_contains_paywalled_content":false,"_jetpack_memberships_contains_paid_content":false,"footnotes":"","jetpack_publicize_message":"","jetpack_publicize_feature_enabled":true,"jetpack_social_post_already_shared":true,"jetpack_social_options":{"image_generator_settings":{"template":"highway","default_image_id":0,"font":"","enabled":false},"version":2},"_wpas_customize_per_network":false},"categories":[5],"tags":[],"class_list":["post-42029","post","type-post","status-publish","format-standard","has-post-thumbnail","hentry","category-politica","generate-columns","tablet-grid-50","mobile-grid-100","grid-parent","grid-50"],"jetpack_publicize_connections":[],"jetpack_featured_media_url":"https:\/\/www.hoymercedes.com.ar\/principal\/wp-content\/uploads\/2015\/05\/cestari-badano.jpg","wps_subtitle":"Actividad parlamentaria ","jetpack_sharing_enabled":true,"jetpack-related-posts":[{"id":41989,"url":"https:\/\/www.hoymercedes.com.ar\/principal\/2015\/05\/27\/el-concejo-deliberante-rechazo-la-rendicion-de-cuentas-del-ejercicio-2014-del-gobierno-municipal\/","url_meta":{"origin":42029,"position":0},"title":"El Concejo Deliberante rechaz\u00f3 la Rendici\u00f3n de Cuentas del ejercicio 2014 del gobierno municipal","author":"hoymercedes","date":"27 mayo, 2015","format":false,"excerpt":"27.05.15. Tal como hab\u00eda adelantado LUJANHOY, esta ma\u00f1ana, el Concejo fue sede de la Sesi\u00f3n Especial para tratar la Rendici\u00f3n de Cuentas del ejercicio 2014. En ese marco, se presentaron dos despachos: uno de la oposici\u00f3n y otro del oficialismo. Finalmente, se vot\u00f3 el presentado por la oposici\u00f3n, que asegura\u2026","rel":"","context":"En \u00abRegi\u00f3n\u00bb","block_context":{"text":"Regi\u00f3n","link":"https:\/\/www.hoymercedes.com.ar\/principal\/category\/region\/"},"img":{"alt_text":"","src":"","width":0,"height":0},"classes":[]},{"id":4142,"url":"https:\/\/www.hoymercedes.com.ar\/principal\/2011\/05\/10\/diferencias-en-el-concejo-deliberante-por-la-rendicion-de-cuentas-del-ejercicio-2010\/","url_meta":{"origin":42029,"position":1},"title":"Diferencias en el Concejo Deliberante por la rendici\u00f3n de cuentas del ejercicio 2010","author":"hoymercedes","date":"10 mayo, 2011","format":false,"excerpt":"Cuando todo hac\u00eda suponer quela sesi\u00f3n de este lunes iba a ser tranquila en el C oncejo Deliberante ya que los presidentes delos diferentes bloques hab\u00edan dado su palabra durante una reuni\u00f3n que mantuvieron el viernes ultimo con el intendente Carlos Selva de aprobar la ampliaci\u00f3n del presupuesto permitiendo al\u2026","rel":"","context":"En \u00abPol\u00edtica\u00bb","block_context":{"text":"Pol\u00edtica","link":"https:\/\/www.hoymercedes.com.ar\/principal\/category\/politica\/"},"img":{"alt_text":"Concejo Deliberante","src":"https:\/\/i0.wp.com\/www.hoymercedes.com.ar\/principal\/wp-content\/uploads\/2011\/05\/concejodelibetantemayo.jpg?resize=350%2C200","width":350,"height":200},"classes":[]},{"id":93937,"url":"https:\/\/www.hoymercedes.com.ar\/principal\/2019\/05\/28\/mayoria-cambiemos-rechazo-cuentas-del-ejecutiv\/","url_meta":{"origin":42029,"position":2},"title":"Mayor\u00eda Cambiemos rechaz\u00f3 cuentas del Ejecutivo","author":"hoymercedes","date":"28 mayo, 2019","format":false,"excerpt":"En sesi\u00f3n extraordinaria realizada este martes a la ma\u00f1ana, los concejales de Mercedes con la mayor\u00eda de diez legisladores del bloque Cambiemos rechaz\u00f3 las cuentas del ejercicio 2018 del Departamento Ejecutivo. En tanto, por unanimidad, los concejales aprobaron las cuentas del departamento legislativo.","rel":"","context":"En \u00abPol\u00edtica\u00bb","block_context":{"text":"Pol\u00edtica","link":"https:\/\/www.hoymercedes.com.ar\/principal\/category\/politica\/"},"img":{"alt_text":"","src":"https:\/\/i0.wp.com\/www.hoymercedes.com.ar\/principal\/wp-content\/uploads\/2019\/05\/28-sesionx600.jpg?resize=350%2C200&ssl=1","width":350,"height":200,"srcset":"https:\/\/i0.wp.com\/www.hoymercedes.com.ar\/principal\/wp-content\/uploads\/2019\/05\/28-sesionx600.jpg?resize=350%2C200&ssl=1 1x, https:\/\/i0.wp.com\/www.hoymercedes.com.ar\/principal\/wp-content\/uploads\/2019\/05\/28-sesionx600.jpg?resize=525%2C300&ssl=1 1.5x, https:\/\/i0.wp.com\/www.hoymercedes.com.ar\/principal\/wp-content\/uploads\/2019\/05\/28-sesionx600.jpg?resize=700%2C400&ssl=1 2x"},"classes":[]},{"id":130631,"url":"https:\/\/www.hoymercedes.com.ar\/principal\/2021\/05\/24\/hcd-sesionaran-el-27-de-mayo-para-tratar-la-rendicion-de-cuentas\/","url_meta":{"origin":42029,"position":3},"title":"HCD: sesionar\u00e1n el 27 de mayo para tratar la rendici\u00f3n de cuentas","author":"hoymercedes","date":"24 mayo, 2021","format":false,"excerpt":"Ante la necesidad de darle tratamiento al expediente con la Rendici\u00f3n de Cuentas antes del 31 de mayo y con despacho divido, los ediles acordaron sesionar el pr\u00f3ximo jueves 27 de mayo, a la hora 17. En el orden del d\u00eda, hay otros proyectos como la suspensi\u00f3n del estacionamiento medido\u2026","rel":"","context":"En \u00abPol\u00edtica\u00bb","block_context":{"text":"Pol\u00edtica","link":"https:\/\/www.hoymercedes.com.ar\/principal\/category\/politica\/"},"img":{"alt_text":"","src":"https:\/\/i0.wp.com\/www.hoymercedes.com.ar\/principal\/wp-content\/uploads\/2020\/06\/22-recinto-vacio.jpeg?resize=350%2C200&ssl=1","width":350,"height":200,"srcset":"https:\/\/i0.wp.com\/www.hoymercedes.com.ar\/principal\/wp-content\/uploads\/2020\/06\/22-recinto-vacio.jpeg?resize=350%2C200&ssl=1 1x, https:\/\/i0.wp.com\/www.hoymercedes.com.ar\/principal\/wp-content\/uploads\/2020\/06\/22-recinto-vacio.jpeg?resize=525%2C300&ssl=1 1.5x, https:\/\/i0.wp.com\/www.hoymercedes.com.ar\/principal\/wp-content\/uploads\/2020\/06\/22-recinto-vacio.jpeg?resize=700%2C400&ssl=1 2x"},"classes":[]},{"id":128016,"url":"https:\/\/www.hoymercedes.com.ar\/principal\/2021\/04\/12\/lunes-de-sesion-ordinaria-en-el-hcd-mercedes\/","url_meta":{"origin":42029,"position":4},"title":"Lunes de sesi\u00f3n ordinaria en el HCD Mercedes","author":"hoymercedes","date":"12 abril, 2021","format":false,"excerpt":"Desde la hora 19 de este lunes 12 de abril, los Concejales de la ciudad de Mercedes realizar\u00e1n una nueva sesi\u00f3n ordinaria en el recinto del Concejo Deliberante en el primer piso del Palacio Municipal. En el orden del d\u00eda, est\u00e1 previsto que aprueben por unanimidad dos expedientes: el primero\u2026","rel":"","context":"En \u00abPol\u00edtica\u00bb","block_context":{"text":"Pol\u00edtica","link":"https:\/\/www.hoymercedes.com.ar\/principal\/category\/politica\/"},"img":{"alt_text":"","src":"https:\/\/i0.wp.com\/www.hoymercedes.com.ar\/principal\/wp-content\/uploads\/2018\/10\/26-recinto-HCD.jpg?resize=350%2C200&ssl=1","width":350,"height":200,"srcset":"https:\/\/i0.wp.com\/www.hoymercedes.com.ar\/principal\/wp-content\/uploads\/2018\/10\/26-recinto-HCD.jpg?resize=350%2C200&ssl=1 1x, https:\/\/i0.wp.com\/www.hoymercedes.com.ar\/principal\/wp-content\/uploads\/2018\/10\/26-recinto-HCD.jpg?resize=525%2C300&ssl=1 1.5x, https:\/\/i0.wp.com\/www.hoymercedes.com.ar\/principal\/wp-content\/uploads\/2018\/10\/26-recinto-HCD.jpg?resize=700%2C400&ssl=1 2x"},"classes":[]},{"id":76700,"url":"https:\/\/www.hoymercedes.com.ar\/principal\/2018\/06\/01\/concejales-por-mayoria-rechazo-las-cuentas-2017-del-ejecutivo\/","url_meta":{"origin":42029,"position":5},"title":"Concejales por mayor\u00eda rechaz\u00f3 las cuentas 2017 del Ejecutivo","author":"hoymercedes","date":"1 junio, 2018","format":false,"excerpt":"El bloque de Cambiemos vot\u00f3 negativamente a la rendici\u00f3n de cuentas del pasado a\u00f1o. Destacaron el fallo del Tribunal de Cuentas que mult\u00f3 al Jefe Comunal y a la Comuna, adem\u00e1s de marcar dudas respecto a proveedores y sus facturaciones. En la ma\u00f1ana del \u00faltimo d\u00eda de mayo, el Concejo\u2026","rel":"","context":"En \u00abPol\u00edtica\u00bb","block_context":{"text":"Pol\u00edtica","link":"https:\/\/www.hoymercedes.com.ar\/principal\/category\/politica\/"},"img":{"alt_text":"","src":"https:\/\/i0.wp.com\/www.hoymercedes.com.ar\/principal\/wp-content\/uploads\/2018\/06\/31-sesion-hcd-extraor.jpg?resize=350%2C200&ssl=1","width":350,"height":200,"srcset":"https:\/\/i0.wp.com\/www.hoymercedes.com.ar\/principal\/wp-content\/uploads\/2018\/06\/31-sesion-hcd-extraor.jpg?resize=350%2C200&ssl=1 1x, https:\/\/i0.wp.com\/www.hoymercedes.com.ar\/principal\/wp-content\/uploads\/2018\/06\/31-sesion-hcd-extraor.jpg?resize=525%2C300&ssl=1 1.5x, https:\/\/i0.wp.com\/www.hoymercedes.com.ar\/principal\/wp-content\/uploads\/2018\/06\/31-sesion-hcd-extraor.jpg?resize=700%2C400&ssl=1 2x"},"classes":[]}],"_links":{"self":[{"href":"https:\/\/www.hoymercedes.com.ar\/principal\/wp-json\/wp\/v2\/posts\/42029","targetHints":{"allow":["GET"]}}],"collection":[{"href":"https:\/\/www.hoymercedes.com.ar\/principal\/wp-json\/wp\/v2\/posts"}],"about":[{"href":"https:\/\/www.hoymercedes.com.ar\/principal\/wp-json\/wp\/v2\/types\/post"}],"author":[{"embeddable":true,"href":"https:\/\/www.hoymercedes.com.ar\/principal\/wp-json\/wp\/v2\/users\/1"}],"replies":[{"embeddable":true,"href":"https:\/\/www.hoymercedes.com.ar\/principal\/wp-json\/wp\/v2\/comments?post=42029"}],"version-history":[{"count":0,"href":"https:\/\/www.hoymercedes.com.ar\/principal\/wp-json\/wp\/v2\/posts\/42029\/revisions"}],"wp:featuredmedia":[{"embeddable":true,"href":"https:\/\/www.hoymercedes.com.ar\/principal\/wp-json\/wp\/v2\/media\/42030"}],"wp:attachment":[{"href":"https:\/\/www.hoymercedes.com.ar\/principal\/wp-json\/wp\/v2\/media?parent=42029"}],"wp:term":[{"taxonomy":"category","embeddable":true,"href":"https:\/\/www.hoymercedes.com.ar\/principal\/wp-json\/wp\/v2\/categories?post=42029"},{"taxonomy":"post_tag","embeddable":true,"href":"https:\/\/www.hoymercedes.com.ar\/principal\/wp-json\/wp\/v2\/tags?post=42029"}],"curies":[{"name":"wp","href":"https:\/\/api.w.org\/{rel}","templated":true}]}}