{"id":42046,"date":"2015-05-30T21:33:43","date_gmt":"2015-05-31T00:33:43","guid":{"rendered":"http:\/\/www.hoymercedes.com.ar\/principal\/?p=42046"},"modified":"2015-06-01T14:13:43","modified_gmt":"2015-06-01T17:13:43","slug":"lucas-fal-suma-apoyos-carlos-aristi-ex-edil-afirmo-lucas-es-renovacion-es-cambio-dinamismo-capacidad","status":"publish","type":"post","link":"https:\/\/www.hoymercedes.com.ar\/principal\/2015\/05\/30\/lucas-fal-suma-apoyos-carlos-aristi-ex-edil-afirmo-lucas-es-renovacion-es-cambio-dinamismo-capacidad\/","title":{"rendered":"Lucas Fal suma apoyos: Carlos Aristi, ex edil afirm\u00f3 \u201cLucas es renovaci\u00f3n, es cambio, dinamismo, capacidad\u00bb"},"content":{"rendered":"<figure id=\"attachment_27415\" aria-describedby=\"caption-attachment-27415\" style=\"width: 610px\" class=\"wp-caption aligncenter\"><a href=\"https:\/\/www.hoymercedes.com.ar\/principal\/wp-content\/uploads\/2013\/11\/Aristi.jpg\"><img loading=\"lazy\" decoding=\"async\" data-attachment-id=\"27415\" data-permalink=\"https:\/\/www.hoymercedes.com.ar\/principal\/2013\/11\/19\/carlos-aristi-buscara-consolidar-el-pro-de-macri-en-mercedes\/aristi-3\/#main\" data-orig-file=\"https:\/\/www.hoymercedes.com.ar\/principal\/wp-content\/uploads\/2013\/11\/Aristi.jpg\" data-orig-size=\"620,415\" data-comments-opened=\"1\" data-image-meta=\"{&quot;aperture&quot;:&quot;2.8&quot;,&quot;credit&quot;:&quot;&quot;,&quot;camera&quot;:&quot;COOLPIX L10&quot;,&quot;caption&quot;:&quot;&quot;,&quot;created_timestamp&quot;:&quot;1320046611&quot;,&quot;copyright&quot;:&quot;Copyright 2006&quot;,&quot;focal_length&quot;:&quot;6.2&quot;,&quot;iso&quot;:&quot;64&quot;,&quot;shutter_speed&quot;:&quot;0.016666666666667&quot;,&quot;title&quot;:&quot;&quot;}\" data-image-title=\"Aristi\" data-image-description=\"\" data-image-caption=\"&lt;p&gt;Carlos Aristi&lt;\/p&gt;\n\" data-large-file=\"https:\/\/www.hoymercedes.com.ar\/principal\/wp-content\/uploads\/2013\/11\/Aristi.jpg\" class=\"Img2014 wp-image-27415 size-full\" title=\"Carlos Aristi apoya a Lucas Fal \" src=\"https:\/\/www.hoymercedes.com.ar\/principal\/wp-content\/uploads\/2013\/11\/Aristi.jpg\" alt=\"Carlos Aristi \" width=\"620\" height=\"415\" \/><\/a><figcaption id=\"caption-attachment-27415\" class=\"wp-caption-text\">Carlos Aristi<\/figcaption><\/figure>\n<p><em><strong>Lucas Fal, precandidato a intendente por la Uni\u00f3n C\u00edvica Radical, sigue sumando adhesiones a su figura. En esta ocasi\u00f3n el ex concejal de Uni\u00f3n Pro y ex Presidente de la Sociedad Rural, Carlos Aristi, qui\u00e9n sostuvo que: \u00abLucas es un cuadro muy interesante pol\u00edticamente, es un profesional joven, la intenci\u00f3n m\u00eda y de mucha otra gente es tratar de darle el mayor apoyo posible porque creemos que es lo mejor que le puede pasar a Mercedes\u201d.<\/strong><\/em><\/p>\n<p>A Semanario Protagonistas el ex edil tom\u00f3 posisi\u00f3n y lo hizo a favor del exponente radical.<\/p>\n<p>El concejal mandato cumplido decidi\u00f3 acompa\u00f1ar la figura del referente de la UCR. Entiende que es una persona joven, con mucha capacidad y est\u00e1 preparada para asumir el rol de intendente. Celebr\u00f3 el crecimiento del PRO y a\u00f1adi\u00f3 que \u201ces el momento de cambiar\u201d.<\/p>\n<p>Las elecciones 2015 est\u00e1n a punto de definirse (quedan dos semanas) cuales ser\u00e1n los reacomodamientos que existir\u00e1n en cuanto a la conformaci\u00f3n de acuerdo de fuerzas. Sin embargo, en esta previa a las primeras abiertas se est\u00e1 dando la particularidad de la aparici\u00f3n de figuras que deciden apoyar p\u00fablicamente a distintos candidatos. D\u00edas atr\u00e1s, en estas mismas p\u00e1ginas se reflejaba el sentir del ex presidente de la Corte bonaerense, Dr. San Mart\u00edn, en cuanto a su apoyo a la figura del Ingeniero Lucas Fal.<\/p>\n<p>Y ahora ha sido el concejal mandato cumplido, Dr. Carlos Aristi, quien ha decidido tambi\u00e9n encolumnarse en la idea de apoyar y acompa\u00f1ar la tarea de Fal. Durante la conferencia de prensa, que la UCR llev\u00f3 adelante a mediados de la pasada semana, quien fuera edil hasta el a\u00f1o 2013 decidi\u00f3 ser parte del grupo de personas dispuestas a trabajar para que Lucas Fal sea el pr\u00f3ximo intendente de la ciudad de Mercedes.<\/p>\n<p>Aristi acept\u00f3 en hablar con Protagonistas sobre esta decisi\u00f3n a la que arrib\u00f3: \u201cMe parece que ante todo,\u00a0Lucas es un cuadro muy interesante pol\u00edticamente, es un profesional joven, la intenci\u00f3n m\u00eda y de mucha otra gente es tratar de darle el mayor apoyo posible porque creemos que es lo mejor que le puede pasar a Mercedes\u201d.<\/p>\n<p>El concejal mandato cumplido entiende que la UCR est\u00e1 dentro de una elecci\u00f3n primaria \u201cbastante numerosa\u201d en cuanto a la cantidad de candidatos que pretenden ser candidatos del PRO \u201cpero creemos que Lucas es el cuadro m\u00e1s capacitado y m\u00e1s preparado que tiene la ciudad en la actualidad, y b\u00e1sicamente es un muchacho joven y no es abogado, que es muy importante, porque queremos gente de ejecuci\u00f3n, y \u00e9l es ingeniero\u2026\u201d.<\/p>\n<p>Ante la pregunta si el hecho de haber sido en su momento representante del PRO tambi\u00e9n inclin\u00f3 la balanza para decidir este acompa\u00f1amiento, respondi\u00f3: \u201cEl PRO es un partido muy nuevo, a ustedes les consta que cuando yo me fui del Concejo Deliberante no acept\u00e9 la propuesta del massismo para estar en la lista de ellos, porque consider\u00e9 que no correspond\u00eda, intent\u00e9 regentear el PRO en Mercedes, pero despu\u00e9s aparecieron otros y entre gallos y media noche somos todos PRO, y a\u00fan hay que esperar porque no sabemos en qu\u00e9 puede terminar esto porque as\u00ed como va, hasta Cristina Kirchner puede terminar en el PRO\u2026 lo cierto es que con todo esto a m\u00ed me pareci\u00f3 correcto terminar apoyando a un candidato con las mejores condiciones, sin restar cualidades al resto\u201d.<\/p>\n<p>En cuanto a lo que refleja la figura del pre candidato de la Uni\u00f3n C\u00edvica Radical, Aristi no tiene dudas en decir que \u201cLucas es renovaci\u00f3n, es cambio, dinamismo, capacidad, y a esas cosas hay que rescatarlas para un candidato, sobre todo un candidato que promete, a pesar que muchos opinemos que no es conveniente, estar solo cuatro a\u00f1os en el cargo y luego volverse a su casa\u2026\u201d.<\/p>\n<p>\u201cSe merece una oportunidad\u201d<\/p>\n<p>El veterinario tambi\u00e9n se refiri\u00f3 al apoyo externo que ha sumado Fal en las \u00faltimas semanas, \u201ces que toda esta gente est\u00e1 esperanzada en la personalidad de este chico, es alguien que ha militado desde muy joven por lo que tiene experiencia pol\u00edtica, en gesti\u00f3n maneja una empresa; la confusi\u00f3n que tenemos en la Argentina es pensar en que los pol\u00edticos son todos dioses que bajan del m\u00e1s all\u00e1 a derramar riquezas y bienestar para los s\u00fabditos, y en realidad los pol\u00edticos son seres humanos igual que todos nosotros, que tienen una funci\u00f3n temporalmente p\u00fablica y despu\u00e9s ellos la hacen permanente, y la falta de contacto y realidad hace que se empiecen a equivocar y creerse que son indispensable.\u00a0Lucas Fal, ha generado en mucha gente, de distintos sectores sociales una expectativa muy interesante y se merece una oportunidad, y si nos equivocamos, cambiamos en cuatro a\u00f1os, no es tan grave, lo malo es tener que esperar diez, quince o veinte a\u00f1os para cambiar\u201d.<\/p>\n<p>Aristi no tuvo dudas en destacar que hay que comenzar a dejarle espacios a la gente joven y terminar con \u201ctipos que hace a\u00f1os viven de la pol\u00edtica\u201d.<\/p>\n<p>Finalmente vio como agotada la gesti\u00f3n del actual intendente Selva, \u201ccreo que hasta f\u00edsicamente debe estar cansado. Creo que el cambio renueva, hay que agarrar las cartas y empezar a dar de vuelta. El desgaste que existe parece que algunas cosas pasaran a ser normales cuando en realidad no es as\u00ed, caso de la famosa mugre de Mercedes y el caos en el tr\u00e1nsito\u2026\u201d.<\/p>\n<p>Fuente:\u00a0Semanario Protagonistas &#8211; Prensa Lucas Fal<\/p>\n","protected":false},"excerpt":{"rendered":"<p>Lucas Fal, precandidato a intendente por la Uni\u00f3n C\u00edvica Radical, sigue sumando adhesiones a su figura. En esta ocasi\u00f3n el &#8230; <a title=\"Lucas Fal suma apoyos: Carlos Aristi, ex edil afirm\u00f3 \u201cLucas es renovaci\u00f3n, es cambio, dinamismo, capacidad\u00bb\" class=\"read-more\" href=\"https:\/\/www.hoymercedes.com.ar\/principal\/2015\/05\/30\/lucas-fal-suma-apoyos-carlos-aristi-ex-edil-afirmo-lucas-es-renovacion-es-cambio-dinamismo-capacidad\/\" aria-label=\"Leer m\u00e1s sobre Lucas Fal suma apoyos: Carlos Aristi, ex edil afirm\u00f3 \u201cLucas es renovaci\u00f3n, es cambio, dinamismo, capacidad\u00bb\">Leer m\u00e1s<\/a><\/p>\n","protected":false},"author":1,"featured_media":27415,"comment_status":"open","ping_status":"open","sticky":false,"template":"","format":"standard","meta":{"_monsterinsights_skip_tracking":false,"_monsterinsights_sitenote_active":false,"_monsterinsights_sitenote_note":"","_monsterinsights_sitenote_category":0,"jetpack_post_was_ever_published":false,"_jetpack_newsletter_access":"","_jetpack_dont_email_post_to_subs":false,"_jetpack_newsletter_tier_id":0,"_jetpack_memberships_contains_paywalled_content":false,"_jetpack_memberships_contains_paid_content":false,"footnotes":"","jetpack_publicize_message":"","jetpack_publicize_feature_enabled":true,"jetpack_social_post_already_shared":true,"jetpack_social_options":{"image_generator_settings":{"template":"highway","default_image_id":0,"font":"","enabled":false},"version":2},"_wpas_customize_per_network":false},"categories":[5],"tags":[1655,2008],"class_list":["post-42046","post","type-post","status-publish","format-standard","has-post-thumbnail","hentry","category-politica","tag-carlos-aristi","tag-lucas-fal","generate-columns","tablet-grid-50","mobile-grid-100","grid-parent","grid-50"],"jetpack_publicize_connections":[],"jetpack_featured_media_url":"https:\/\/www.hoymercedes.com.ar\/principal\/wp-content\/uploads\/2013\/11\/Aristi.jpg","wps_subtitle":"Elecciones 2015","jetpack_sharing_enabled":true,"jetpack-related-posts":[{"id":44909,"url":"https:\/\/www.hoymercedes.com.ar\/principal\/2015\/09\/29\/lucas-fal-participo-de-la-edicion-2015-de-la-exposicion-rural-de-mercedes\/","url_meta":{"origin":42046,"position":0},"title":"Lucas Fal particip\u00f3 de la edici\u00f3n 2015 de la Exposici\u00f3n Rural de Mercedes","author":"hoymercedes","date":"29 septiembre, 2015","format":false,"excerpt":"El candidato a Intendente del Frente Cambiemos, Lucas Fal este domingo se hizo presente en la 69 edici\u00f3n de la exposici\u00f3n Rural Mercedes, all\u00ed recorri\u00f3 el predio acompa\u00f1ado del Ingeniero agronomo Fernando Lapolla, el dirigente del Partido FE, Jorge Pirotta, quien invito a Fal a la carpa del UATRE. Tambi\u00e9n\u2026","rel":"","context":"En \u00abPol\u00edtica\u00bb","block_context":{"text":"Pol\u00edtica","link":"https:\/\/www.hoymercedes.com.ar\/principal\/category\/politica\/"},"img":{"alt_text":"","src":"https:\/\/i0.wp.com\/www.hoymercedes.com.ar\/principal\/wp-content\/uploads\/2015\/09\/fal-rural.jpg?resize=350%2C200&ssl=1","width":350,"height":200,"srcset":"https:\/\/i0.wp.com\/www.hoymercedes.com.ar\/principal\/wp-content\/uploads\/2015\/09\/fal-rural.jpg?resize=350%2C200&ssl=1 1x, https:\/\/i0.wp.com\/www.hoymercedes.com.ar\/principal\/wp-content\/uploads\/2015\/09\/fal-rural.jpg?resize=525%2C300&ssl=1 1.5x"},"classes":[]},{"id":27413,"url":"https:\/\/www.hoymercedes.com.ar\/principal\/2013\/11\/19\/carlos-aristi-buscara-consolidar-el-pro-de-macri-en-mercedes\/","url_meta":{"origin":42046,"position":1},"title":"Carlos Aristi buscar\u00e1 consolidar el PRO de Macri en Mercedes","author":"hoymercedes","date":"19 noviembre, 2013","format":false,"excerpt":"Carlos Aristi ser\u00e1 concejal hasta el pr\u00f3ximo cambio de legisladores el 10 de diciembre dado que no renov\u00f3 su banca obtenida hace cuatro a\u00f1os con Uni\u00f3n Pro. Su bloque qued\u00f3 desarmado cuando dos de sus compa\u00f1eros, Juan Carlos Benitez y Ruth Muraca se pasaron al Frente Renovador dej\u00e1ndolo por su\u2026","rel":"","context":"En \u00abPol\u00edtica\u00bb","block_context":{"text":"Pol\u00edtica","link":"https:\/\/www.hoymercedes.com.ar\/principal\/category\/politica\/"},"img":{"alt_text":"Carlos Aristi ","src":"https:\/\/i0.wp.com\/www.hoymercedes.com.ar\/principal\/wp-content\/uploads\/2013\/11\/Aristi.jpg?resize=350%2C200","width":350,"height":200,"srcset":"https:\/\/i0.wp.com\/www.hoymercedes.com.ar\/principal\/wp-content\/uploads\/2013\/11\/Aristi.jpg?resize=350%2C200 1x, https:\/\/i0.wp.com\/www.hoymercedes.com.ar\/principal\/wp-content\/uploads\/2013\/11\/Aristi.jpg?resize=525%2C300 1.5x"},"classes":[]},{"id":170469,"url":"https:\/\/www.hoymercedes.com.ar\/principal\/2023\/12\/09\/calle-y-paseo-en-homenaje-a-lucas-fal\/","url_meta":{"origin":42046,"position":2},"title":"Calle y paseo en homenaje a Lucas Fal","author":"hoymercedes","date":"9 diciembre, 2023","format":false,"excerpt":"Durante la ma\u00f1ana de este s\u00e1bado 9 de diciembre, a pocas horas de celebrarse los 40 a\u00f1os de Democracia ininterrumpida en Argentina, en la plaza que est\u00e1 entre las principales estaciones de trenes y que se conoce como Paseo de la Juventud se oficializ\u00f3 la imposici\u00f3n de nombre a la\u2026","rel":"","context":"En \u00abSociedad\u00bb","block_context":{"text":"Sociedad","link":"https:\/\/www.hoymercedes.com.ar\/principal\/category\/sociedad\/"},"img":{"alt_text":"","src":"https:\/\/i0.wp.com\/www.hoymercedes.com.ar\/principal\/wp-content\/uploads\/2023\/12\/pasaje-lucas-fal-1.jpg?resize=350%2C200&ssl=1","width":350,"height":200,"srcset":"https:\/\/i0.wp.com\/www.hoymercedes.com.ar\/principal\/wp-content\/uploads\/2023\/12\/pasaje-lucas-fal-1.jpg?resize=350%2C200&ssl=1 1x, https:\/\/i0.wp.com\/www.hoymercedes.com.ar\/principal\/wp-content\/uploads\/2023\/12\/pasaje-lucas-fal-1.jpg?resize=525%2C300&ssl=1 1.5x, https:\/\/i0.wp.com\/www.hoymercedes.com.ar\/principal\/wp-content\/uploads\/2023\/12\/pasaje-lucas-fal-1.jpg?resize=700%2C400&ssl=1 2x"},"classes":[]},{"id":149697,"url":"https:\/\/www.hoymercedes.com.ar\/principal\/2022\/06\/22\/proponen-que-el-paseo-de-la-juventud-lleve-el-nombre-de-lucas-fal\/","url_meta":{"origin":42046,"position":3},"title":"Proponen que el Paseo de la Juventud lleve el nombre de Lucas Fal","author":"hoymercedes","date":"22 junio, 2022","format":false,"excerpt":"En un proyecto de ordenanza presentado por el bloque Juntos ante el cuerpo del Concejo Deliberante de Mercedes para ser tratado en las pr\u00f3ximas sesiones, los concejales proponen que la calle 8 entre las calles 29 y 17, donde se preve que funcione el Paseo de la Juventud, lleve el\u2026","rel":"","context":"En \u00abHCD Mercedes\u00bb","block_context":{"text":"HCD Mercedes","link":"https:\/\/www.hoymercedes.com.ar\/principal\/category\/hcd-mercedes\/"},"img":{"alt_text":"","src":"https:\/\/i0.wp.com\/www.hoymercedes.com.ar\/principal\/wp-content\/uploads\/2021\/04\/29-lucas-fal.jpeg?resize=350%2C200&ssl=1","width":350,"height":200},"classes":[]},{"id":49185,"url":"https:\/\/www.hoymercedes.com.ar\/principal\/2016\/04\/22\/a-traves-de-las-redes-sociales-se-solidarizan-con-fal\/","url_meta":{"origin":42046,"position":4},"title":"A trav\u00e9s de las redes sociales se solidarizan con Fal","author":"hoymercedes","date":"22 abril, 2016","format":false,"excerpt":"Una innumerable cantidad de mensajes ha recibido el ex candidato a Intendente de Cambiemos Lucas Fal. Desde quienes lo acompa\u00f1an en el comit\u00e9 radical, hasta contrincantes pol\u00edticos, pasando por militantes y ciudadanos, todos han dejado su mensaje de aliento. \u00a0 Lucas Fal vive por estos momentos sus horas m\u00e1s cr\u00edticas.\u2026","rel":"","context":"En \u00abSociedad\u00bb","block_context":{"text":"Sociedad","link":"https:\/\/www.hoymercedes.com.ar\/principal\/category\/sociedad\/"},"img":{"alt_text":"","src":"https:\/\/i0.wp.com\/www.hoymercedes.com.ar\/principal\/wp-content\/uploads\/2016\/04\/22-juventud-fal.jpg?resize=350%2C200&ssl=1","width":350,"height":200},"classes":[]},{"id":129178,"url":"https:\/\/www.hoymercedes.com.ar\/principal\/2021\/04\/29\/la-jr-recuerda-a-lucas-fal-a-5-anos-de-su-fallecimiento\/","url_meta":{"origin":42046,"position":5},"title":"La JR recuerda a Lucas Fal a 5 a\u00f1os de su fallecimiento","author":"hoymercedes","date":"29 abril, 2021","format":false,"excerpt":"Desde la Juventud Radical de Mercedes recordaron al dirigente radical Lucas Fal que falleci\u00f3 hace 5 a\u00f1os. Como gu\u00eda de la l\u00ednea juvenil, evocan al referente pol\u00edtico con las palabras que los inst\u00f3 a seguir en la militancia de la UCR. \"Nuestro recuerdo a Lucas, quien supo ser gu\u00eda y\u2026","rel":"","context":"En \u00abPol\u00edtica\u00bb","block_context":{"text":"Pol\u00edtica","link":"https:\/\/www.hoymercedes.com.ar\/principal\/category\/politica\/"},"img":{"alt_text":"","src":"https:\/\/i0.wp.com\/www.hoymercedes.com.ar\/principal\/wp-content\/uploads\/2021\/04\/29-lucas-fal-JR.jpeg?resize=350%2C200&ssl=1","width":350,"height":200,"srcset":"https:\/\/i0.wp.com\/www.hoymercedes.com.ar\/principal\/wp-content\/uploads\/2021\/04\/29-lucas-fal-JR.jpeg?resize=350%2C200&ssl=1 1x, https:\/\/i0.wp.com\/www.hoymercedes.com.ar\/principal\/wp-content\/uploads\/2021\/04\/29-lucas-fal-JR.jpeg?resize=525%2C300&ssl=1 1.5x, https:\/\/i0.wp.com\/www.hoymercedes.com.ar\/principal\/wp-content\/uploads\/2021\/04\/29-lucas-fal-JR.jpeg?resize=700%2C400&ssl=1 2x, https:\/\/i0.wp.com\/www.hoymercedes.com.ar\/principal\/wp-content\/uploads\/2021\/04\/29-lucas-fal-JR.jpeg?resize=1050%2C600&ssl=1 3x"},"classes":[]}],"_links":{"self":[{"href":"https:\/\/www.hoymercedes.com.ar\/principal\/wp-json\/wp\/v2\/posts\/42046","targetHints":{"allow":["GET"]}}],"collection":[{"href":"https:\/\/www.hoymercedes.com.ar\/principal\/wp-json\/wp\/v2\/posts"}],"about":[{"href":"https:\/\/www.hoymercedes.com.ar\/principal\/wp-json\/wp\/v2\/types\/post"}],"author":[{"embeddable":true,"href":"https:\/\/www.hoymercedes.com.ar\/principal\/wp-json\/wp\/v2\/users\/1"}],"replies":[{"embeddable":true,"href":"https:\/\/www.hoymercedes.com.ar\/principal\/wp-json\/wp\/v2\/comments?post=42046"}],"version-history":[{"count":0,"href":"https:\/\/www.hoymercedes.com.ar\/principal\/wp-json\/wp\/v2\/posts\/42046\/revisions"}],"wp:featuredmedia":[{"embeddable":true,"href":"https:\/\/www.hoymercedes.com.ar\/principal\/wp-json\/wp\/v2\/media\/27415"}],"wp:attachment":[{"href":"https:\/\/www.hoymercedes.com.ar\/principal\/wp-json\/wp\/v2\/media?parent=42046"}],"wp:term":[{"taxonomy":"category","embeddable":true,"href":"https:\/\/www.hoymercedes.com.ar\/principal\/wp-json\/wp\/v2\/categories?post=42046"},{"taxonomy":"post_tag","embeddable":true,"href":"https:\/\/www.hoymercedes.com.ar\/principal\/wp-json\/wp\/v2\/tags?post=42046"}],"curies":[{"name":"wp","href":"https:\/\/api.w.org\/{rel}","templated":true}]}}