{"id":42063,"date":"2015-05-31T20:08:35","date_gmt":"2015-05-31T23:08:35","guid":{"rendered":"http:\/\/www.hoymercedes.com.ar\/principal\/?p=42063"},"modified":"2015-06-01T14:11:34","modified_gmt":"2015-06-01T17:11:34","slug":"carlos-selva-el-pj-de-mercedes-esta-con-sergio-massa","status":"publish","type":"post","link":"https:\/\/www.hoymercedes.com.ar\/principal\/2015\/05\/31\/carlos-selva-el-pj-de-mercedes-esta-con-sergio-massa\/","title":{"rendered":"Carlos Selva: \u201cEl PJ de Mercedes est\u00e1 con Sergio Massa\u201d"},"content":{"rendered":"<p><a href=\"https:\/\/www.hoymercedes.com.ar\/principal\/wp-content\/uploads\/2015\/05\/selva-massa-delasota-web.jpg\"><img loading=\"lazy\" decoding=\"async\" data-attachment-id=\"42064\" data-permalink=\"https:\/\/www.hoymercedes.com.ar\/principal\/2015\/05\/31\/carlos-selva-el-pj-de-mercedes-esta-con-sergio-massa\/selva-massa-delasota-web\/#main\" data-orig-file=\"https:\/\/www.hoymercedes.com.ar\/principal\/wp-content\/uploads\/2015\/05\/selva-massa-delasota-web.jpg\" data-orig-size=\"620,465\" data-comments-opened=\"1\" data-image-meta=\"{&quot;aperture&quot;:&quot;0&quot;,&quot;credit&quot;:&quot;&quot;,&quot;camera&quot;:&quot;&quot;,&quot;caption&quot;:&quot;&quot;,&quot;created_timestamp&quot;:&quot;0&quot;,&quot;copyright&quot;:&quot;&quot;,&quot;focal_length&quot;:&quot;0&quot;,&quot;iso&quot;:&quot;0&quot;,&quot;shutter_speed&quot;:&quot;0&quot;,&quot;title&quot;:&quot;&quot;,&quot;orientation&quot;:&quot;0&quot;}\" data-image-title=\"selva-massa-delasota-web\" data-image-description=\"\" data-image-caption=\"\" data-large-file=\"https:\/\/www.hoymercedes.com.ar\/principal\/wp-content\/uploads\/2015\/05\/selva-massa-delasota-web.jpg\" class=\"Img2014 aligncenter wp-image-42064 size-full\" title=\"Carlos Selva, Sergio Massa, Jos\u00e9 De la Sota, Frente Renovador\" src=\"https:\/\/www.hoymercedes.com.ar\/principal\/wp-content\/uploads\/2015\/05\/selva-massa-delasota-web.jpg\" alt=\"selva-massa-delasota-web\" width=\"620\" height=\"465\" srcset=\"https:\/\/www.hoymercedes.com.ar\/principal\/wp-content\/uploads\/2015\/05\/selva-massa-delasota-web.jpg 620w, https:\/\/www.hoymercedes.com.ar\/principal\/wp-content\/uploads\/2015\/05\/selva-massa-delasota-web-150x113.jpg 150w, https:\/\/www.hoymercedes.com.ar\/principal\/wp-content\/uploads\/2015\/05\/selva-massa-delasota-web-290x218.jpg 290w, https:\/\/www.hoymercedes.com.ar\/principal\/wp-content\/uploads\/2015\/05\/selva-massa-delasota-web-50x38.jpg 50w\" sizes=\"auto, (max-width: 620px) 100vw, 620px\" \/><\/a><\/p>\n<p>El intendente asever\u00f3 que es cierto, \u201chay intendentes que retornan al lugar de donde hab\u00edan venido\u201d. Mientras que Sergio Massa, fue m\u00e1s all\u00e1 y ponder\u00f3 al intendente mercedino al asegurar que \u00abs\u00e9 que hay muchos dirigentes que tienen precio, pero hay muchos que tienen el valor de querer cambiar la realidad del pa\u00eds\u00bb. Se reunieron m\u00e1s de 400 intendentes de todo el pa\u00eds en Buenos Aires.<\/p>\n<p>\u201cEl PJ de Mercedes est\u00e1 con Sergio Massa\u201d, as\u00ed, el intendente de Mercedes, Carlos Selva, ech\u00f3 por tierra diferentes versiones que circulaban en torno a su alejamiento del Frente Renovador. Lo hizo a trav\u00e9s de la 88.1 Mhz, en el programa \u201cParte del Aire\u201d.<\/p>\n<p>\u201cNo son rumores, son hechos concretos\u201d se\u00f1al\u00f3 Selva, sobre los pases de algunos intendentes como Othaceh\u00e9 que, dijo el referente local del Frente Renovador, \u201cretornan al lugar de donde hab\u00edan venido\u201d. Sobre \u00e9ste mismo tema, el pre candidato a presidente de esa fuerza, Sergio Massa, fue m\u00e1s tajante: \u00abS\u00e9 que hay muchos dirigentes que tienen precio, pero hay muchos que tienen el valor de querer cambiar la realidad del pa\u00eds\u00bb, fortaleciendo lo dicho y levantando al intendente mercedino.<\/p>\n<p>Selva indic\u00f3 que \u201clo real es que la agenda del FR, es la agenda de la sociedad\u201d y se\u00f1al\u00f3 algunos de los puntos que desde el FR y Sergio Massa vienen sosteniendo como cr\u00edticas al gobierno porque, manifest\u00f3, \u201cSergio no ha cambiado\u201d apuntando a los temas como la inflaci\u00f3n, entre otros.<\/p>\n<p>\u201cHa habido coyunturas, errores de nuestro espacio pero tambi\u00e9n movidas medi\u00e1ticas\u201d expres\u00f3 Selva que se mostr\u00f3 firme en el lugar que ocupa en el espacio del Frente Renovador, despejando todas las dudas sobre su lugar en la pol\u00edtica local.<\/p>\n<p>Respecto de los rumores, Selva manifest\u00f3 que \u201cse confunde lo que es tener buenas relaciones personales\u201d sobre las fotos que circulan, acompa\u00f1ado por Espinosa o las im\u00e1genes de la inauguraci\u00f3n del segundo piso del Hospital Dubarry, donde comparti\u00f3 el evento junto a Julio De Vido y Eduardo De Pedro: \u201cCon Espinosa somos amigos desde Alberto Ballestrini\u201d dijo, y aclar\u00f3 que \u201chemos compartido muchos momentos como amigos\u201d.<\/p>\n<p>El diputado nacional de la Provincia de Buenos Aires por el Frente Renovador Sergio Massa, junto al gobernador de C\u00f3rdoba, Jos\u00e9 Manuel de la Sota, encabezaron el encuentro de dirigentes de UNA, el acuerdo que ambos sellaron en abril y que los enfrentar\u00e1 en las primarias presidenciales de agosto, en el que estuvo Carlos Selva presente.<\/p>\n<p>All\u00ed, Massa subray\u00f3: \u201cNo importa si es Sergio y Jos\u00e9, o Jos\u00e9 y Sergio, queremos convocar a todo aquel que quiera cumplir el sue\u00f1o de una Argentina mejor. Hay que dejar el ego\u00edsmo y las mezquindades de lado, y ver los riesgos para el pa\u00eds que significa m\u00e1s kirchnerismo. Queremos un di\u00e1logo amplio de la oposici\u00f3n para resolver qu\u00e9 pa\u00eds queremos despu\u00e9s del kirchnerismo\u201d.<\/p>\n<p>El encuentro tuvo lugar en el Sal\u00f3n Rojo del predio de La Rural y congreg\u00f3 a unos 400 intendentes\u200e de cada uno de los rincones del pa\u00eds, m\u00e1s de 250 legisladores, entre diputados nacionales, provinciales y municipales, 800 concejales y 3 mil dirigentes de todo el pa\u00eds de ambos espacios pol\u00edticos, que se hicieron presentes para acompa\u00f1ar a \u201cUnidos por una Nueva Argentina\u201d.<\/p>\n<p>Massa asegur\u00f3 que \u201cnecesitamos seguridad porque la gente est\u00e1 harta de los jueces garantistas y de ver delincuentes que entran por una puerta y salen por otra. Necesitamos firmeza y coraje para enfrentar la inseguridad y para que enfrentemos a esos jueces que han transformado la doctrina de evaluar el comportamiento del delincuente como su forma de accionar, en lugar de trabajar seriamente en castigar a aquellos que viven al margen de la ley. Argentina necesita una pelea frontal contra el narcotr\u00e1fico. Necesitamos dar la pelea para que millones de argentinos que hoy no tienen su casa, puedan hacerlo a partir de un cr\u00e9dito barato. No queremos cr\u00e9ditos para los amigos poderosos y empresarios, queremos cr\u00e9ditos para la gente con tasa subsidiada para el matrimonio joven que necesita su vivienda\u201d.<\/p>\n<p>Massa asimismo manifest\u00f3: \u201cQueremos una Argentina en la cual tengamos la capacidad de invertir en infraestructura del transporte para bajarle el costo a las provincias argentinas que hoy sufren. Tenemos la enorme tarea de construir un pa\u00eds federal. Un pa\u00eds en el que los impuestos dejen de ser una carga para el trabajador, para el docente, para el jubilado, para el comerciante, para el profesional y empiecen a ser una carga para los verdaderamente poderosos que son la renta financiera y el juego. Sectores que parecieran intocables, pero que nosotros tenemos el coraje y la convicci\u00f3n de obligarlos a que paguen los impuestos que corresponden\u201d.<\/p>\n<p>Para concluir, Sergio Massa sostuvo: \u201cNo importa si es Sergio y Jos\u00e9, o Jos\u00e9 y Sergio, queremos convocar a todo aquel que quiera cumplir el sue\u00f1o de una Argentina mejor, planteando que no queremos ser funcionales al continuismo del kirchnerismo del presente. Estamos unidos para vencer al kirchnerismo. Queremos ser protagonistas de la construcci\u00f3n del futuro, y eso no se hace peleando un cargo, sino debatiendo y acordando ideas trabajando en equipo. Tenemos la enorme vocaci\u00f3n de que aquellos que sue\u00f1an, peronistas radicales, vecinalistas, socialistas, independientes, todos aquellos que sue\u00f1en con que podemos construir desde la pluralidad, sin mezquindades, compitiendo inteligentemente, un cambio para la Argentina, a que se sumen y trabajemos juntos\u201d.<\/p>\n<p>De la Sota por su parte, manifest\u00f3: \u201cLa Argentina es un pa\u00eds de enorme oportunidades, que lamentablemente, nunca se concretan por eso hoy debemos construir una nueva manera de hacer pol\u00edtica. Estamos construyendo una nueva Argentina a partir de un espacio unido para vencer el kirchnerismo, que est\u00e1 lejos de la vieja pol\u00edtica disfrazada de moderna con la cara de Macri. Queremos un modelo de desarrollo aut\u00f3nomo que realmente le d\u00e9 un rumbo a la Argentina, donde no pasemos por este p\u00e9ndulo del aventurerismo econ\u00f3mico y el ajuste\u201d.<\/p>\n<p>\u201cNuestro pueblo quiere un cambio, un cambio para adelante, un cambio justo. Queremos un camino previsible, donde vamos a derrotar a la inflaci\u00f3n, vamos a generar empleo para los j\u00f3venes, donde vamos a hacer una rebaja de impuestos muy fuertes porque creemos en un camino diferente. Para m\u00e1s, y para mejor, y somos responsables de que lo llevemos adelante. Tenemos que llevar este mensaje de uni\u00f3n nacional frente al kirchnerismo y cambio profundo a cada uno de los rincones de nuestra amada Argentina\u201d, finaliz\u00f3<\/p>\n<p><span style=\"color: #808080;\">Fuente: Prensa Frente Renovador<\/span><\/p>\n<p>&nbsp;<\/p>\n<p>&nbsp;<\/p>\n","protected":false},"excerpt":{"rendered":"<p>El intendente asever\u00f3 que es cierto, \u201chay intendentes que retornan al lugar de donde hab\u00edan venido\u201d. Mientras que Sergio Massa, &#8230; <a title=\"Carlos Selva: \u201cEl PJ de Mercedes est\u00e1 con Sergio Massa\u201d\" class=\"read-more\" href=\"https:\/\/www.hoymercedes.com.ar\/principal\/2015\/05\/31\/carlos-selva-el-pj-de-mercedes-esta-con-sergio-massa\/\" aria-label=\"Leer m\u00e1s sobre Carlos Selva: \u201cEl PJ de Mercedes est\u00e1 con Sergio Massa\u201d\">Leer m\u00e1s<\/a><\/p>\n","protected":false},"author":1,"featured_media":42064,"comment_status":"open","ping_status":"open","sticky":false,"template":"","format":"standard","meta":{"_monsterinsights_skip_tracking":false,"_monsterinsights_sitenote_active":false,"_monsterinsights_sitenote_note":"","_monsterinsights_sitenote_category":0,"jetpack_post_was_ever_published":false,"_jetpack_newsletter_access":"","_jetpack_dont_email_post_to_subs":false,"_jetpack_newsletter_tier_id":0,"_jetpack_memberships_contains_paywalled_content":false,"_jetpack_memberships_contains_paid_content":false,"footnotes":"","jetpack_publicize_message":"","jetpack_publicize_feature_enabled":true,"jetpack_social_post_already_shared":true,"jetpack_social_options":{"image_generator_settings":{"template":"highway","default_image_id":0,"font":"","enabled":false},"version":2},"_wpas_customize_per_network":false},"categories":[5],"tags":[7400,39,3537,5652,2684],"class_list":["post-42063","post","type-post","status-publish","format-standard","has-post-thumbnail","hentry","category-politica","tag-acto-en-la-rural-frente-renovador","tag-carlos-selva","tag-frente-renovador","tag-jose-de-la-sota","tag-sergio-massa","generate-columns","tablet-grid-50","mobile-grid-100","grid-parent","grid-50"],"jetpack_publicize_connections":[],"jetpack_featured_media_url":"https:\/\/www.hoymercedes.com.ar\/principal\/wp-content\/uploads\/2015\/05\/selva-massa-delasota-web.jpg","wps_subtitle":"Contundencia ante las versiones","jetpack_sharing_enabled":true,"jetpack-related-posts":[{"id":141081,"url":"https:\/\/www.hoymercedes.com.ar\/principal\/2021\/12\/06\/selva-fue-parte-del-encuentro-del-frente-renovador\/","url_meta":{"origin":42063,"position":0},"title":"Selva fue parte del encuentro del Frente Renovador","author":"hoymercedes","date":"6 diciembre, 2021","format":false,"excerpt":"El Frente Renovador que comanda\u00a0Sergio Massa\u00a0reuni\u00f3 a su mesa provincial de intendentes y diputados, y entre los convocados estuvo el mercedino\u00a0Carlos Selva. El \"c\u00f3nclave\" tuvo lugar este fin de semana. El l\u00edder del espacio, Sergio Massa, convoc\u00f3 a sus referentes bonaerenses con el objetivo de sentar posiciones para los pr\u00f3ximos\u2026","rel":"","context":"En \u00abPol\u00edtica\u00bb","block_context":{"text":"Pol\u00edtica","link":"https:\/\/www.hoymercedes.com.ar\/principal\/category\/politica\/"},"img":{"alt_text":"","src":"https:\/\/i0.wp.com\/www.hoymercedes.com.ar\/principal\/wp-content\/uploads\/2021\/12\/selva-en-FR.jpg?resize=350%2C200&ssl=1","width":350,"height":200,"srcset":"https:\/\/i0.wp.com\/www.hoymercedes.com.ar\/principal\/wp-content\/uploads\/2021\/12\/selva-en-FR.jpg?resize=350%2C200&ssl=1 1x, https:\/\/i0.wp.com\/www.hoymercedes.com.ar\/principal\/wp-content\/uploads\/2021\/12\/selva-en-FR.jpg?resize=525%2C300&ssl=1 1.5x, https:\/\/i0.wp.com\/www.hoymercedes.com.ar\/principal\/wp-content\/uploads\/2021\/12\/selva-en-FR.jpg?resize=700%2C400&ssl=1 2x"},"classes":[]},{"id":30270,"url":"https:\/\/www.hoymercedes.com.ar\/principal\/2014\/02\/25\/selva-encabezo-acto-junto-a-giustozzi-y-massa-y-fue-orador\/","url_meta":{"origin":42063,"position":1},"title":"Selva encabez\u00f3 acto junto a Giustozzi y Massa y fue orador","author":"hoymercedes","date":"25 febrero, 2014","format":false,"excerpt":"El intendente Carlos Selva encabez\u00f3 este lunes por la tarde un acto en conmemoraci\u00f3n del triunfo de Per\u00f3n en el a\u00f1o 1946 junto a los diputados nacionales Sergio Massa y Dar\u00edo Giustozzi en Parque Norte. El primer mandatario mercedino fue parte de un importante evento que forma parte de la\u2026","rel":"","context":"En \u00abPol\u00edtica\u00bb","block_context":{"text":"Pol\u00edtica","link":"https:\/\/www.hoymercedes.com.ar\/principal\/category\/politica\/"},"img":{"alt_text":"selva-messa-giustozzi","src":"https:\/\/i0.wp.com\/www.hoymercedes.com.ar\/principal\/wp-content\/uploads\/2014\/02\/selva-messa-giustozzi.jpg?resize=350%2C200","width":350,"height":200,"srcset":"https:\/\/i0.wp.com\/www.hoymercedes.com.ar\/principal\/wp-content\/uploads\/2014\/02\/selva-messa-giustozzi.jpg?resize=350%2C200 1x, https:\/\/i0.wp.com\/www.hoymercedes.com.ar\/principal\/wp-content\/uploads\/2014\/02\/selva-messa-giustozzi.jpg?resize=525%2C300 1.5x"},"classes":[]},{"id":31487,"url":"https:\/\/www.hoymercedes.com.ar\/principal\/2014\/04\/06\/multitudinario-encuentro-del-frente-renovador-en-mercedes-con-massa-cerrando\/","url_meta":{"origin":42063,"position":2},"title":"Multitudinario encuentro del Frente Renovador en Mercedes con Massa cerrando","author":"hoymercedes","date":"6 abril, 2014","format":false,"excerpt":"(FR) El diputado nacional Sergio Massa particip\u00f3 del encuentro provincial de concejales del Frente Renovador, que se realiz\u00f3 en Mercedes y que tuvo al intendente Carlos Selva como anfitri\u00f3n de 11 intendentes y una treintena de legisladores nacionales y provinciales del Frente Renovador. Este s\u00e1bado, Mercedes fue el epicentro de\u2026","rel":"","context":"En \u00abPol\u00edtica\u00bb","block_context":{"text":"Pol\u00edtica","link":"https:\/\/www.hoymercedes.com.ar\/principal\/category\/politica\/"},"img":{"alt_text":"Massa-Selva-Giustozzi","src":"https:\/\/i0.wp.com\/www.hoymercedes.com.ar\/principal\/wp-content\/uploads\/2014\/04\/Massa-Selva-Giustozzi.jpg?resize=350%2C200","width":350,"height":200,"srcset":"https:\/\/i0.wp.com\/www.hoymercedes.com.ar\/principal\/wp-content\/uploads\/2014\/04\/Massa-Selva-Giustozzi.jpg?resize=350%2C200 1x, https:\/\/i0.wp.com\/www.hoymercedes.com.ar\/principal\/wp-content\/uploads\/2014\/04\/Massa-Selva-Giustozzi.jpg?resize=525%2C300 1.5x"},"classes":[]},{"id":30699,"url":"https:\/\/www.hoymercedes.com.ar\/principal\/2014\/03\/13\/selva-junto-a-massa-en-reunion-de-trabajo-por-temas-judiciales\/","url_meta":{"origin":42063,"position":3},"title":"Selva junto a Massa en reuni\u00f3n de trabajo por temas judiciales","author":"hoymercedes","date":"13 marzo, 2014","format":false,"excerpt":"El intendente Carlos Selva particip\u00f3 durante la ma\u00f1ana de \u00e9ste mi\u00e9rcoles de una mesa de trabajo junto a Sergio Massa, en lo que fue la presentaci\u00f3n oficial de la campa\u00f1a de 5 millones de firmas contra la no reforma del c\u00f3digo penal. El intendente mercedino fue parte de este encuentro\u2026","rel":"","context":"En \u00abSociedad\u00bb","block_context":{"text":"Sociedad","link":"https:\/\/www.hoymercedes.com.ar\/principal\/category\/sociedad\/"},"img":{"alt_text":"selva-massa","src":"https:\/\/i0.wp.com\/www.hoymercedes.com.ar\/principal\/wp-content\/uploads\/2014\/03\/selva-massa.jpg?resize=350%2C200","width":350,"height":200,"srcset":"https:\/\/i0.wp.com\/www.hoymercedes.com.ar\/principal\/wp-content\/uploads\/2014\/03\/selva-massa.jpg?resize=350%2C200 1x, https:\/\/i0.wp.com\/www.hoymercedes.com.ar\/principal\/wp-content\/uploads\/2014\/03\/selva-massa.jpg?resize=525%2C300 1.5x"},"classes":[]},{"id":25193,"url":"https:\/\/www.hoymercedes.com.ar\/principal\/2013\/08\/25\/zuccaro-intendente-de-pilar-se-reunio-con-selva-como-mercedes\/","url_meta":{"origin":42063,"position":4},"title":"Zuccaro, intendente de Pilar, se reuni\u00f3 con Selva como Mercedes","author":"hoymercedes","date":"25 agosto, 2013","format":false,"excerpt":"El intendente de Pilar Humberto Z\u00faccaro mantuvo un encuentro en nuestra ciudad con Carlos Selva donde buscaron continuar planificando aspectos de campa\u00f1a con miras a las elecciones generales del pr\u00f3ximo mes de octubre. Desde el Frente Renovador afirmaron que: \"Los dos intendentes tuvieron una ma\u00f1ana de trabajo este s\u00e1bado, do\u2026","rel":"","context":"En \u00abPol\u00edtica\u00bb","block_context":{"text":"Pol\u00edtica","link":"https:\/\/www.hoymercedes.com.ar\/principal\/category\/politica\/"},"img":{"alt_text":"Zuccaro - Selva","src":"https:\/\/i0.wp.com\/www.hoymercedes.com.ar\/principal\/wp-content\/uploads\/2013\/08\/zuccaro-selva.jpg?resize=350%2C200","width":350,"height":200,"srcset":"https:\/\/i0.wp.com\/www.hoymercedes.com.ar\/principal\/wp-content\/uploads\/2013\/08\/zuccaro-selva.jpg?resize=350%2C200 1x, https:\/\/i0.wp.com\/www.hoymercedes.com.ar\/principal\/wp-content\/uploads\/2013\/08\/zuccaro-selva.jpg?resize=525%2C300 1.5x"},"classes":[]},{"id":37170,"url":"https:\/\/www.hoymercedes.com.ar\/principal\/2014\/10\/26\/selva-encabezo-inauguracion-de-local-del-frente-renovador-en-navarro\/","url_meta":{"origin":42063,"position":5},"title":"Selva encabez\u00f3 inauguraci\u00f3n de local del Frente Renovador en Navarro","author":"hoymercedes","date":"26 octubre, 2014","format":false,"excerpt":"El Frente Renovador empez\u00f3 a pisar fuerte en la localidad bonaerense de Navarro con la inauguraci\u00f3n de un nuevo local con la participaci\u00f3n de importantes dirigentes como los intendentes Carlos Selva y Gabriel Katopodis y el diputado nacional Adri\u00e1n P\u00e9rez. El liderazgo de Sergio Massa en la provincia de Buenos\u2026","rel":"","context":"En \u00abPol\u00edtica\u00bb","block_context":{"text":"Pol\u00edtica","link":"https:\/\/www.hoymercedes.com.ar\/principal\/category\/politica\/"},"img":{"alt_text":"Selva-Navarro","src":"https:\/\/i0.wp.com\/www.hoymercedes.com.ar\/principal\/wp-content\/uploads\/2014\/10\/Selva-Navarro.jpg?resize=350%2C200","width":350,"height":200,"srcset":"https:\/\/i0.wp.com\/www.hoymercedes.com.ar\/principal\/wp-content\/uploads\/2014\/10\/Selva-Navarro.jpg?resize=350%2C200 1x, https:\/\/i0.wp.com\/www.hoymercedes.com.ar\/principal\/wp-content\/uploads\/2014\/10\/Selva-Navarro.jpg?resize=525%2C300 1.5x"},"classes":[]}],"_links":{"self":[{"href":"https:\/\/www.hoymercedes.com.ar\/principal\/wp-json\/wp\/v2\/posts\/42063","targetHints":{"allow":["GET"]}}],"collection":[{"href":"https:\/\/www.hoymercedes.com.ar\/principal\/wp-json\/wp\/v2\/posts"}],"about":[{"href":"https:\/\/www.hoymercedes.com.ar\/principal\/wp-json\/wp\/v2\/types\/post"}],"author":[{"embeddable":true,"href":"https:\/\/www.hoymercedes.com.ar\/principal\/wp-json\/wp\/v2\/users\/1"}],"replies":[{"embeddable":true,"href":"https:\/\/www.hoymercedes.com.ar\/principal\/wp-json\/wp\/v2\/comments?post=42063"}],"version-history":[{"count":0,"href":"https:\/\/www.hoymercedes.com.ar\/principal\/wp-json\/wp\/v2\/posts\/42063\/revisions"}],"wp:featuredmedia":[{"embeddable":true,"href":"https:\/\/www.hoymercedes.com.ar\/principal\/wp-json\/wp\/v2\/media\/42064"}],"wp:attachment":[{"href":"https:\/\/www.hoymercedes.com.ar\/principal\/wp-json\/wp\/v2\/media?parent=42063"}],"wp:term":[{"taxonomy":"category","embeddable":true,"href":"https:\/\/www.hoymercedes.com.ar\/principal\/wp-json\/wp\/v2\/categories?post=42063"},{"taxonomy":"post_tag","embeddable":true,"href":"https:\/\/www.hoymercedes.com.ar\/principal\/wp-json\/wp\/v2\/tags?post=42063"}],"curies":[{"name":"wp","href":"https:\/\/api.w.org\/{rel}","templated":true}]}}