{"id":42068,"date":"2015-05-31T20:33:12","date_gmt":"2015-05-31T23:33:12","guid":{"rendered":"http:\/\/www.hoymercedes.com.ar\/principal\/?p=42068"},"modified":"2015-06-01T13:57:46","modified_gmt":"2015-06-01T16:57:46","slug":"celeste-burone-en-encuentro-de-concejales-para-el-desarrollo","status":"publish","type":"post","link":"https:\/\/www.hoymercedes.com.ar\/principal\/2015\/05\/31\/celeste-burone-en-encuentro-de-concejales-para-el-desarrollo\/","title":{"rendered":"Celeste Burone en Encuentro de Concejales para el Desarrollo"},"content":{"rendered":"<p><a href=\"https:\/\/www.hoymercedes.com.ar\/principal\/wp-content\/uploads\/2015\/05\/Burone-Celeste.jpg\"><img loading=\"lazy\" decoding=\"async\" data-attachment-id=\"42069\" data-permalink=\"https:\/\/www.hoymercedes.com.ar\/principal\/2015\/05\/31\/celeste-burone-en-encuentro-de-concejales-para-el-desarrollo\/burone-celeste\/#main\" data-orig-file=\"https:\/\/www.hoymercedes.com.ar\/principal\/wp-content\/uploads\/2015\/05\/Burone-Celeste.jpg\" data-orig-size=\"620,465\" data-comments-opened=\"1\" data-image-meta=\"{&quot;aperture&quot;:&quot;0&quot;,&quot;credit&quot;:&quot;&quot;,&quot;camera&quot;:&quot;&quot;,&quot;caption&quot;:&quot;&quot;,&quot;created_timestamp&quot;:&quot;0&quot;,&quot;copyright&quot;:&quot;&quot;,&quot;focal_length&quot;:&quot;0&quot;,&quot;iso&quot;:&quot;0&quot;,&quot;shutter_speed&quot;:&quot;0&quot;,&quot;title&quot;:&quot;&quot;,&quot;orientation&quot;:&quot;0&quot;}\" data-image-title=\"Burone-Celeste\" data-image-description=\"\" data-image-caption=\"\" data-large-file=\"https:\/\/www.hoymercedes.com.ar\/principal\/wp-content\/uploads\/2015\/05\/Burone-Celeste.jpg\" class=\"Img2014 aligncenter wp-image-42069 size-full\" title=\"Celeste Burone, Frente para la Victoria Mercedes \" src=\"https:\/\/www.hoymercedes.com.ar\/principal\/wp-content\/uploads\/2015\/05\/Burone-Celeste.jpg\" alt=\"Burone-Celeste\" width=\"620\" height=\"465\" srcset=\"https:\/\/www.hoymercedes.com.ar\/principal\/wp-content\/uploads\/2015\/05\/Burone-Celeste.jpg 620w, https:\/\/www.hoymercedes.com.ar\/principal\/wp-content\/uploads\/2015\/05\/Burone-Celeste-150x113.jpg 150w, https:\/\/www.hoymercedes.com.ar\/principal\/wp-content\/uploads\/2015\/05\/Burone-Celeste-290x218.jpg 290w, https:\/\/www.hoymercedes.com.ar\/principal\/wp-content\/uploads\/2015\/05\/Burone-Celeste-50x38.jpg 50w\" sizes=\"auto, (max-width: 620px) 100vw, 620px\" \/><\/a><\/p>\n<p><em><strong>El 28 de mayo se llevo adelante el Encuentro de Concejales para el desarrollo organizado por el Ministerio de Gobierno de la Provincia de Buenos Aires.<\/strong><\/em><\/p>\n<p>De dicho encuentro particip\u00f3 la concejala de la Ciudad de Mercedes Lic. Celeste Burone en representaci\u00f3n del Bloque de Concejales del Frente para la Victoria Mercedes que adhiri\u00f3 a Concejo Activo ya en el a\u00f1o 2014, un Programa de la Subsecretaria de Gesti\u00f3n y Articulaci\u00f3n Institucional que lleva adelante el Lic. Francisco Cafiero.<\/p>\n<p>\u201cNuestro presidente de Bloque, Juani Ustarroz nos pide trabajo y nos alienta a formarnos en la b\u00fasqueda de nuevas herramientas de intervenci\u00f3n\u201d destac\u00f3 la concejala.<\/p>\n<p>Luego agreg\u00f3, \u201cdesde entonces se ha fortalecido la relaci\u00f3n con y entre concejales de la provincia de Buenos Aires en la b\u00fasqueda de nuevas herramientas para afrontar la Argentina que se viene, la Argentina del desarrollo en cuya trama debe estar, sin dudas, la presencia de la Provincia profunda representada por cada una de sus localidades en las que se visualizan problemas comunes y no tanto\u201d.<\/p>\n<p>Durante el encuentro estuvieron presentes el Gobernador de la Provincia de Buenos Aires Daniel Scioli, la Ministra de Gobierno Cristina Alvarez Rodriguez, el Presidente de la C\u00e1mara de Diputados de la Naci\u00f3n el Dr. Juli\u00e1n Dom\u00ednguez quienes ofrecieron palabras de apertura.<\/p>\n<p>Las disertaciones estuvieron a cargo del Ministro de Insfraestructura de la Provincia de Buenos Aires Ing. Alejandro Arl\u00eda quien a su turno manifestara que la inversi\u00f3n en Infraestructura es Justicia Social y el desarrollo productivo es el desarrollo de pol\u00edticas p\u00fablicas en territorio.<\/p>\n<p>A su turno la Ministra de Econom\u00eda de la Provincia Dra. Silvina Batakis desarroll\u00f3 un claro concepto que hoy profundiza la provincia del crecimiento al Desarrollo de la regi\u00f3n y remarc\u00f3 la importancia de los consensos y la necesaria reorientaci\u00f3n del gasto p\u00fablico como ejes de su trabajo.<\/p>\n<p>Por la tarde la primera de las charlas estuvo a cargo del Secretario de Comunicaci\u00f3n p\u00fablica del Ministerio, el Lic. Juan Courel quien pusiera mucho \u00e9nfasis en la necesidad de relacionar permanentemente a los ciudadanos con el Estado ya que toda comunicaci\u00f3n expresa una visi\u00f3n pol\u00edtica previa.<\/p>\n<p>El cierre estuvo a cargo del Ministro de Seguridad de la Provincia Alejandro Granados quien se explay\u00f3 sobre la problem\u00e1tica del cuidado del vecino cercano y la puesta en marcha en cada Ciudad de las DDI (delegaciones distritales de investigaci\u00f3n) las DDA (delegaciones distritales antinarc\u00f3ticos) y las Comisar\u00edas de la Mujer remarcando la necesidad de dar autonom\u00eda a los distritos.<\/p>\n<p>En cada exposici\u00f3n qued\u00f3 reflejada la necesidad de formaci\u00f3n cont\u00ednua de los funcionarios p\u00fablicos, el intercambio y el encuentro como objetivos claros hacia los que debe orientarse el gobierno de la provincia de Buenos Aires.<\/p>\n<p>En cada exposici\u00f3n los concejales tuvieron la oportunidad de aclarar dudas. En cada encuentro los concejales refuerzan la importancia de una buena labor legislativa como acompa\u00f1amiento y sost\u00e9n de las necesidades reales del vecino.<\/p>\n<p>Burone mostro su satisfacci\u00f3n \u00abcuando somos elegidos por los vecinos tenemos la obligaci\u00f3n de estar pero tambi\u00e9n de capacitarnos para estar mejor\u00bb.<\/p>\n<p>La Argentina del futuro debe seguir defendiendo la equidad, la provincia de Buenos Aires a trav\u00e9s de sus Concejos Deliberantes tiene la posibilidad de hacerlo y mejorarlo.<\/p>\n<p>Nuestro Bloque del FPV Mercedes ha dado claras muestras de ello, la presencia de Juani en cada rinc\u00f3n de la Ciudad habla de ese Estado por el que trabajamos d\u00eda a d\u00eda.<\/p>\n<p>&nbsp;<\/p>\n","protected":false},"excerpt":{"rendered":"<p>El 28 de mayo se llevo adelante el Encuentro de Concejales para el desarrollo organizado por el Ministerio de Gobierno &#8230; <a title=\"Celeste Burone en Encuentro de Concejales para el Desarrollo\" class=\"read-more\" href=\"https:\/\/www.hoymercedes.com.ar\/principal\/2015\/05\/31\/celeste-burone-en-encuentro-de-concejales-para-el-desarrollo\/\" aria-label=\"Leer m\u00e1s sobre Celeste Burone en Encuentro de Concejales para el Desarrollo\">Leer m\u00e1s<\/a><\/p>\n","protected":false},"author":1,"featured_media":42069,"comment_status":"open","ping_status":"open","sticky":false,"template":"","format":"standard","meta":{"_monsterinsights_skip_tracking":false,"_monsterinsights_sitenote_active":false,"_monsterinsights_sitenote_note":"","_monsterinsights_sitenote_category":0,"jetpack_post_was_ever_published":false,"_jetpack_newsletter_access":"","_jetpack_dont_email_post_to_subs":false,"_jetpack_newsletter_tier_id":0,"_jetpack_memberships_contains_paywalled_content":false,"_jetpack_memberships_contains_paid_content":false,"footnotes":"","jetpack_publicize_message":"","jetpack_publicize_feature_enabled":true,"jetpack_social_post_already_shared":true,"jetpack_social_options":{"image_generator_settings":{"template":"highway","default_image_id":0,"font":"","enabled":false},"version":2},"_wpas_customize_per_network":false},"categories":[5],"tags":[1720,3764],"class_list":["post-42068","post","type-post","status-publish","format-standard","has-post-thumbnail","hentry","category-politica","tag-celeste-burone","tag-frente-para-la-victoria-mercedes","generate-columns","tablet-grid-50","mobile-grid-100","grid-parent","grid-50"],"jetpack_publicize_connections":[],"jetpack_featured_media_url":"https:\/\/www.hoymercedes.com.ar\/principal\/wp-content\/uploads\/2015\/05\/Burone-Celeste.jpg","wps_subtitle":"A nivel provincial","jetpack_sharing_enabled":true,"jetpack-related-posts":[{"id":107258,"url":"https:\/\/www.hoymercedes.com.ar\/principal\/2020\/03\/09\/lic-celeste-burone-asumio-como-directora-regional-del-patronato-de-liberados\/","url_meta":{"origin":42068,"position":0},"title":"Lic. Celeste Burone asumi\u00f3 como Directora Regional del Patronato de Liberados","author":"hoymercedes","date":"9 marzo, 2020","format":false,"excerpt":"En la ma\u00f1ana de este lunes, el presidente del organismo provincial Patronato de Liberados, An\u00edbal Hnatiuk, estuvo presente en Mercedes junto al Jefe Comunal Juan Ignacio Ustarroz, para poner en funciones a la Licenciada en Trabajo Social, Celeste Burone, en el cargo de Directora de la Regi\u00f3n VI de la\u2026","rel":"","context":"En \u00abProvincia\u00bb","block_context":{"text":"Provincia","link":"https:\/\/www.hoymercedes.com.ar\/principal\/category\/provincia\/"},"img":{"alt_text":"","src":"https:\/\/i0.wp.com\/www.hoymercedes.com.ar\/principal\/wp-content\/uploads\/2020\/03\/09-celeste-burone-regional.jpg?resize=350%2C200&ssl=1","width":350,"height":200,"srcset":"https:\/\/i0.wp.com\/www.hoymercedes.com.ar\/principal\/wp-content\/uploads\/2020\/03\/09-celeste-burone-regional.jpg?resize=350%2C200&ssl=1 1x, https:\/\/i0.wp.com\/www.hoymercedes.com.ar\/principal\/wp-content\/uploads\/2020\/03\/09-celeste-burone-regional.jpg?resize=525%2C300&ssl=1 1.5x, https:\/\/i0.wp.com\/www.hoymercedes.com.ar\/principal\/wp-content\/uploads\/2020\/03\/09-celeste-burone-regional.jpg?resize=700%2C400&ssl=1 2x"},"classes":[]},{"id":103707,"url":"https:\/\/www.hoymercedes.com.ar\/principal\/2019\/12\/09\/la-tercera-tambien-sin-quorum\/","url_meta":{"origin":42068,"position":1},"title":"La tercera tambi\u00e9n sin quorum","author":"hoymercedes","date":"9 diciembre, 2019","format":false,"excerpt":"Ahora. Tercera convocatoria a sesi\u00f3n extraordinaria nuevamente sin quorum. El bloque del Frente Cambiemos no se hizo presente en el recinto para tratar expedientes relacionados con modificaciones y ampliaci\u00f3n del Presupuesto 2019. Los concejales presentes, empezando por Carlos Milhomme del Frente Renovador, expusieron su opini\u00f3n y perspectiva ante la falta\u2026","rel":"","context":"En \u00abPol\u00edtica\u00bb","block_context":{"text":"Pol\u00edtica","link":"https:\/\/www.hoymercedes.com.ar\/principal\/category\/politica\/"},"img":{"alt_text":"","src":"https:\/\/i0.wp.com\/www.hoymercedes.com.ar\/principal\/wp-content\/uploads\/2019\/12\/IMG_20191209_085153360-800x600.jpg?resize=350%2C200&ssl=1","width":350,"height":200,"srcset":"https:\/\/i0.wp.com\/www.hoymercedes.com.ar\/principal\/wp-content\/uploads\/2019\/12\/IMG_20191209_085153360-800x600.jpg?resize=350%2C200&ssl=1 1x, https:\/\/i0.wp.com\/www.hoymercedes.com.ar\/principal\/wp-content\/uploads\/2019\/12\/IMG_20191209_085153360-800x600.jpg?resize=525%2C300&ssl=1 1.5x, https:\/\/i0.wp.com\/www.hoymercedes.com.ar\/principal\/wp-content\/uploads\/2019\/12\/IMG_20191209_085153360-800x600.jpg?resize=700%2C400&ssl=1 2x"},"classes":[]},{"id":103854,"url":"https:\/\/www.hoymercedes.com.ar\/principal\/2019\/12\/11\/los-concejales-2015-2019-se-despidieron-de-sus-bancas\/","url_meta":{"origin":42068,"position":2},"title":"Los concejales 2015-2019 se despidieron de sus bancas","author":"hoymercedes","date":"11 diciembre, 2019","format":false,"excerpt":"Carlos Milhomme, Celeste Burone, Aida \u201cPety\u201d Laporta, Santiago Altube, Walter Cabral, Ceferino Costa y Oscar Albini terminaron sus per\u00edodos como concejales. En la sesi\u00f3n de despedida hubo llantos, an\u00e9cdotas y risas por los a\u00f1os compartidos en el recinto. Entre l\u00e1grimas Carlos Milhomme record\u00f3 sus ocho a\u00f1os en el Concejo Deliberante.\u2026","rel":"","context":"En \u00abPol\u00edtica\u00bb","block_context":{"text":"Pol\u00edtica","link":"https:\/\/www.hoymercedes.com.ar\/principal\/category\/politica\/"},"img":{"alt_text":"","src":"https:\/\/i0.wp.com\/www.hoymercedes.com.ar\/principal\/wp-content\/uploads\/2019\/12\/HCD-Despedida2019-TAPA.jpg?resize=350%2C200&ssl=1","width":350,"height":200,"srcset":"https:\/\/i0.wp.com\/www.hoymercedes.com.ar\/principal\/wp-content\/uploads\/2019\/12\/HCD-Despedida2019-TAPA.jpg?resize=350%2C200&ssl=1 1x, https:\/\/i0.wp.com\/www.hoymercedes.com.ar\/principal\/wp-content\/uploads\/2019\/12\/HCD-Despedida2019-TAPA.jpg?resize=525%2C300&ssl=1 1.5x, https:\/\/i0.wp.com\/www.hoymercedes.com.ar\/principal\/wp-content\/uploads\/2019\/12\/HCD-Despedida2019-TAPA.jpg?resize=700%2C400&ssl=1 2x"},"classes":[]},{"id":102571,"url":"https:\/\/www.hoymercedes.com.ar\/principal\/2019\/11\/18\/asistida-charla-sobre-dislexia-y-otras-dea\/","url_meta":{"origin":42068,"position":3},"title":"Asistida charla sobre Dislexia y otras DEA","author":"hoymercedes","date":"18 noviembre, 2019","format":false,"excerpt":"Se llev\u00f3 a cabo una charla sobre \u201cDislexia y otras DEA\u201d organizada por un grupo de padres con el apoyo de la Municipalidad de Mercedes. Bajo la consigna \u201c\u00bfAprendemos juntos?\u201d el encuentro fue en el recinto del Concejo Deliberante durante la ma\u00f1ana del s\u00e1bado. \u201cVinimos realizando con la Direcci\u00f3n de\u2026","rel":"","context":"En \u00abMunicipio\u00bb","block_context":{"text":"Municipio","link":"https:\/\/www.hoymercedes.com.ar\/principal\/category\/municipio\/"},"img":{"alt_text":"","src":"https:\/\/i0.wp.com\/www.hoymercedes.com.ar\/principal\/wp-content\/uploads\/2019\/11\/18-dislexia.jpeg?resize=350%2C200&ssl=1","width":350,"height":200,"srcset":"https:\/\/i0.wp.com\/www.hoymercedes.com.ar\/principal\/wp-content\/uploads\/2019\/11\/18-dislexia.jpeg?resize=350%2C200&ssl=1 1x, https:\/\/i0.wp.com\/www.hoymercedes.com.ar\/principal\/wp-content\/uploads\/2019\/11\/18-dislexia.jpeg?resize=525%2C300&ssl=1 1.5x, https:\/\/i0.wp.com\/www.hoymercedes.com.ar\/principal\/wp-content\/uploads\/2019\/11\/18-dislexia.jpeg?resize=700%2C400&ssl=1 2x"},"classes":[]},{"id":37879,"url":"https:\/\/www.hoymercedes.com.ar\/principal\/2014\/11\/20\/celeste-burone-del-frente-mercedino-en-encuentro-sobre-genero-en-la-plata\/","url_meta":{"origin":42068,"position":4},"title":"Celeste Burone, del Frente Mercedino, en encuentro sobre genero en La Plata","author":"hoymercedes","date":"20 noviembre, 2014","format":false,"excerpt":"La concejala del Frente Mercedino para la Victoria Celeste Burone particip\u00f3 de un importante Taller-seminario de G\u00e9nero y Comunicaci\u00f3n Institucional, organizado en conjunto por el Consejo Provincial de las Mujeres y el Instituto Provincial de la Administraci\u00f3n P\u00fablica en el Anexo de la C\u00e1mara de Diputados, en La Plata. \u201cEn\u2026","rel":"","context":"En \u00abPol\u00edtica\u00bb","block_context":{"text":"Pol\u00edtica","link":"https:\/\/www.hoymercedes.com.ar\/principal\/category\/politica\/"},"img":{"alt_text":"celesteburone","src":"https:\/\/i0.wp.com\/www.hoymercedes.com.ar\/principal\/wp-content\/uploads\/2014\/11\/celesteburone.jpg?resize=350%2C200","width":350,"height":200,"srcset":"https:\/\/i0.wp.com\/www.hoymercedes.com.ar\/principal\/wp-content\/uploads\/2014\/11\/celesteburone.jpg?resize=350%2C200 1x, https:\/\/i0.wp.com\/www.hoymercedes.com.ar\/principal\/wp-content\/uploads\/2014\/11\/celesteburone.jpg?resize=525%2C300 1.5x"},"classes":[]},{"id":151804,"url":"https:\/\/www.hoymercedes.com.ar\/principal\/2022\/08\/12\/encuentro-regional-de-dispositivos-de-masculinidades\/","url_meta":{"origin":42068,"position":5},"title":"Encuentro Regional de Dispositivos de Masculinidades","author":"hoymercedes","date":"12 agosto, 2022","format":false,"excerpt":"Desde la Direcci\u00f3n de la Regi\u00f3n 6 del Patronato de Liberado, se llev\u00f3 adelante un encuentro regional en el Museo de Arte de Mercedes con el objetivo de generar e impulsar dispositivos territoriales de abordaje sobre las masculinidades. La misma estuvo encabezada por la directora de la Regi\u00f3n 6 de\u2026","rel":"","context":"En \u00abProvincia\u00bb","block_context":{"text":"Provincia","link":"https:\/\/www.hoymercedes.com.ar\/principal\/category\/provincia\/"},"img":{"alt_text":"","src":"https:\/\/i0.wp.com\/www.hoymercedes.com.ar\/principal\/wp-content\/uploads\/2022\/08\/DSC01807.jpg?resize=350%2C200&ssl=1","width":350,"height":200,"srcset":"https:\/\/i0.wp.com\/www.hoymercedes.com.ar\/principal\/wp-content\/uploads\/2022\/08\/DSC01807.jpg?resize=350%2C200&ssl=1 1x, https:\/\/i0.wp.com\/www.hoymercedes.com.ar\/principal\/wp-content\/uploads\/2022\/08\/DSC01807.jpg?resize=525%2C300&ssl=1 1.5x, https:\/\/i0.wp.com\/www.hoymercedes.com.ar\/principal\/wp-content\/uploads\/2022\/08\/DSC01807.jpg?resize=700%2C400&ssl=1 2x"},"classes":[]}],"_links":{"self":[{"href":"https:\/\/www.hoymercedes.com.ar\/principal\/wp-json\/wp\/v2\/posts\/42068","targetHints":{"allow":["GET"]}}],"collection":[{"href":"https:\/\/www.hoymercedes.com.ar\/principal\/wp-json\/wp\/v2\/posts"}],"about":[{"href":"https:\/\/www.hoymercedes.com.ar\/principal\/wp-json\/wp\/v2\/types\/post"}],"author":[{"embeddable":true,"href":"https:\/\/www.hoymercedes.com.ar\/principal\/wp-json\/wp\/v2\/users\/1"}],"replies":[{"embeddable":true,"href":"https:\/\/www.hoymercedes.com.ar\/principal\/wp-json\/wp\/v2\/comments?post=42068"}],"version-history":[{"count":0,"href":"https:\/\/www.hoymercedes.com.ar\/principal\/wp-json\/wp\/v2\/posts\/42068\/revisions"}],"wp:featuredmedia":[{"embeddable":true,"href":"https:\/\/www.hoymercedes.com.ar\/principal\/wp-json\/wp\/v2\/media\/42069"}],"wp:attachment":[{"href":"https:\/\/www.hoymercedes.com.ar\/principal\/wp-json\/wp\/v2\/media?parent=42068"}],"wp:term":[{"taxonomy":"category","embeddable":true,"href":"https:\/\/www.hoymercedes.com.ar\/principal\/wp-json\/wp\/v2\/categories?post=42068"},{"taxonomy":"post_tag","embeddable":true,"href":"https:\/\/www.hoymercedes.com.ar\/principal\/wp-json\/wp\/v2\/tags?post=42068"}],"curies":[{"name":"wp","href":"https:\/\/api.w.org\/{rel}","templated":true}]}}