{"id":42074,"date":"2015-05-31T21:29:53","date_gmt":"2015-06-01T00:29:53","guid":{"rendered":"http:\/\/www.hoymercedes.com.ar\/principal\/?p=42074"},"modified":"2015-06-01T13:58:24","modified_gmt":"2015-06-01T16:58:24","slug":"fi-po-el-kirchnerismo-termina-en-donde-empezo-la-izquierda-es-la-unica-opcion","status":"publish","type":"post","link":"https:\/\/www.hoymercedes.com.ar\/principal\/2015\/05\/31\/fi-po-el-kirchnerismo-termina-en-donde-empezo-la-izquierda-es-la-unica-opcion\/","title":{"rendered":"FI-PO: \u201cEl kirchnerismo termina donde empez\u00f3, la izquierda es la \u00fanica opci\u00f3n\u201d"},"content":{"rendered":"<p><a href=\"https:\/\/www.hoymercedes.com.ar\/principal\/wp-content\/uploads\/2015\/05\/partidoobreromercedes.jpg\"><img loading=\"lazy\" decoding=\"async\" data-attachment-id=\"42075\" data-permalink=\"https:\/\/www.hoymercedes.com.ar\/principal\/2015\/05\/31\/fi-po-el-kirchnerismo-termina-en-donde-empezo-la-izquierda-es-la-unica-opcion\/partidoobreromercedes-2\/#main\" data-orig-file=\"https:\/\/www.hoymercedes.com.ar\/principal\/wp-content\/uploads\/2015\/05\/partidoobreromercedes.jpg\" data-orig-size=\"620,367\" data-comments-opened=\"1\" data-image-meta=\"{&quot;aperture&quot;:&quot;0&quot;,&quot;credit&quot;:&quot;&quot;,&quot;camera&quot;:&quot;&quot;,&quot;caption&quot;:&quot;&quot;,&quot;created_timestamp&quot;:&quot;0&quot;,&quot;copyright&quot;:&quot;&quot;,&quot;focal_length&quot;:&quot;0&quot;,&quot;iso&quot;:&quot;0&quot;,&quot;shutter_speed&quot;:&quot;0&quot;,&quot;title&quot;:&quot;&quot;,&quot;orientation&quot;:&quot;0&quot;}\" data-image-title=\"partidoobreromercedes\" data-image-description=\"\" data-image-caption=\"\" data-large-file=\"https:\/\/www.hoymercedes.com.ar\/principal\/wp-content\/uploads\/2015\/05\/partidoobreromercedes.jpg\" class=\"Img2014 aligncenter wp-image-42075 size-full\" title=\"Partido Obreto Mercedes, Frente de Izquierda Mercedes\" src=\"https:\/\/www.hoymercedes.com.ar\/principal\/wp-content\/uploads\/2015\/05\/partidoobreromercedes.jpg\" alt=\"partidoobreromercedes\" width=\"620\" height=\"367\" srcset=\"https:\/\/www.hoymercedes.com.ar\/principal\/wp-content\/uploads\/2015\/05\/partidoobreromercedes.jpg 620w, https:\/\/www.hoymercedes.com.ar\/principal\/wp-content\/uploads\/2015\/05\/partidoobreromercedes-150x89.jpg 150w, https:\/\/www.hoymercedes.com.ar\/principal\/wp-content\/uploads\/2015\/05\/partidoobreromercedes-290x172.jpg 290w, https:\/\/www.hoymercedes.com.ar\/principal\/wp-content\/uploads\/2015\/05\/partidoobreromercedes-50x30.jpg 50w\" sizes=\"auto, (max-width: 620px) 100vw, 620px\" \/><\/a><\/p>\n<p><em><strong>Con la presencia de Juan Pablo Rodr\u00edguez, el precandidato a primer diputado por la Provincia de Buenos Aires, los candidatos locales Mar\u00eda Maldonado (Pre-candidata a Primer Concejal), Walter Altavista (Pre-candidato a Segundo Concejal) y Pablo Demarco (Pre-candidato a Intendente), lanzaron de forma oficial la campa\u00f1a de la fuerza de izquierda.<\/strong><\/em><\/p>\n<p>Los candidatos analizaron la situaci\u00f3n pol\u00edtica nacional y local: \u201cQueremos advertir de la posibilidad de retorno que existe de Selva a las filas del kirchnerismo\u201d, afirm\u00f3 Pablo Demarco. Sobre este punto, JPR afirm\u00f3 \u201cel kirchnerismo termina como empieza, es decir, con los barones del conurbano, con el aparato del PJ, con lo que quer\u00edan terminar\u201d, afirm\u00f3 el dirigente.<\/p>\n<div class=\"citandoG\">Pablo Demarco ser\u00e1 el candidato a intendente del Partido Obrero &#8211; Frente de Izquierda de Mercedes, acompa\u00f1ado por Mar\u00eda Maldonado y Walter Altavista al Concejo Deliberante<\/div>\n<p>Acompa\u00f1ados por un nutrido grupo de militantes del PO, JPR indic\u00f3 que la situaci\u00f3n econ\u00f3mica ha colocado a la clase obrera en la necesidad de que coloque su agenda en la mesa del debate\u201d y agreg\u00f3: \u201cHa sido el FIT el que ha sostenido esa agenda del pueblo contra la de los 3 mosqueteros del ajuste que son Scioli, Massa y Macri\u201d.<\/p>\n<p>Walter Altavista destaco \u201cLa enorme actividad que el Partido Obrero viene desarrollando alrededor de la cuesti\u00f3n de la vivienda, ha desnudado el desinter\u00e9s del gobierno local y nacional t en resolverlo\u201d<\/p>\n<p>De esta forma, y con una charla en Scrum que se realiz\u00f3 a las 19hs. El PO-FIT dio el puntapi\u00e9 inicial hacia Octubre 2015.<\/p>\n","protected":false},"excerpt":{"rendered":"<p>Con la presencia de Juan Pablo Rodr\u00edguez, el precandidato a primer diputado por la Provincia de Buenos Aires, los candidatos &#8230; <a title=\"FI-PO: \u201cEl kirchnerismo termina donde empez\u00f3, la izquierda es la \u00fanica opci\u00f3n\u201d\" class=\"read-more\" href=\"https:\/\/www.hoymercedes.com.ar\/principal\/2015\/05\/31\/fi-po-el-kirchnerismo-termina-en-donde-empezo-la-izquierda-es-la-unica-opcion\/\" aria-label=\"Leer m\u00e1s sobre FI-PO: \u201cEl kirchnerismo termina donde empez\u00f3, la izquierda es la \u00fanica opci\u00f3n\u201d\">Leer m\u00e1s<\/a><\/p>\n","protected":false},"author":1,"featured_media":42099,"comment_status":"open","ping_status":"open","sticky":false,"template":"","format":"standard","meta":{"_monsterinsights_skip_tracking":false,"_monsterinsights_sitenote_active":false,"_monsterinsights_sitenote_note":"","_monsterinsights_sitenote_category":0,"jetpack_post_was_ever_published":false,"_jetpack_newsletter_access":"","_jetpack_dont_email_post_to_subs":false,"_jetpack_newsletter_tier_id":0,"_jetpack_memberships_contains_paywalled_content":false,"_jetpack_memberships_contains_paid_content":false,"footnotes":"","jetpack_publicize_message":"","jetpack_publicize_feature_enabled":true,"jetpack_social_post_already_shared":true,"jetpack_social_options":{"image_generator_settings":{"template":"highway","default_image_id":0,"font":"","enabled":false},"version":2},"_wpas_customize_per_network":false},"categories":[5],"tags":[3572,7402,7401,7403],"class_list":["post-42074","post","type-post","status-publish","format-standard","has-post-thumbnail","hentry","category-politica","tag-frente-de-izquierda-mercedes","tag-maria-maldonado-po","tag-partido-obreto-mercedes","tag-walter-altavista-po","generate-columns","tablet-grid-50","mobile-grid-100","grid-parent","grid-50"],"jetpack_publicize_connections":[],"jetpack_featured_media_url":"https:\/\/www.hoymercedes.com.ar\/principal\/wp-content\/uploads\/2015\/05\/partidoobreromercedes1.jpg","wps_subtitle":"Lanzamiento de campa\u00f1a del Partido Obrero-Frente de Izquierda.","jetpack_sharing_enabled":true,"jetpack-related-posts":[{"id":64081,"url":"https:\/\/www.hoymercedes.com.ar\/principal\/2017\/06\/23\/el-frente-de-izquieda-confirma-candidatos-a-concejales\/","url_meta":{"origin":42074,"position":0},"title":"El Frente de Izquieda confirma candidatos a Concejales","author":"hoymercedes","date":"23 junio, 2017","format":false,"excerpt":"El FIT confirm\u00f3 a Pablo Demarco como primer candidato a Concejal, seguido por Mar\u00eda Maldonado y Walter Altavista. Para el Consejo Escolar proponen a Susana Carrera. En la Provincia, N\u00e9stor Pitrola se propone como Senador, mientras que en Diputados la lista est\u00e1 encabezada por Nicol\u00e1s del Ca\u00f1o.\u00a0 A horas de\u2026","rel":"","context":"En \u00abPol\u00edtica\u00bb","block_context":{"text":"Pol\u00edtica","link":"https:\/\/www.hoymercedes.com.ar\/principal\/category\/politica\/"},"img":{"alt_text":"","src":"https:\/\/i0.wp.com\/www.hoymercedes.com.ar\/principal\/wp-content\/uploads\/2015\/07\/pitrola-demarco-maldonado.jpg?resize=350%2C200&ssl=1","width":350,"height":200,"srcset":"https:\/\/i0.wp.com\/www.hoymercedes.com.ar\/principal\/wp-content\/uploads\/2015\/07\/pitrola-demarco-maldonado.jpg?resize=350%2C200&ssl=1 1x, https:\/\/i0.wp.com\/www.hoymercedes.com.ar\/principal\/wp-content\/uploads\/2015\/07\/pitrola-demarco-maldonado.jpg?resize=525%2C300&ssl=1 1.5x"},"classes":[]},{"id":95507,"url":"https:\/\/www.hoymercedes.com.ar\/principal\/2019\/06\/22\/la-izquierda-se-encabeza-con-demarco-y-maldonado\/","url_meta":{"origin":42074,"position":1},"title":"La Izquierda se encabeza con Demarco y Maldonado","author":"hoymercedes","date":"22 junio, 2019","format":false,"excerpt":"Pablo Demarco vuelva a postularse como Intendente y lleva en la n\u00f3mina de candidatos a concejales a Mar\u00eda Maldonado y Ariel Chacar y a Patricia Bojorge encabezando la lista de Consejeros Escolares. Mientras se definen los candidatos que seguir\u00e1n ya que el Frente de Izquierda-Unidad incluye al Partido Obrero, el\u2026","rel":"","context":"En \u00abPol\u00edtica\u00bb","block_context":{"text":"Pol\u00edtica","link":"https:\/\/www.hoymercedes.com.ar\/principal\/category\/politica\/"},"img":{"alt_text":"","src":"https:\/\/i0.wp.com\/www.hoymercedes.com.ar\/principal\/wp-content\/uploads\/2015\/07\/pitrola-demarco-maldonado.jpg?resize=350%2C200&ssl=1","width":350,"height":200,"srcset":"https:\/\/i0.wp.com\/www.hoymercedes.com.ar\/principal\/wp-content\/uploads\/2015\/07\/pitrola-demarco-maldonado.jpg?resize=350%2C200&ssl=1 1x, https:\/\/i0.wp.com\/www.hoymercedes.com.ar\/principal\/wp-content\/uploads\/2015\/07\/pitrola-demarco-maldonado.jpg?resize=525%2C300&ssl=1 1.5x"},"classes":[]},{"id":42539,"url":"https:\/\/www.hoymercedes.com.ar\/principal\/2015\/06\/22\/lista-frente-de-izquierda-encabeza-demarco-y-maldonado-primera-concejal\/","url_meta":{"origin":42074,"position":2},"title":"Lista Frente de Izquierda: Encabeza Demarco y Maldonado primera concejal","author":"hoymercedes","date":"22 junio, 2015","format":false,"excerpt":"El Frente de Izquierda de Mercedes buscar\u00e1 arribar \u00a0a la conducci\u00f3n de la intendencia por medio de Pablo Demarco como cabeza de lista. Mar\u00eda Maldonado y Walter Altavista ser\u00e1n las opciones para el Concejo Deliberante.\u00a0 A continuaci\u00f3n la lista completa Intendente: Demarco Pablo Nicol\u00e1s Concejales titulares:\u00a0 1\u00b0 Maldonado Mar\u00eda Jes\u00fas\u2026","rel":"","context":"En \u00abPol\u00edtica\u00bb","block_context":{"text":"Pol\u00edtica","link":"https:\/\/www.hoymercedes.com.ar\/principal\/category\/politica\/"},"img":{"alt_text":"","src":"https:\/\/i0.wp.com\/www.hoymercedes.com.ar\/principal\/wp-content\/uploads\/2013\/10\/demarco.jpg?resize=350%2C200&ssl=1","width":350,"height":200,"srcset":"https:\/\/i0.wp.com\/www.hoymercedes.com.ar\/principal\/wp-content\/uploads\/2013\/10\/demarco.jpg?resize=350%2C200&ssl=1 1x, https:\/\/i0.wp.com\/www.hoymercedes.com.ar\/principal\/wp-content\/uploads\/2013\/10\/demarco.jpg?resize=525%2C300&ssl=1 1.5x"},"classes":[]},{"id":23107,"url":"https:\/\/www.hoymercedes.com.ar\/principal\/2013\/06\/22\/pablo-demarco-sera-candidato-por-el-frente-de-izquierda\/","url_meta":{"origin":42074,"position":3},"title":"Pablo Demarco ser\u00e1 candidato por el \u00abFrente de Izquierda\u00bb","author":"hoymercedes","date":"22 junio, 2013","format":false,"excerpt":"El Frente de Izquierda ser\u00e1 parte de las pr\u00f3ximas elecciones con Pablo Demarco encabezando la lista a concejales. Esta fuerza llevar\u00e1 a nivel nacional al dirigente del Partido Obrero N\u00e9stor Pitrola. La lista que buscar\u00e1 tener representaci\u00f3n en el Concejo Deliberante y en el Consejo Escolar est\u00e1 encabezada por el\u2026","rel":"","context":"En \u00abPol\u00edtica\u00bb","block_context":{"text":"Pol\u00edtica","link":"https:\/\/www.hoymercedes.com.ar\/principal\/category\/politica\/"},"img":{"alt_text":"","src":"","width":0,"height":0},"classes":[]},{"id":41515,"url":"https:\/\/www.hoymercedes.com.ar\/principal\/2015\/05\/09\/demarco-las-reivindicaciones-de-los-trabajadores-tienen-una-expresion-politica-en-el-frente-de-izquierda\/","url_meta":{"origin":42074,"position":4},"title":"Demarco: \u201clas reivindicaciones de los trabajadores tienen una expresi\u00f3n pol\u00edtica en el frente de izquierda\u201d","author":"hoymercedes","date":"9 mayo, 2015","format":false,"excerpt":"\u201clas reivindicaciones de los trabajadores tienen una expresi\u00f3n pol\u00edtica en el frente de izquierda\u201d Con estas palabras, Pablo Demarco, precandidato a intendente\u00a0 por el Frente de Izquierda en nuestra ciudad, sintetiz\u00f3 la idea del acto que las fuerzas de izquierda realizaron este primero de Mayo en la Plaza de Mayo.\u2026","rel":"","context":"En \u00abPol\u00edtica\u00bb","block_context":{"text":"Pol\u00edtica","link":"https:\/\/www.hoymercedes.com.ar\/principal\/category\/politica\/"},"img":{"alt_text":"","src":"https:\/\/i0.wp.com\/www.hoymercedes.com.ar\/principal\/wp-content\/uploads\/2015\/05\/partidoobrero-mercedes.jpg?resize=350%2C200&ssl=1","width":350,"height":200,"srcset":"https:\/\/i0.wp.com\/www.hoymercedes.com.ar\/principal\/wp-content\/uploads\/2015\/05\/partidoobrero-mercedes.jpg?resize=350%2C200&ssl=1 1x, https:\/\/i0.wp.com\/www.hoymercedes.com.ar\/principal\/wp-content\/uploads\/2015\/05\/partidoobrero-mercedes.jpg?resize=525%2C300&ssl=1 1.5x"},"classes":[]},{"id":64607,"url":"https:\/\/www.hoymercedes.com.ar\/principal\/2017\/07\/06\/el-fit-presento-a-sus-candidatos-para-concejales-y-consejeros-escolares\/","url_meta":{"origin":42074,"position":5},"title":"El FIT present\u00f3 a sus candidatos para Concejales y Consejeros Escolares","author":"hoymercedes","date":"6 julio, 2017","format":false,"excerpt":"Pablo Demarco lidera la lista de candidatos a Concejales del Frente de Izquierda, mientras que Susana Carrera encabeza los candidatos a Consejeros Escolares. Se presentan contra el \u201cajuste\u201d de los gobernantes nacionales, provinciales y locales. Todav\u00eda falta una semana para el inicio de la campa\u00f1a electoral y m\u00e1s de un\u2026","rel":"","context":"En \u00abPol\u00edtica\u00bb","block_context":{"text":"Pol\u00edtica","link":"https:\/\/www.hoymercedes.com.ar\/principal\/category\/politica\/"},"img":{"alt_text":"","src":"https:\/\/i0.wp.com\/www.hoymercedes.com.ar\/principal\/wp-content\/uploads\/2017\/07\/06-PO-candidatos1.jpg?resize=350%2C200&ssl=1","width":350,"height":200,"srcset":"https:\/\/i0.wp.com\/www.hoymercedes.com.ar\/principal\/wp-content\/uploads\/2017\/07\/06-PO-candidatos1.jpg?resize=350%2C200&ssl=1 1x, https:\/\/i0.wp.com\/www.hoymercedes.com.ar\/principal\/wp-content\/uploads\/2017\/07\/06-PO-candidatos1.jpg?resize=525%2C300&ssl=1 1.5x"},"classes":[]}],"_links":{"self":[{"href":"https:\/\/www.hoymercedes.com.ar\/principal\/wp-json\/wp\/v2\/posts\/42074","targetHints":{"allow":["GET"]}}],"collection":[{"href":"https:\/\/www.hoymercedes.com.ar\/principal\/wp-json\/wp\/v2\/posts"}],"about":[{"href":"https:\/\/www.hoymercedes.com.ar\/principal\/wp-json\/wp\/v2\/types\/post"}],"author":[{"embeddable":true,"href":"https:\/\/www.hoymercedes.com.ar\/principal\/wp-json\/wp\/v2\/users\/1"}],"replies":[{"embeddable":true,"href":"https:\/\/www.hoymercedes.com.ar\/principal\/wp-json\/wp\/v2\/comments?post=42074"}],"version-history":[{"count":0,"href":"https:\/\/www.hoymercedes.com.ar\/principal\/wp-json\/wp\/v2\/posts\/42074\/revisions"}],"wp:featuredmedia":[{"embeddable":true,"href":"https:\/\/www.hoymercedes.com.ar\/principal\/wp-json\/wp\/v2\/media\/42099"}],"wp:attachment":[{"href":"https:\/\/www.hoymercedes.com.ar\/principal\/wp-json\/wp\/v2\/media?parent=42074"}],"wp:term":[{"taxonomy":"category","embeddable":true,"href":"https:\/\/www.hoymercedes.com.ar\/principal\/wp-json\/wp\/v2\/categories?post=42074"},{"taxonomy":"post_tag","embeddable":true,"href":"https:\/\/www.hoymercedes.com.ar\/principal\/wp-json\/wp\/v2\/tags?post=42074"}],"curies":[{"name":"wp","href":"https:\/\/api.w.org\/{rel}","templated":true}]}}