{"id":42119,"date":"2015-06-01T20:06:39","date_gmt":"2015-06-01T23:06:39","guid":{"rendered":"http:\/\/www.hoymercedes.com.ar\/principal\/?p=42119"},"modified":"2015-06-01T20:06:39","modified_gmt":"2015-06-01T23:06:39","slug":"ustarroz-y-equipos-tecnicos-lanzan-este-martes-el-foro-de-planificacion","status":"publish","type":"post","link":"https:\/\/www.hoymercedes.com.ar\/principal\/2015\/06\/01\/ustarroz-y-equipos-tecnicos-lanzan-este-martes-el-foro-de-planificacion\/","title":{"rendered":"Ustarroz y equipos t\u00e9cnicos lanzan \u00e9ste martes el Foro de Planificaci\u00f3n"},"content":{"rendered":"<p><a href=\"https:\/\/www.hoymercedes.com.ar\/principal\/wp-content\/uploads\/2015\/06\/Ustarroz-EquipodeTrabajo.jpg\"><img loading=\"lazy\" decoding=\"async\" data-attachment-id=\"42120\" data-permalink=\"https:\/\/www.hoymercedes.com.ar\/principal\/2015\/06\/01\/ustarroz-y-equipos-tecnicos-lanzan-este-martes-el-foro-de-planificacion\/ustarroz-equipodetrabajo\/#main\" data-orig-file=\"https:\/\/www.hoymercedes.com.ar\/principal\/wp-content\/uploads\/2015\/06\/Ustarroz-EquipodeTrabajo.jpg\" data-orig-size=\"620,413\" data-comments-opened=\"1\" data-image-meta=\"{&quot;aperture&quot;:&quot;0&quot;,&quot;credit&quot;:&quot;SEBASTIAN_AMBROSSIO&quot;,&quot;camera&quot;:&quot;&quot;,&quot;caption&quot;:&quot;&quot;,&quot;created_timestamp&quot;:&quot;0&quot;,&quot;copyright&quot;:&quot;Sebastian Ambrossio_&quot;,&quot;focal_length&quot;:&quot;0&quot;,&quot;iso&quot;:&quot;0&quot;,&quot;shutter_speed&quot;:&quot;0&quot;,&quot;title&quot;:&quot;&quot;,&quot;orientation&quot;:&quot;0&quot;}\" data-image-title=\"Ustarroz-EquipodeTrabajo\" data-image-description=\"\" data-image-caption=\"\" data-large-file=\"https:\/\/www.hoymercedes.com.ar\/principal\/wp-content\/uploads\/2015\/06\/Ustarroz-EquipodeTrabajo.jpg\" class=\"Img2014 aligncenter wp-image-42120 size-full\" title=\"Ustarroz Juan\" src=\"https:\/\/www.hoymercedes.com.ar\/principal\/wp-content\/uploads\/2015\/06\/Ustarroz-EquipodeTrabajo.jpg\" alt=\"Ustarroz-EquipodeTrabajo\" width=\"620\" height=\"413\" srcset=\"https:\/\/www.hoymercedes.com.ar\/principal\/wp-content\/uploads\/2015\/06\/Ustarroz-EquipodeTrabajo.jpg 620w, https:\/\/www.hoymercedes.com.ar\/principal\/wp-content\/uploads\/2015\/06\/Ustarroz-EquipodeTrabajo-150x100.jpg 150w, https:\/\/www.hoymercedes.com.ar\/principal\/wp-content\/uploads\/2015\/06\/Ustarroz-EquipodeTrabajo-290x193.jpg 290w, https:\/\/www.hoymercedes.com.ar\/principal\/wp-content\/uploads\/2015\/06\/Ustarroz-EquipodeTrabajo-50x33.jpg 50w\" sizes=\"auto, (max-width: 620px) 100vw, 620px\" \/><\/a><\/p>\n<p><em><strong>El presidente del bloque de concejales del Frente Mercedino para la Victoria, Juan Ignacio Ustarroz, acompa\u00f1ado de sus equipos t\u00e9cnicos, organizar\u00e1 este martes la primera reuni\u00f3n formal del foro abierto de Planificaci\u00f3n y Servicios P\u00fablicos, en el que expondr\u00e1n como invitados Santiago Rodr\u00edguez y Federico Robledo, responsables de la Secretar\u00eda de Ciencia, Tecnolog\u00eda y Producci\u00f3n del Ministerio de Defensa de la Naci\u00f3n.<\/strong><\/em><\/p>\n<p>La reuni\u00f3n se desarrollar\u00e1 ma\u00f1ana 2 de junio a partir de las 19 en el 5\u00b0 piso del Hotel Mercedes; y contar\u00e1 tambi\u00e9n con la participaci\u00f3n del profesor Rodolfo Stanislav (docente especializado en Planificaci\u00f3n Estrat\u00e9gica Urbana y Desarrollo Social).<\/p>\n<p>\u201cEsperamos la presencia de todos los vecinos interesados en participar, porque la idea es hacer un foro abierto a toda la comunidad\u201d, record\u00f3 Ustarroz.<\/p>\n<p>Ustarroz y sus equipos ya vienen dando los primeros pasos en la estrategia de planificaci\u00f3n urbana, manteniendo reuniones justamente con los invitados al foro y profundizando los alcances del Programa ACTUAR del Ministerio de Defensa.<\/p>\n<p>El lanzamiento de los Foros de Participaci\u00f3n Ciudadana fue realizado semanas atr\u00e1s por el Frente Mercedino con cuatro ejes tem\u00e1ticos: Salud y Deporte, Seguridad, Producci\u00f3n y Empleo y Planificaci\u00f3n y Servicios P\u00fablicos, del que Juani dijo espec\u00edficamente:<\/p>\n<p>\u201cTenemos que pensar en ambos aspectos. Primero, qu\u00e9 Mercedes queremos a 30 \u00f3 50 a\u00f1os, tener una visi\u00f3n de ciudad. Mercedes est\u00e1 en una l\u00ednea difusa, poco clara, entre ser una ciudad del interior o una ciudad con caracter\u00edsticas del conurbano. Todos coincidimos en que queremos seguir siendo una ciudad del interior, con los valores de buenos vecinos, pr\u00e1cticas, usos y costumbres que queremos se conserven y se consoliden. Crecer de modo desordenado tiene sus costos: alterar el orden y los valores que remarc\u00e1bamos\u201d.<\/p>\n<p>\u201cParalelamente hay que trabajar el d\u00eda a d\u00eda, con los servicios y prestaciones que debe dar el municipio. Una ciudad ordenada, limpia, con accesibilidad a los barrios y las zonas rurales y dem\u00e1s. Planteamos un trabajo muy intensivo porque es el coraz\u00f3n del municipio y hay que mejorar esos servicios. Hoy en Mercedes solo un 38% de los vecinos paga las tasas, que tienen la contraprestaci\u00f3n de los servicios. Debemos trabajar para mejorar el corral\u00f3n, atender los problemas diarios que tienen los vecinos y que con el grupo de concejales que me acompa\u00f1an, venimos viendo que cada quince d\u00edas hacemos una presentaci\u00f3n extensa sobre diferentes problemas. Eso se debe abordar\u201d, agreg\u00f3.<\/p>\n<p>&nbsp;<\/p>\n<p>&nbsp;<\/p>\n<p>&nbsp;<\/p>\n","protected":false},"excerpt":{"rendered":"<p>El presidente del bloque de concejales del Frente Mercedino para la Victoria, Juan Ignacio Ustarroz, acompa\u00f1ado de sus equipos t\u00e9cnicos, &#8230; <a title=\"Ustarroz y equipos t\u00e9cnicos lanzan \u00e9ste martes el Foro de Planificaci\u00f3n\" class=\"read-more\" href=\"https:\/\/www.hoymercedes.com.ar\/principal\/2015\/06\/01\/ustarroz-y-equipos-tecnicos-lanzan-este-martes-el-foro-de-planificacion\/\" aria-label=\"Leer m\u00e1s sobre Ustarroz y equipos t\u00e9cnicos lanzan \u00e9ste martes el Foro de Planificaci\u00f3n\">Leer m\u00e1s<\/a><\/p>\n","protected":false},"author":1,"featured_media":42120,"comment_status":"open","ping_status":"open","sticky":false,"template":"","format":"standard","meta":{"_monsterinsights_skip_tracking":false,"_monsterinsights_sitenote_active":false,"_monsterinsights_sitenote_note":"","_monsterinsights_sitenote_category":0,"jetpack_post_was_ever_published":false,"_jetpack_newsletter_access":"","_jetpack_dont_email_post_to_subs":false,"_jetpack_newsletter_tier_id":0,"_jetpack_memberships_contains_paywalled_content":false,"_jetpack_memberships_contains_paid_content":false,"footnotes":"","jetpack_publicize_message":"","jetpack_publicize_feature_enabled":true,"jetpack_social_post_already_shared":true,"jetpack_social_options":{"image_generator_settings":{"template":"highway","default_image_id":0,"font":"","enabled":false},"version":2},"_wpas_customize_per_network":false},"categories":[5],"tags":[7412,585],"class_list":["post-42119","post","type-post","status-publish","format-standard","has-post-thumbnail","hentry","category-politica","tag-foro-de-seguridad","tag-juan-ustarroz","generate-columns","tablet-grid-50","mobile-grid-100","grid-parent","grid-50"],"jetpack_publicize_connections":[],"jetpack_featured_media_url":"https:\/\/www.hoymercedes.com.ar\/principal\/wp-content\/uploads\/2015\/06\/Ustarroz-EquipodeTrabajo.jpg","wps_subtitle":"Elecciones 2015","jetpack_sharing_enabled":true,"jetpack-related-posts":[{"id":126444,"url":"https:\/\/www.hoymercedes.com.ar\/principal\/2021\/03\/18\/se-realizo-el-foro-de-planificacion-en-ambiente-y-movilidad-urban\/","url_meta":{"origin":42119,"position":0},"title":"Se realiz\u00f3 el foro de Planificaci\u00f3n en Ambiente y Movilidad Urban","author":"hoymercedes","date":"18 marzo, 2021","format":false,"excerpt":"Por Prensa Municipal - El intendente Juan Ignacio Ustarroz junto al responsable de la Direcci\u00f3n de Ambiente Juan Cruz Mend\u00eda y la Arq. Luc\u00eda R\u00edos bajo el marco del Foro de Planificaci\u00f3n Estrat\u00e9gica, encabezaron la reuni\u00f3n cuyo eje fue \u201cAmbiente y Movilidad Urbana Sustentable\u201d. La misma se llev\u00f3 adelante en\u2026","rel":"","context":"En \u00abMunicipio\u00bb","block_context":{"text":"Municipio","link":"https:\/\/www.hoymercedes.com.ar\/principal\/category\/municipio\/"},"img":{"alt_text":"","src":"https:\/\/i0.wp.com\/www.hoymercedes.com.ar\/principal\/wp-content\/uploads\/2021\/03\/17-Muni-ambiente-1.jpg?resize=350%2C200&ssl=1","width":350,"height":200,"srcset":"https:\/\/i0.wp.com\/www.hoymercedes.com.ar\/principal\/wp-content\/uploads\/2021\/03\/17-Muni-ambiente-1.jpg?resize=350%2C200&ssl=1 1x, https:\/\/i0.wp.com\/www.hoymercedes.com.ar\/principal\/wp-content\/uploads\/2021\/03\/17-Muni-ambiente-1.jpg?resize=525%2C300&ssl=1 1.5x, https:\/\/i0.wp.com\/www.hoymercedes.com.ar\/principal\/wp-content\/uploads\/2021\/03\/17-Muni-ambiente-1.jpg?resize=700%2C400&ssl=1 2x"},"classes":[]},{"id":121100,"url":"https:\/\/www.hoymercedes.com.ar\/principal\/2020\/11\/30\/reunion-tecnica-y-de-planificacion-obras-en-rio-lujan-en-ministerio-de-infraestructura\/","url_meta":{"origin":42119,"position":1},"title":"Reuni\u00f3n t\u00e9cnica y de planificaci\u00f3n obras en R\u00edo Luj\u00e1n en Ministerio de Infraestructura","author":"hoymercedes","date":"30 noviembre, 2020","format":false,"excerpt":"Fuente: Prensa Municipal - Tras la firma del convenio por obras en la cuenca del R\u00edo Luj\u00e1n realizado en Casa Rosa por el presidente Fern\u00e1ndez de la cual particip\u00f3 el intendente Ustarroz se concret\u00f3 una nueva reuni\u00f3n para avanzar en planificaciones y aspectos t\u00e9cnicos inherentes a las pr\u00f3ximas intervenciones. El\u2026","rel":"","context":"En \u00abMunicipio\u00bb","block_context":{"text":"Municipio","link":"https:\/\/www.hoymercedes.com.ar\/principal\/category\/municipio\/"},"img":{"alt_text":"","src":"https:\/\/i0.wp.com\/www.hoymercedes.com.ar\/principal\/wp-content\/uploads\/2020\/11\/30-muni-planif.jpg?resize=350%2C200&ssl=1","width":350,"height":200,"srcset":"https:\/\/i0.wp.com\/www.hoymercedes.com.ar\/principal\/wp-content\/uploads\/2020\/11\/30-muni-planif.jpg?resize=350%2C200&ssl=1 1x, https:\/\/i0.wp.com\/www.hoymercedes.com.ar\/principal\/wp-content\/uploads\/2020\/11\/30-muni-planif.jpg?resize=525%2C300&ssl=1 1.5x, https:\/\/i0.wp.com\/www.hoymercedes.com.ar\/principal\/wp-content\/uploads\/2020\/11\/30-muni-planif.jpg?resize=700%2C400&ssl=1 2x"},"classes":[]},{"id":42174,"url":"https:\/\/www.hoymercedes.com.ar\/principal\/2015\/06\/03\/ustarroz-la-participacion-de-los-vecinos-es-fundamental-para-planificar-la-ciudad-que-queremos\/","url_meta":{"origin":42119,"position":2},"title":"Ustarroz: \u201cla participaci\u00f3n de los vecinos es fundamental para planificar la ciudad que queremos\u201d","author":"hoymercedes","date":"3 junio, 2015","format":false,"excerpt":"El presidente del bloque de concejales del Frente Mercedino para la Victoria, Juan Ignacio Ustarroz, junto con sus equipos t\u00e9cnicos y distintos especialistas, le dieron inicio este martes al Foro de Participaci\u00f3n Ciudadana de Planificaci\u00f3n y Servicios P\u00fablicos, en el que presentaron distintas herramientas para la proyecci\u00f3n de la ciudad\u2026","rel":"","context":"En \u00abPol\u00edtica\u00bb","block_context":{"text":"Pol\u00edtica","link":"https:\/\/www.hoymercedes.com.ar\/principal\/category\/politica\/"},"img":{"alt_text":"","src":"https:\/\/i0.wp.com\/www.hoymercedes.com.ar\/principal\/wp-content\/uploads\/2015\/06\/planificaci%C3%B3n-foro-ustarroz.jpg?resize=350%2C200&ssl=1","width":350,"height":200,"srcset":"https:\/\/i0.wp.com\/www.hoymercedes.com.ar\/principal\/wp-content\/uploads\/2015\/06\/planificaci%C3%B3n-foro-ustarroz.jpg?resize=350%2C200&ssl=1 1x, https:\/\/i0.wp.com\/www.hoymercedes.com.ar\/principal\/wp-content\/uploads\/2015\/06\/planificaci%C3%B3n-foro-ustarroz.jpg?resize=525%2C300&ssl=1 1.5x"},"classes":[]},{"id":42268,"url":"https:\/\/www.hoymercedes.com.ar\/principal\/2015\/06\/06\/seguridad-ciudadana-como-un-eje-del-foro-de-planificacion-del-frente-mercedino\/","url_meta":{"origin":42119,"position":3},"title":"\u00abSeguridad ciudadana\u00bb como un eje del foro de planificaci\u00f3n del Frente Mercedino","author":"hoymercedes","date":"6 junio, 2015","format":false,"excerpt":"La planificaci\u00f3n urbana y el uso de los espacios p\u00fablicos en funci\u00f3n de la seguridad ciudadana fue el eje central en el inicio del foro del \u00e1rea organizado por el Frente Mercedino para la Victoria, este jueves, con la participaci\u00f3n del presidente del bloque de concejales de la agrupaci\u00f3n, Juan\u2026","rel":"","context":"En \u00abCiudad\u00bb","block_context":{"text":"Ciudad","link":"https:\/\/www.hoymercedes.com.ar\/principal\/category\/ciudad\/"},"img":{"alt_text":"","src":"https:\/\/i0.wp.com\/www.hoymercedes.com.ar\/principal\/wp-content\/uploads\/2015\/06\/foro-seguridadciudadana.jpg?resize=350%2C200&ssl=1","width":350,"height":200,"srcset":"https:\/\/i0.wp.com\/www.hoymercedes.com.ar\/principal\/wp-content\/uploads\/2015\/06\/foro-seguridadciudadana.jpg?resize=350%2C200&ssl=1 1x, https:\/\/i0.wp.com\/www.hoymercedes.com.ar\/principal\/wp-content\/uploads\/2015\/06\/foro-seguridadciudadana.jpg?resize=525%2C300&ssl=1 1.5x"},"classes":[]},{"id":126253,"url":"https:\/\/www.hoymercedes.com.ar\/principal\/2021\/03\/14\/se-realizara-el-tercer-del-foro-de-planificacion-estrategica-institucional\/","url_meta":{"origin":42119,"position":4},"title":"Se realizar\u00e1 el tercer del Foro de Planificaci\u00f3n Estrat\u00e9gica Institucional","author":"hoymercedes","date":"14 marzo, 2021","format":false,"excerpt":"Por Prensa Municipal - Se viene un nuevo Foro de Planificaci\u00f3n Estrat\u00e9gica. Durante el a\u00f1o pasado se relanz\u00f3 la modalidad de trabajo tem\u00e1tica, abierta, democr\u00e1tica y plural. El objetivo es\u00a0\u201cescuchar, planificar y hacer\u201d, para construir colectivamente diversas intervenciones en la ciudad, logrando organizaci\u00f3n y puesta en com\u00fan en las medidas\u2026","rel":"","context":"En \u00abMunicipio\u00bb","block_context":{"text":"Municipio","link":"https:\/\/www.hoymercedes.com.ar\/principal\/category\/municipio\/"},"img":{"alt_text":"","src":"https:\/\/i0.wp.com\/www.hoymercedes.com.ar\/principal\/wp-content\/uploads\/2021\/03\/photo_2021-03-11_09-17-14.jpg?resize=350%2C200&ssl=1","width":350,"height":200,"srcset":"https:\/\/i0.wp.com\/www.hoymercedes.com.ar\/principal\/wp-content\/uploads\/2021\/03\/photo_2021-03-11_09-17-14.jpg?resize=350%2C200&ssl=1 1x, https:\/\/i0.wp.com\/www.hoymercedes.com.ar\/principal\/wp-content\/uploads\/2021\/03\/photo_2021-03-11_09-17-14.jpg?resize=525%2C300&ssl=1 1.5x, https:\/\/i0.wp.com\/www.hoymercedes.com.ar\/principal\/wp-content\/uploads\/2021\/03\/photo_2021-03-11_09-17-14.jpg?resize=700%2C400&ssl=1 2x"},"classes":[]},{"id":143800,"url":"https:\/\/www.hoymercedes.com.ar\/principal\/2022\/02\/10\/ministro-filmus-e-intendente-ustarroz-firman-convenio-para-investigacion-y-desarrollo-cientifico\/","url_meta":{"origin":42119,"position":5},"title":"Ministro Filmus e intendente Ustarroz firman convenio para investigaci\u00f3n y desarrollo cient\u00edfico","author":"hoymercedes","date":"10 febrero, 2022","format":false,"excerpt":"mu El intendente Dr. Juan I. Ustarroz firm\u00f3 un importante convenio con el Ministerio de Ciencia y Tecnolog\u00eda de la Naci\u00f3n a trav\u00e9s de su ministro Daniel Filmus. La reuni\u00f3n permiti\u00f3 avanzar adem\u00e1s en materia de temas educativos, investigativos y de desarrollo cient\u00edfico en la ciudad y el Polo que\u2026","rel":"","context":"En \u00abMunicipio\u00bb","block_context":{"text":"Municipio","link":"https:\/\/www.hoymercedes.com.ar\/principal\/category\/municipio\/"},"img":{"alt_text":"","src":"https:\/\/i0.wp.com\/www.hoymercedes.com.ar\/principal\/wp-content\/uploads\/2022\/02\/DSC03251.jpg?resize=350%2C200&ssl=1","width":350,"height":200,"srcset":"https:\/\/i0.wp.com\/www.hoymercedes.com.ar\/principal\/wp-content\/uploads\/2022\/02\/DSC03251.jpg?resize=350%2C200&ssl=1 1x, https:\/\/i0.wp.com\/www.hoymercedes.com.ar\/principal\/wp-content\/uploads\/2022\/02\/DSC03251.jpg?resize=525%2C300&ssl=1 1.5x, https:\/\/i0.wp.com\/www.hoymercedes.com.ar\/principal\/wp-content\/uploads\/2022\/02\/DSC03251.jpg?resize=700%2C400&ssl=1 2x"},"classes":[]}],"_links":{"self":[{"href":"https:\/\/www.hoymercedes.com.ar\/principal\/wp-json\/wp\/v2\/posts\/42119","targetHints":{"allow":["GET"]}}],"collection":[{"href":"https:\/\/www.hoymercedes.com.ar\/principal\/wp-json\/wp\/v2\/posts"}],"about":[{"href":"https:\/\/www.hoymercedes.com.ar\/principal\/wp-json\/wp\/v2\/types\/post"}],"author":[{"embeddable":true,"href":"https:\/\/www.hoymercedes.com.ar\/principal\/wp-json\/wp\/v2\/users\/1"}],"replies":[{"embeddable":true,"href":"https:\/\/www.hoymercedes.com.ar\/principal\/wp-json\/wp\/v2\/comments?post=42119"}],"version-history":[{"count":0,"href":"https:\/\/www.hoymercedes.com.ar\/principal\/wp-json\/wp\/v2\/posts\/42119\/revisions"}],"wp:featuredmedia":[{"embeddable":true,"href":"https:\/\/www.hoymercedes.com.ar\/principal\/wp-json\/wp\/v2\/media\/42120"}],"wp:attachment":[{"href":"https:\/\/www.hoymercedes.com.ar\/principal\/wp-json\/wp\/v2\/media?parent=42119"}],"wp:term":[{"taxonomy":"category","embeddable":true,"href":"https:\/\/www.hoymercedes.com.ar\/principal\/wp-json\/wp\/v2\/categories?post=42119"},{"taxonomy":"post_tag","embeddable":true,"href":"https:\/\/www.hoymercedes.com.ar\/principal\/wp-json\/wp\/v2\/tags?post=42119"}],"curies":[{"name":"wp","href":"https:\/\/api.w.org\/{rel}","templated":true}]}}