{"id":42152,"date":"2015-06-02T18:28:06","date_gmt":"2015-06-02T21:28:06","guid":{"rendered":"http:\/\/www.hoymercedes.com.ar\/principal\/?p=42152"},"modified":"2015-06-03T13:52:55","modified_gmt":"2015-06-03T16:52:55","slug":"efectuaron-apertura-de-sobres-de-licitacion-para-obras-de-jardin-n903","status":"publish","type":"post","link":"https:\/\/www.hoymercedes.com.ar\/principal\/2015\/06\/02\/efectuaron-apertura-de-sobres-de-licitacion-para-obras-de-jardin-n903\/","title":{"rendered":"Efectuaron apertura de sobres de licitaci\u00f3n para obras de Jard\u00edn N\u00b0903"},"content":{"rendered":"<p><a href=\"https:\/\/www.hoymercedes.com.ar\/principal\/wp-content\/uploads\/2015\/06\/consejoescolar-licitaci\u00f3n.jpg\"><img loading=\"lazy\" decoding=\"async\" data-attachment-id=\"42153\" data-permalink=\"https:\/\/www.hoymercedes.com.ar\/principal\/2015\/06\/02\/efectuaron-apertura-de-sobres-de-licitacion-para-obras-de-jardin-n903\/consejoescolar-licitacion\/#main\" data-orig-file=\"https:\/\/www.hoymercedes.com.ar\/principal\/wp-content\/uploads\/2015\/06\/consejoescolar-licitaci\u00f3n.jpg\" data-orig-size=\"620,348\" data-comments-opened=\"1\" data-image-meta=\"{&quot;aperture&quot;:&quot;0&quot;,&quot;credit&quot;:&quot;&quot;,&quot;camera&quot;:&quot;&quot;,&quot;caption&quot;:&quot;&quot;,&quot;created_timestamp&quot;:&quot;0&quot;,&quot;copyright&quot;:&quot;&quot;,&quot;focal_length&quot;:&quot;0&quot;,&quot;iso&quot;:&quot;0&quot;,&quot;shutter_speed&quot;:&quot;0&quot;,&quot;title&quot;:&quot;&quot;,&quot;orientation&quot;:&quot;0&quot;}\" data-image-title=\"consejoescolar-licitaci\u00f3n\" data-image-description=\"\" data-image-caption=\"\" data-large-file=\"https:\/\/www.hoymercedes.com.ar\/principal\/wp-content\/uploads\/2015\/06\/consejoescolar-licitaci\u00f3n.jpg\" class=\"Img2014 aligncenter wp-image-42153 size-full\" src=\"https:\/\/www.hoymercedes.com.ar\/principal\/wp-content\/uploads\/2015\/06\/consejoescolar-licitaci\u00f3n.jpg\" alt=\"consejoescolar-licitaci\u00f3n\" width=\"620\" height=\"348\" srcset=\"https:\/\/www.hoymercedes.com.ar\/principal\/wp-content\/uploads\/2015\/06\/consejoescolar-licitaci\u00f3n.jpg 620w, https:\/\/www.hoymercedes.com.ar\/principal\/wp-content\/uploads\/2015\/06\/consejoescolar-licitaci\u00f3n-150x84.jpg 150w, https:\/\/www.hoymercedes.com.ar\/principal\/wp-content\/uploads\/2015\/06\/consejoescolar-licitaci\u00f3n-290x163.jpg 290w, https:\/\/www.hoymercedes.com.ar\/principal\/wp-content\/uploads\/2015\/06\/consejoescolar-licitaci\u00f3n-50x28.jpg 50w\" sizes=\"auto, (max-width: 620px) 100vw, 620px\" \/><\/a><\/p>\n<p><strong><em>El pasado martes, en el Consejo Escolar, se realiz\u00f3 la apertura de sobres de la licitaci\u00f3n correspondiente a las obras del Jard\u00edn N\u00b0903, que se realizar\u00e1n con fondos provenientes de la municipalidad.\u00a0<\/em><\/strong><\/p>\n<p>Estuvieron presentes la presidente del Consejo Escolar, Mar\u00eda Elena Oliva, el tesorero Carlos Saporiti, el secretario t\u00e9cnico Sebasti\u00e1n Cosi, la consejera Stella Maris Betancur, Oscar Fern\u00e1ndez (representante de una de las firmas oferentes), la directora del Jard\u00edn 903 Valeria Ambrosio y la vicedirectora M. Eugenia Bainotti.<\/p>\n<p>La obra fue anunciada tiempo atr\u00e1s por el intendente Carlos Selva y ser\u00e1 un importante beneficio para la instituci\u00f3n y la comunidad educativa.<\/p>\n<p>Se har\u00e1n reparaciones y techado.<\/p>\n<p>&nbsp;<\/p>\n<p>&nbsp;<\/p>\n","protected":false},"excerpt":{"rendered":"<p>El pasado martes, en el Consejo Escolar, se realiz\u00f3 la apertura de sobres de la licitaci\u00f3n correspondiente a las obras &#8230; <a title=\"Efectuaron apertura de sobres de licitaci\u00f3n para obras de Jard\u00edn N\u00b0903\" class=\"read-more\" href=\"https:\/\/www.hoymercedes.com.ar\/principal\/2015\/06\/02\/efectuaron-apertura-de-sobres-de-licitacion-para-obras-de-jardin-n903\/\" aria-label=\"Leer m\u00e1s sobre Efectuaron apertura de sobres de licitaci\u00f3n para obras de Jard\u00edn N\u00b0903\">Leer m\u00e1s<\/a><\/p>\n","protected":false},"author":1,"featured_media":42153,"comment_status":"open","ping_status":"open","sticky":false,"template":"","format":"standard","meta":{"_monsterinsights_skip_tracking":false,"_monsterinsights_sitenote_active":false,"_monsterinsights_sitenote_note":"","_monsterinsights_sitenote_category":0,"jetpack_post_was_ever_published":false,"_jetpack_newsletter_access":"","_jetpack_dont_email_post_to_subs":false,"_jetpack_newsletter_tier_id":0,"_jetpack_memberships_contains_paywalled_content":false,"_jetpack_memberships_contains_paid_content":false,"footnotes":"","jetpack_publicize_message":"","jetpack_publicize_feature_enabled":true,"jetpack_social_post_already_shared":true,"jetpack_social_options":{"image_generator_settings":{"template":"highway","default_image_id":0,"font":"","enabled":false},"version":2},"_wpas_customize_per_network":false},"categories":[23],"tags":[1317,7418],"class_list":["post-42152","post","type-post","status-publish","format-standard","has-post-thumbnail","hentry","category-educacion","tag-consejo-escolar","tag-jardin-n903","generate-columns","tablet-grid-50","mobile-grid-100","grid-parent","grid-50"],"jetpack_publicize_connections":[],"jetpack_featured_media_url":"https:\/\/www.hoymercedes.com.ar\/principal\/wp-content\/uploads\/2015\/06\/consejoescolar-licitaci\u00f3n.jpg","wps_subtitle":"En el Consejo Escolar ","jetpack_sharing_enabled":true,"_links":{"self":[{"href":"https:\/\/www.hoymercedes.com.ar\/principal\/wp-json\/wp\/v2\/posts\/42152","targetHints":{"allow":["GET"]}}],"collection":[{"href":"https:\/\/www.hoymercedes.com.ar\/principal\/wp-json\/wp\/v2\/posts"}],"about":[{"href":"https:\/\/www.hoymercedes.com.ar\/principal\/wp-json\/wp\/v2\/types\/post"}],"author":[{"embeddable":true,"href":"https:\/\/www.hoymercedes.com.ar\/principal\/wp-json\/wp\/v2\/users\/1"}],"replies":[{"embeddable":true,"href":"https:\/\/www.hoymercedes.com.ar\/principal\/wp-json\/wp\/v2\/comments?post=42152"}],"version-history":[{"count":0,"href":"https:\/\/www.hoymercedes.com.ar\/principal\/wp-json\/wp\/v2\/posts\/42152\/revisions"}],"wp:featuredmedia":[{"embeddable":true,"href":"https:\/\/www.hoymercedes.com.ar\/principal\/wp-json\/wp\/v2\/media\/42153"}],"wp:attachment":[{"href":"https:\/\/www.hoymercedes.com.ar\/principal\/wp-json\/wp\/v2\/media?parent=42152"}],"wp:term":[{"taxonomy":"category","embeddable":true,"href":"https:\/\/www.hoymercedes.com.ar\/principal\/wp-json\/wp\/v2\/categories?post=42152"},{"taxonomy":"post_tag","embeddable":true,"href":"https:\/\/www.hoymercedes.com.ar\/principal\/wp-json\/wp\/v2\/tags?post=42152"}],"curies":[{"name":"wp","href":"https:\/\/api.w.org\/{rel}","templated":true}]}}