{"id":42155,"date":"2015-06-02T18:40:51","date_gmt":"2015-06-02T21:40:51","guid":{"rendered":"http:\/\/www.hoymercedes.com.ar\/principal\/?p=42155"},"modified":"2015-06-02T21:42:25","modified_gmt":"2015-06-03T00:42:25","slug":"ustarroz-entrego-aporte-economico-a-la-sede-local-de-lalcec","status":"publish","type":"post","link":"https:\/\/www.hoymercedes.com.ar\/principal\/2015\/06\/02\/ustarroz-entrego-aporte-economico-a-la-sede-local-de-lalcec\/","title":{"rendered":"Ustarroz entreg\u00f3 aporte econ\u00f3mico a la sede local de LALCEC"},"content":{"rendered":"<p><a href=\"https:\/\/www.hoymercedes.com.ar\/principal\/wp-content\/uploads\/2015\/06\/Ustarroz-Lalcec.jpg\"><img loading=\"lazy\" decoding=\"async\" data-attachment-id=\"42156\" data-permalink=\"https:\/\/www.hoymercedes.com.ar\/principal\/2015\/06\/02\/ustarroz-entrego-aporte-economico-a-la-sede-local-de-lalcec\/ustarroz-lalcec\/#main\" data-orig-file=\"https:\/\/www.hoymercedes.com.ar\/principal\/wp-content\/uploads\/2015\/06\/Ustarroz-Lalcec.jpg\" data-orig-size=\"620,413\" data-comments-opened=\"1\" data-image-meta=\"{&quot;aperture&quot;:&quot;0&quot;,&quot;credit&quot;:&quot;&quot;,&quot;camera&quot;:&quot;&quot;,&quot;caption&quot;:&quot;&quot;,&quot;created_timestamp&quot;:&quot;0&quot;,&quot;copyright&quot;:&quot;&quot;,&quot;focal_length&quot;:&quot;0&quot;,&quot;iso&quot;:&quot;0&quot;,&quot;shutter_speed&quot;:&quot;0&quot;,&quot;title&quot;:&quot;&quot;,&quot;orientation&quot;:&quot;0&quot;}\" data-image-title=\"Ustarroz-Lalcec\" data-image-description=\"\" data-image-caption=\"\" data-large-file=\"https:\/\/www.hoymercedes.com.ar\/principal\/wp-content\/uploads\/2015\/06\/Ustarroz-Lalcec.jpg\" class=\"Img2014 aligncenter wp-image-42156 size-full\" title=\"LalCec Mercedes\" src=\"https:\/\/www.hoymercedes.com.ar\/principal\/wp-content\/uploads\/2015\/06\/Ustarroz-Lalcec.jpg\" alt=\"Ustarroz-Lalcec\" width=\"620\" height=\"413\" srcset=\"https:\/\/www.hoymercedes.com.ar\/principal\/wp-content\/uploads\/2015\/06\/Ustarroz-Lalcec.jpg 620w, https:\/\/www.hoymercedes.com.ar\/principal\/wp-content\/uploads\/2015\/06\/Ustarroz-Lalcec-150x100.jpg 150w, https:\/\/www.hoymercedes.com.ar\/principal\/wp-content\/uploads\/2015\/06\/Ustarroz-Lalcec-290x193.jpg 290w, https:\/\/www.hoymercedes.com.ar\/principal\/wp-content\/uploads\/2015\/06\/Ustarroz-Lalcec-50x33.jpg 50w\" sizes=\"auto, (max-width: 620px) 100vw, 620px\" \/><\/a><\/p>\n<p><em><strong>El presidente del bloque de concejales del Frente Mercedino para la Victoria, Juan Ignacio Ustarroz, remarc\u00f3 \u201cla obligaci\u00f3n de estar cerca de las instituciones\u201d, al entregar este lunes un aporte econ\u00f3mico de 20.000 pesos a la sede local de la Liga Argentina de Lucha contra el C\u00e1ncer (LALCEC), que la entidad invertir\u00e1 en distintas necesidades.<\/strong><\/em><\/p>\n<p>El aporte, impulsado por el Frente Mercedino, fue gestionado por el diputado provincial Alberto Espa\u00f1a en la C\u00e1mara baja de la legislatura bonaerense.<\/p>\n<p>\u201cNuestra idea es, en la medida que nos sea posible, tratar de ayudar a los vecinos y a las instituciones de Mercedes que trabajan para la gente, que construyen una ciudad mejor. Tuvimos un acercamiento con la Comisi\u00f3n Directiva de LALCEC, nos informaron algunas cosas de las que carec\u00edan, el diputado Alberto Espa\u00f1a gestion\u00f3 este aporte en Diputados y por suerte pudimos entregarlo. Nos pone muy contentos\u201d, asegur\u00f3 Ustarroz.<\/p>\n<p>Al acto de entrega asisti\u00f3 la Comisi\u00f3n Directiva de LALCEC Mercedes, encabezada por su presidenta, L\u00eda Dulevich, quien en el marco de una reuni\u00f3n amena y distendida agradeci\u00f3 el gesto y el apoyo del Frente Mercedino.<\/p>\n<p>\u201cLALCEC hace un trabajo especial en el que destacan valores como la solidaridad, la preocupaci\u00f3n por el otro, y para nosotros representa una obligaci\u00f3n ayudarlos desde nuestro lugar, m\u00e1s all\u00e1 de la satisfacci\u00f3n que nos dan estos momentos en que se pueden cumplir algunos de los sue\u00f1os que tienen\u201d, manifest\u00f3 Juani.<\/p>\n<p>Y agreg\u00f3: \u201cTambi\u00e9n es importante la articulaci\u00f3n entre estas instituciones y el hospital Blas Dubarry, por ejemplo, siempre detr\u00e1s de la idea de tener un abanico amplio de respuestas y construir entre todos el sue\u00f1o de una ciudad m\u00e1s unida, cada d\u00eda mejor\u201d.<\/p>\n<p>El Frente Mercedino, a trav\u00e9s de Espa\u00f1a y del actual Secretario General de la Presidencia, Eduardo de Pedro, ha gestionado aportes para distintas instituciones de nuestra ciudad como el Hogar Divina Providencia, la escuela Vamos Creciendo o el Rotary Club, entre otros; y tambi\u00e9n organiza actividades solidarias como cenas, bingos o torneos de f\u00fatbol.<\/p>\n<p>\u201cLa solidaridad y la organizaci\u00f3n de actividades a beneficio son uno de los ejes de nuestro trabajo, y es un orgullo poder realizarlo -cerr\u00f3 Ustarroz-. Instituciones, sociedades de fomento, clubes\u2026 estamos en la obligaci\u00f3n de apoyar en todo lo que podamos a aquellos que buscan el bien com\u00fan y que cumplen un rol important\u00edsimo en nuestra ciudad\u201d.<\/p>\n","protected":false},"excerpt":{"rendered":"<p>El presidente del bloque de concejales del Frente Mercedino para la Victoria, Juan Ignacio Ustarroz, remarc\u00f3 \u201cla obligaci\u00f3n de estar &#8230; <a title=\"Ustarroz entreg\u00f3 aporte econ\u00f3mico a la sede local de LALCEC\" class=\"read-more\" href=\"https:\/\/www.hoymercedes.com.ar\/principal\/2015\/06\/02\/ustarroz-entrego-aporte-economico-a-la-sede-local-de-lalcec\/\" aria-label=\"Leer m\u00e1s sobre Ustarroz entreg\u00f3 aporte econ\u00f3mico a la sede local de LALCEC\">Leer m\u00e1s<\/a><\/p>\n","protected":false},"author":1,"featured_media":42156,"comment_status":"open","ping_status":"open","sticky":false,"template":"","format":"standard","meta":{"_monsterinsights_skip_tracking":false,"_monsterinsights_sitenote_active":false,"_monsterinsights_sitenote_note":"","_monsterinsights_sitenote_category":0,"jetpack_post_was_ever_published":false,"_jetpack_newsletter_access":"","_jetpack_dont_email_post_to_subs":false,"_jetpack_newsletter_tier_id":0,"_jetpack_memberships_contains_paywalled_content":false,"_jetpack_memberships_contains_paid_content":false,"footnotes":"","jetpack_publicize_message":"","jetpack_publicize_feature_enabled":true,"jetpack_social_post_already_shared":true,"jetpack_social_options":{"image_generator_settings":{"template":"highway","default_image_id":0,"font":"","enabled":false},"version":2},"_wpas_customize_per_network":false},"categories":[5],"tags":[66],"class_list":["post-42155","post","type-post","status-publish","format-standard","has-post-thumbnail","hentry","category-politica","tag-lalcec-mercedes","generate-columns","tablet-grid-50","mobile-grid-100","grid-parent","grid-50"],"jetpack_publicize_connections":[],"jetpack_featured_media_url":"https:\/\/www.hoymercedes.com.ar\/principal\/wp-content\/uploads\/2015\/06\/Ustarroz-Lalcec.jpg","wps_subtitle":"Apoyo solidario","jetpack_sharing_enabled":true,"jetpack-related-posts":[{"id":20826,"url":"https:\/\/www.hoymercedes.com.ar\/principal\/2013\/03\/21\/ustarroz-entrego-subsidio-a-lalcen-por-10mil-pesos\/","url_meta":{"origin":42155,"position":0},"title":"Ustarr\u00f3z entreg\u00f3 subsidio a LALCEC por 10mil pesos","author":"hoymercedes","date":"21 marzo, 2013","format":false,"excerpt":"Se llev\u00f3 a cabo la entrega de un subsidio a LALCEC Mercedes a manos del Juan Ustarr\u00f3z. Se trata de \u00a010.000 pesos. El mismo fue gestionado por Eduardo De Pedro en la C\u00e1mara de Diputados Nacionales.El referente del Frente Mercedino para la Victoria sostuvo: \"Nuestra idea es, en la medida\u2026","rel":"","context":"En \u00abSociedad\u00bb","block_context":{"text":"Sociedad","link":"https:\/\/www.hoymercedes.com.ar\/principal\/category\/sociedad\/"},"img":{"alt_text":"","src":"","width":0,"height":0},"classes":[]},{"id":40489,"url":"https:\/\/www.hoymercedes.com.ar\/principal\/2015\/03\/31\/frente-mercedino-efectuo-aporte-a-la-comunidad-terapeutica-raices\/","url_meta":{"origin":42155,"position":1},"title":"Frente Mercedino efectu\u00f3 aporte a la comunidad terapeutica \u00abRa\u00edces\u00bb","author":"hoymercedes","date":"31 marzo, 2015","format":false,"excerpt":"El presidente del bloque de concejales del Frente Mercedino para la Victoria, Juan Ignacio Ustarroz, resalt\u00f3 \u201cla labor solidaria\u201d realizada por la Comunidad Terap\u00e9utica Ra\u00edces, a la que le entreg\u00f3 una ayuda econ\u00f3mica de $ 7.500 gestionada ante la C\u00e1mara de Diputados de la Naci\u00f3n por el hoy Secretario General\u2026","rel":"","context":"En \u00abSociedad\u00bb","block_context":{"text":"Sociedad","link":"https:\/\/www.hoymercedes.com.ar\/principal\/category\/sociedad\/"},"img":{"alt_text":"Aporta-Raices","src":"https:\/\/i0.wp.com\/www.hoymercedes.com.ar\/principal\/wp-content\/uploads\/2015\/03\/Aporta-Raices.jpg?resize=350%2C200","width":350,"height":200,"srcset":"https:\/\/i0.wp.com\/www.hoymercedes.com.ar\/principal\/wp-content\/uploads\/2015\/03\/Aporta-Raices.jpg?resize=350%2C200 1x, https:\/\/i0.wp.com\/www.hoymercedes.com.ar\/principal\/wp-content\/uploads\/2015\/03\/Aporta-Raices.jpg?resize=525%2C300 1.5x"},"classes":[]},{"id":143870,"url":"https:\/\/www.hoymercedes.com.ar\/principal\/2022\/02\/12\/encuentro-entre-lalcec-y-la-municipalidad-para-coordinas-acciones-en-conjunto\/","url_meta":{"origin":42155,"position":2},"title":"Encuentro entre LALCEC y la Municipalidad para coordinas acciones en conjunto","author":"hoymercedes","date":"12 febrero, 2022","format":false,"excerpt":"El jefe comunal Dr. Juan I. Ustarroz se reuni\u00f3 en un nuevo encuentro de trabajo interinstitucional con representantes de LALCEC filial Mercedes. El objetivo de las \u201cmesas\u201d de gesti\u00f3n y trabajo con diferentes referentes de la comunidad es seguir efectuando tareas mancomunadamente, planificar e intercambiar visiones y reflexiones. \u201cSon espacios\u2026","rel":"","context":"En \u00abSociedad\u00bb","block_context":{"text":"Sociedad","link":"https:\/\/www.hoymercedes.com.ar\/principal\/category\/sociedad\/"},"img":{"alt_text":"","src":"https:\/\/i0.wp.com\/www.hoymercedes.com.ar\/principal\/wp-content\/uploads\/2022\/02\/DSC04951.jpg?resize=350%2C200&ssl=1","width":350,"height":200,"srcset":"https:\/\/i0.wp.com\/www.hoymercedes.com.ar\/principal\/wp-content\/uploads\/2022\/02\/DSC04951.jpg?resize=350%2C200&ssl=1 1x, https:\/\/i0.wp.com\/www.hoymercedes.com.ar\/principal\/wp-content\/uploads\/2022\/02\/DSC04951.jpg?resize=525%2C300&ssl=1 1.5x, https:\/\/i0.wp.com\/www.hoymercedes.com.ar\/principal\/wp-content\/uploads\/2022\/02\/DSC04951.jpg?resize=700%2C400&ssl=1 2x, https:\/\/i0.wp.com\/www.hoymercedes.com.ar\/principal\/wp-content\/uploads\/2022\/02\/DSC04951.jpg?resize=1050%2C600&ssl=1 3x"},"classes":[]},{"id":138555,"url":"https:\/\/www.hoymercedes.com.ar\/principal\/2021\/10\/19\/lalcec-recibio-la-donacion-para-hacer-25-mamografias\/","url_meta":{"origin":42155,"position":3},"title":"LALCEC recibi\u00f3 la donaci\u00f3n para hacer 29 mamograf\u00edas","author":"hoymercedes","date":"19 octubre, 2021","format":false,"excerpt":"El 19 de octubre se conmemora el D\u00eda Internacional de la Lucha Contra el C\u00e1ncer de Mama. En este marco, la C\u00e1mara Econ\u00f3mica Mercedina le realiz\u00f3 a LALCEC Mercedes una donaci\u00f3n en nombre comercios, empresas y particulares de 29 mamograf\u00edas a realizar en el Centro de Diagn\u00f3stico y Tratamiento. El\u2026","rel":"","context":"En \u00abSociedad\u00bb","block_context":{"text":"Sociedad","link":"https:\/\/www.hoymercedes.com.ar\/principal\/category\/sociedad\/"},"img":{"alt_text":"","src":"https:\/\/i0.wp.com\/www.hoymercedes.com.ar\/principal\/wp-content\/uploads\/2021\/10\/IMG_20211019_105139643.jpg?resize=350%2C200&ssl=1","width":350,"height":200,"srcset":"https:\/\/i0.wp.com\/www.hoymercedes.com.ar\/principal\/wp-content\/uploads\/2021\/10\/IMG_20211019_105139643.jpg?resize=350%2C200&ssl=1 1x, https:\/\/i0.wp.com\/www.hoymercedes.com.ar\/principal\/wp-content\/uploads\/2021\/10\/IMG_20211019_105139643.jpg?resize=525%2C300&ssl=1 1.5x, https:\/\/i0.wp.com\/www.hoymercedes.com.ar\/principal\/wp-content\/uploads\/2021\/10\/IMG_20211019_105139643.jpg?resize=700%2C400&ssl=1 2x"},"classes":[]},{"id":144812,"url":"https:\/\/www.hoymercedes.com.ar\/principal\/2022\/03\/06\/lalcec-chivilcoy-se-capacita-con-mechas-solidarias-en-mercedes\/","url_meta":{"origin":42155,"position":4},"title":"LALCEC Chivilcoy se capacita con \u201cMechas Solidarias\u201d en Mercedes","author":"hoymercedes","date":"6 marzo, 2022","format":false,"excerpt":"El programa \u201cMechas Solidarias\u201d que llevan adelante en Mercedes vecinas con el impulso de la ex concejal Patricia Prenitune cuando ejerc\u00eda el cargo deliberativo y el Municipio, ampl\u00eda sus horizontes y capacita a vecinos de otras localidades para concretar el proyecto en sus comunidades. Este viernes, las mercedinas se hicieron\u2026","rel":"","context":"En \u00abMunicipio\u00bb","block_context":{"text":"Municipio","link":"https:\/\/www.hoymercedes.com.ar\/principal\/category\/municipio\/"},"img":{"alt_text":"","src":"https:\/\/i0.wp.com\/www.hoymercedes.com.ar\/principal\/wp-content\/uploads\/2022\/03\/800-e1646517560587.jpeg?resize=350%2C200&ssl=1","width":350,"height":200,"srcset":"https:\/\/i0.wp.com\/www.hoymercedes.com.ar\/principal\/wp-content\/uploads\/2022\/03\/800-e1646517560587.jpeg?resize=350%2C200&ssl=1 1x, https:\/\/i0.wp.com\/www.hoymercedes.com.ar\/principal\/wp-content\/uploads\/2022\/03\/800-e1646517560587.jpeg?resize=525%2C300&ssl=1 1.5x, https:\/\/i0.wp.com\/www.hoymercedes.com.ar\/principal\/wp-content\/uploads\/2022\/03\/800-e1646517560587.jpeg?resize=700%2C400&ssl=1 2x"},"classes":[]},{"id":102018,"url":"https:\/\/www.hoymercedes.com.ar\/principal\/2019\/11\/05\/lalcec-realiza-mamografias-en-mercedes\/","url_meta":{"origin":42155,"position":5},"title":"LALCEC realiza mamograf\u00edas en Mercedes","author":"hoymercedes","date":"5 noviembre, 2019","format":false,"excerpt":"na vez m\u00e1s se encuentra en nuestra ciudad el mam\u00f3grafo de Avon- LALCEC \u2013calle 24, 27 y 29- en el marco de La Campa\u00f1a de Prevenci\u00f3n del C\u00e1ncer de Mama. De esta manera continua el trabajo en conjunto de La Liga Argentina de Lucha contra el C\u00e1ncer (LALCEC) y el\u2026","rel":"","context":"En \u00abSociedad\u00bb","block_context":{"text":"Sociedad","link":"https:\/\/www.hoymercedes.com.ar\/principal\/category\/sociedad\/"},"img":{"alt_text":"","src":"https:\/\/i0.wp.com\/www.hoymercedes.com.ar\/principal\/wp-content\/uploads\/2019\/11\/DSC_0038.jpg?resize=350%2C200&ssl=1","width":350,"height":200,"srcset":"https:\/\/i0.wp.com\/www.hoymercedes.com.ar\/principal\/wp-content\/uploads\/2019\/11\/DSC_0038.jpg?resize=350%2C200&ssl=1 1x, https:\/\/i0.wp.com\/www.hoymercedes.com.ar\/principal\/wp-content\/uploads\/2019\/11\/DSC_0038.jpg?resize=525%2C300&ssl=1 1.5x, https:\/\/i0.wp.com\/www.hoymercedes.com.ar\/principal\/wp-content\/uploads\/2019\/11\/DSC_0038.jpg?resize=700%2C400&ssl=1 2x"},"classes":[]}],"_links":{"self":[{"href":"https:\/\/www.hoymercedes.com.ar\/principal\/wp-json\/wp\/v2\/posts\/42155","targetHints":{"allow":["GET"]}}],"collection":[{"href":"https:\/\/www.hoymercedes.com.ar\/principal\/wp-json\/wp\/v2\/posts"}],"about":[{"href":"https:\/\/www.hoymercedes.com.ar\/principal\/wp-json\/wp\/v2\/types\/post"}],"author":[{"embeddable":true,"href":"https:\/\/www.hoymercedes.com.ar\/principal\/wp-json\/wp\/v2\/users\/1"}],"replies":[{"embeddable":true,"href":"https:\/\/www.hoymercedes.com.ar\/principal\/wp-json\/wp\/v2\/comments?post=42155"}],"version-history":[{"count":0,"href":"https:\/\/www.hoymercedes.com.ar\/principal\/wp-json\/wp\/v2\/posts\/42155\/revisions"}],"wp:featuredmedia":[{"embeddable":true,"href":"https:\/\/www.hoymercedes.com.ar\/principal\/wp-json\/wp\/v2\/media\/42156"}],"wp:attachment":[{"href":"https:\/\/www.hoymercedes.com.ar\/principal\/wp-json\/wp\/v2\/media?parent=42155"}],"wp:term":[{"taxonomy":"category","embeddable":true,"href":"https:\/\/www.hoymercedes.com.ar\/principal\/wp-json\/wp\/v2\/categories?post=42155"},{"taxonomy":"post_tag","embeddable":true,"href":"https:\/\/www.hoymercedes.com.ar\/principal\/wp-json\/wp\/v2\/tags?post=42155"}],"curies":[{"name":"wp","href":"https:\/\/api.w.org\/{rel}","templated":true}]}}