{"id":42169,"date":"2015-06-03T13:32:41","date_gmt":"2015-06-03T16:32:41","guid":{"rendered":"http:\/\/www.hoymercedes.com.ar\/principal\/?p=42169"},"modified":"2015-06-03T13:32:41","modified_gmt":"2015-06-03T16:32:41","slug":"arzobispado-custodiar-la-vida-y-el-corazon-de-cada-mujer","status":"publish","type":"post","link":"https:\/\/www.hoymercedes.com.ar\/principal\/2015\/06\/03\/arzobispado-custodiar-la-vida-y-el-corazon-de-cada-mujer\/","title":{"rendered":"Arzobispado: \u00abCustodiar la vida y el coraz\u00f3n de cada mujer\u00bb"},"content":{"rendered":"<p>El reconocimiento de la dignidad de la Mujer en todas sus dimensiones es un signo de madurez social que no se puede postergar m\u00e1s. En un momento donde se desarrollan numerosos esfuerzos por la afirmaci\u00f3n de los derechos de las personas, sin embargo tenemos que seguir lamentando la multiplicidad de casos de violencia que afecta particularmente a las mujeres.<\/p>\n<p>Golpean el coraz\u00f3n de los argentinos la violencia psicol\u00f3gica, f\u00edsica, sexual, espiritual de muchas mujeres que padecen por amenazas, humillaciones, golpes, acosos, discriminaci\u00f3n, explotaci\u00f3n, esclavitud, hasta llegar al extremo lamentable del femicidio.<\/p>\n<p>Dice el Papa Francisco \u201cS\u00edmbolo de la vida, el cuerpo femenino a menudo es agredido y desfigurado incluso por quienes deber\u00edan ser sus custodios y compa\u00f1eros de vida\u201d (Discurso, 7 de febrero de 2015). Esto hace pensar en la necesidad de la educaci\u00f3n personal y comunitaria sobre el noviazgo, el matrimonio, la amistad y las relaciones humanas en general. La formaci\u00f3n &#8211; ante todo- es formaci\u00f3n del coraz\u00f3n, de los afectos, y no puede realizarse s\u00f3lo en un aula, sino tambi\u00e9n en el seno de la familia y de los grupos sociales de contenci\u00f3n.<\/p>\n<p>El Santo Padre nos invita tambi\u00e9n a \u201catraer la atenci\u00f3n sobre la dolorosa situaci\u00f3n de tantas mujeres pobres, obligadas a vivir en condiciones de peligro, de explotaci\u00f3n, relegadas al margen de las sociedades y convertidas en v\u00edctimas de una cultura del descarte\u201d (ibidem)<\/p>\n<p>En la voz del Papa, la Iglesia argentina adhiere a la propuesta de rechazo al femicidio compartiendo la consigna de \u201cNi una menos\u201d.<\/p>\n<p>Valoramos asimismo el trabajo de tantas instituciones que dedican sus esfuerzos a la promoci\u00f3n y defensa de la mujer, alent\u00e1ndolos a continuar en este camino m\u00e1s all\u00e1 de las dificultades.<\/p>\n<p>Que la Virgen de Luj\u00e1n, madre de todos los argentinos, conduzca a la comunidad nacional hacia un compromiso profundo por el respeto de la mujer y el enaltecimiento de su rol social.<\/p>\n<p>Buenos Aires, 02 de junio de 2015<\/p>\n<p>Comisi\u00f3n Episcopal de Laicos y Familia<\/p>\n<p>Conferencia Episcopal Argentina<\/p>\n","protected":false},"excerpt":{"rendered":"<p>El reconocimiento de la dignidad de la Mujer en todas sus dimensiones es un signo de madurez social que no &#8230; <a title=\"Arzobispado: \u00abCustodiar la vida y el coraz\u00f3n de cada mujer\u00bb\" class=\"read-more\" href=\"https:\/\/www.hoymercedes.com.ar\/principal\/2015\/06\/03\/arzobispado-custodiar-la-vida-y-el-corazon-de-cada-mujer\/\" aria-label=\"Leer m\u00e1s sobre Arzobispado: \u00abCustodiar la vida y el coraz\u00f3n de cada mujer\u00bb\">Leer m\u00e1s<\/a><\/p>\n","protected":false},"author":1,"featured_media":0,"comment_status":"open","ping_status":"open","sticky":false,"template":"","format":"standard","meta":{"_monsterinsights_skip_tracking":false,"_monsterinsights_sitenote_active":false,"_monsterinsights_sitenote_note":"","_monsterinsights_sitenote_category":0,"jetpack_post_was_ever_published":false,"_jetpack_newsletter_access":"","_jetpack_dont_email_post_to_subs":false,"_jetpack_newsletter_tier_id":0,"_jetpack_memberships_contains_paywalled_content":false,"_jetpack_memberships_contains_paid_content":false,"footnotes":"","jetpack_publicize_message":"","jetpack_publicize_feature_enabled":true,"jetpack_social_post_already_shared":true,"jetpack_social_options":{"image_generator_settings":{"template":"highway","default_image_id":0,"font":"","enabled":false},"version":2},"_wpas_customize_per_network":false},"categories":[11],"tags":[7364],"class_list":["post-42169","post","type-post","status-publish","format-standard","hentry","category-ciudad","tag-ni-una-menos","generate-columns","tablet-grid-50","mobile-grid-100","grid-parent","grid-50"],"jetpack_publicize_connections":[],"jetpack_featured_media_url":"","wps_subtitle":"Ni una menos","jetpack_sharing_enabled":true,"_links":{"self":[{"href":"https:\/\/www.hoymercedes.com.ar\/principal\/wp-json\/wp\/v2\/posts\/42169","targetHints":{"allow":["GET"]}}],"collection":[{"href":"https:\/\/www.hoymercedes.com.ar\/principal\/wp-json\/wp\/v2\/posts"}],"about":[{"href":"https:\/\/www.hoymercedes.com.ar\/principal\/wp-json\/wp\/v2\/types\/post"}],"author":[{"embeddable":true,"href":"https:\/\/www.hoymercedes.com.ar\/principal\/wp-json\/wp\/v2\/users\/1"}],"replies":[{"embeddable":true,"href":"https:\/\/www.hoymercedes.com.ar\/principal\/wp-json\/wp\/v2\/comments?post=42169"}],"version-history":[{"count":0,"href":"https:\/\/www.hoymercedes.com.ar\/principal\/wp-json\/wp\/v2\/posts\/42169\/revisions"}],"wp:attachment":[{"href":"https:\/\/www.hoymercedes.com.ar\/principal\/wp-json\/wp\/v2\/media?parent=42169"}],"wp:term":[{"taxonomy":"category","embeddable":true,"href":"https:\/\/www.hoymercedes.com.ar\/principal\/wp-json\/wp\/v2\/categories?post=42169"},{"taxonomy":"post_tag","embeddable":true,"href":"https:\/\/www.hoymercedes.com.ar\/principal\/wp-json\/wp\/v2\/tags?post=42169"}],"curies":[{"name":"wp","href":"https:\/\/api.w.org\/{rel}","templated":true}]}}