{"id":42174,"date":"2015-06-03T13:44:42","date_gmt":"2015-06-03T16:44:42","guid":{"rendered":"http:\/\/www.hoymercedes.com.ar\/principal\/?p=42174"},"modified":"2015-06-03T22:49:14","modified_gmt":"2015-06-04T01:49:14","slug":"ustarroz-la-participacion-de-los-vecinos-es-fundamental-para-planificar-la-ciudad-que-queremos","status":"publish","type":"post","link":"https:\/\/www.hoymercedes.com.ar\/principal\/2015\/06\/03\/ustarroz-la-participacion-de-los-vecinos-es-fundamental-para-planificar-la-ciudad-que-queremos\/","title":{"rendered":"Ustarroz: \u201cla participaci\u00f3n de los vecinos es fundamental para planificar la ciudad que queremos\u201d"},"content":{"rendered":"<p><a href=\"https:\/\/www.hoymercedes.com.ar\/principal\/wp-content\/uploads\/2015\/06\/planificaci\u00f3n-foro-ustarroz.jpg\"><img loading=\"lazy\" decoding=\"async\" data-attachment-id=\"42175\" data-permalink=\"https:\/\/www.hoymercedes.com.ar\/principal\/2015\/06\/03\/ustarroz-la-participacion-de-los-vecinos-es-fundamental-para-planificar-la-ciudad-que-queremos\/planificacion-foro-ustarroz\/#main\" data-orig-file=\"https:\/\/www.hoymercedes.com.ar\/principal\/wp-content\/uploads\/2015\/06\/planificaci\u00f3n-foro-ustarroz.jpg\" data-orig-size=\"620,413\" data-comments-opened=\"1\" data-image-meta=\"{&quot;aperture&quot;:&quot;0&quot;,&quot;credit&quot;:&quot;SEBASTIAN_AMBROSSIO&quot;,&quot;camera&quot;:&quot;&quot;,&quot;caption&quot;:&quot;&quot;,&quot;created_timestamp&quot;:&quot;0&quot;,&quot;copyright&quot;:&quot;Sebastian Ambrossio_&quot;,&quot;focal_length&quot;:&quot;0&quot;,&quot;iso&quot;:&quot;0&quot;,&quot;shutter_speed&quot;:&quot;0&quot;,&quot;title&quot;:&quot;&quot;,&quot;orientation&quot;:&quot;0&quot;}\" data-image-title=\"planificaci\u00f3n-foro-ustarroz\" data-image-description=\"\" data-image-caption=\"\" data-large-file=\"https:\/\/www.hoymercedes.com.ar\/principal\/wp-content\/uploads\/2015\/06\/planificaci\u00f3n-foro-ustarroz.jpg\" class=\"Img2014 aligncenter wp-image-42175 size-full\" title=\"Foro planificaci\u00f3n social, Juan Ustarroz\" src=\"https:\/\/www.hoymercedes.com.ar\/principal\/wp-content\/uploads\/2015\/06\/planificaci\u00f3n-foro-ustarroz.jpg\" alt=\"planificaci\u00f3n-foro-ustarroz\" width=\"620\" height=\"413\" srcset=\"https:\/\/www.hoymercedes.com.ar\/principal\/wp-content\/uploads\/2015\/06\/planificaci\u00f3n-foro-ustarroz.jpg 620w, https:\/\/www.hoymercedes.com.ar\/principal\/wp-content\/uploads\/2015\/06\/planificaci\u00f3n-foro-ustarroz-150x100.jpg 150w, https:\/\/www.hoymercedes.com.ar\/principal\/wp-content\/uploads\/2015\/06\/planificaci\u00f3n-foro-ustarroz-290x193.jpg 290w, https:\/\/www.hoymercedes.com.ar\/principal\/wp-content\/uploads\/2015\/06\/planificaci\u00f3n-foro-ustarroz-50x33.jpg 50w\" sizes=\"auto, (max-width: 620px) 100vw, 620px\" \/><\/a><\/p>\n<p><em><strong>El presidente del bloque de concejales del Frente Mercedino para la Victoria, Juan Ignacio Ustarroz, junto con sus equipos t\u00e9cnicos y distintos especialistas, le dieron inicio este martes al Foro de Participaci\u00f3n Ciudadana de Planificaci\u00f3n y Servicios P\u00fablicos, en el que presentaron distintas herramientas para la proyecci\u00f3n de la ciudad y anunciaron, entre otras cosas, la instalaci\u00f3n de una estaci\u00f3n meteorol\u00f3gica en el predio de Gendarmer\u00eda.<\/strong><\/em><\/p>\n<p>Ante medio centenar de vecinos, entre los que se hicieron presentes muchos profesionales de nuestra ciudad (arquitectos, ingenieros, agr\u00f3nomos), Ustarroz llam\u00f3 \u201ca construir un proyecto colectivo en el que participen tanto los saberes espec\u00edficos como la gente, porque es fundamental el conocimiento del territorio para aplicar las teor\u00edas\u201d.<\/p>\n<p>\u201cTenemos que pensar no solo qu\u00e9 Mercedes queremos a 30 \u00f3 50 a\u00f1os, conservando los valores de buenos vecinos, pr\u00e1cticas, usos y costumbres que nos identifican; sino tambi\u00e9n resolver el d\u00eda a d\u00eda de los servicios p\u00fablicos y las preocupaciones cotidianas de los vecinos para dar respuestas a todas las falencias que hoy son evidentes en nuestra ciudad. Las inundaciones del a\u00f1o pasado, el estado de las calles, el problema de la basura y las redes de agua y cloacas ponen de manifiesto esta necesidad\u201d, agreg\u00f3 el concejal.<\/p>\n<p>Junto con Ustarroz estuvieron Santiago Rodr\u00edguez y Federico Robledo, responsables de la Secretar\u00eda de Ciencia, Tecnolog\u00eda y Producci\u00f3n del Ministerio de Defensa de la Naci\u00f3n; y el profesor Rodolfo Stanislav (docente especializado en Planificaci\u00f3n Estrat\u00e9gica Urbana y Desarrollo Social). La presentaci\u00f3n corri\u00f3 por cuenta del arquitecto Diego Aguilar Mazzuca, integrante de los equipos t\u00e9cnicos del Frente Mercedino para la Victoria.<\/p>\n<p>La exposici\u00f3n, realizada en el quinto piso del Hotel Mercedes y a la que asistieron otros de los concejales del FMpV (Juan Pablo L\u00f3pez, Mat\u00edas Dematei, Marianela Arenillas y Patricia Prenitune), incluy\u00f3 la presentaci\u00f3n de im\u00e1genes \u00e1reas de la ciudad, antiguas y actuales, en las que la comparaci\u00f3n mostr\u00f3 la falta de planificaci\u00f3n en el crecimiento urbano, con un desarrollo poco recomendable hacia las zonas m\u00e1s bajas e inundables del Partido.<\/p>\n<p>\u201cEl proyecto con el que venimos trabajando junto a Juani y sus equipos va a modificar radicalmente la mirada que tenemos sobre la planificaci\u00f3n de la ciudad \u2013explic\u00f3 Aguilar Mazzuca-, y en ese sentido es de suma importancia la incorporaci\u00f3n del saber te\u00f3rico y espec\u00edfico de los responsables de esta secretar\u00eda del Ministerio de Defensa\u201d<\/p>\n<p>\u201cLa existencia de tecnolog\u00eda de avanzada nos permite dar un enorme salto de calidad en la proyecci\u00f3n de Mercedes, y a eso apuntamos con esa idea en la que venimos trabajando ya desde hace varios meses\u201d, agreg\u00f3 el concejal mandato cumplido Aguilar Mazzuca<\/p>\n<p>En efecto, Ustarroz y sus equipos ya vienen dando pasos en la estrategia de planificaci\u00f3n urbana, manteniendo reuniones justamente con los invitados al foro y profundizando los alcances del Programa ACTUAR del Ministerio de Defensa. En ese marco est\u00e1 la instalaci\u00f3n de una estaci\u00f3n meteorol\u00f3gica en el predio de Gendarmer\u00eda, obra que ya comenz\u00f3.<\/p>\n<p>\u00bfEn qu\u00e9 consiste ACTUAR? Lo explicaron Rodr\u00edguez y Robledo: \u201cSuma el conocimiento, la tecnolog\u00eda y la ciencia al servicio del desarrollo urbano y territorial. La informaci\u00f3n de los institutos del Ministerio, m\u00e1s la participaci\u00f3n de otros actores de la comunidad a los que cada municipio crea necesario incorporar, conforma una plataforma a medida que incluye el conocimiento milim\u00e9trico del territorio, el estado de su urbanizaci\u00f3n, su vegetaci\u00f3n y cultivos, las cuencas h\u00eddricas y el estado de los desag\u00fces, las \u00e1reas vulnerables a inundaciones, sus mareas y costas, los registros clim\u00e1ticos y medioambientales y qu\u00e9 eventos meteorol\u00f3gicos se esperan a corto, mediano y largo plazo, entre otras cosas\u201d.<\/p>\n<p>En el programa participan el Instituto Geogr\u00e1fico Nacional, el Servicio Meteorol\u00f3gico Nacional y el Servicio Hidrogr\u00e1fico Naval. La acumulaci\u00f3n de informaci\u00f3n le permite al Ministerio generar plataformas de gesti\u00f3n a la medida de cada municipio, con posibilidades de planificar, prevenir y dar respuestas eficientes a la comunidad\u201d<\/p>\n<p>\u201cLas aplicaciones son m\u00faltiples, porque se ponen a disposici\u00f3n de la necesaria planificaci\u00f3n territorial los conocimientos vinculados a la tierra, al agua, al aire y de los fen\u00f3menos meteorol\u00f3gicos, lo que por supuesto mejora y ayuda tanto en la planificaci\u00f3n urbana como en la asistencia en emergencias y situaciones de cat\u00e1strofe\u201d, dijo Rodr\u00edguez.<\/p>\n<p>\u201cHace mucho tiempo venimos trabajando con nuestros equipos sobre una necesidad que en Mercedes es evidente: la planificaci\u00f3n urbana, la gesti\u00f3n en el crecimiento demogr\u00e1fico y la posibilidad de articular respuestas r\u00e1pidas anta la emergencia. Combinar distintos factores al momento de analizar e implementar pol\u00edticas p\u00fablicas es indispensable, y esta herramienta de trabajo que conjuntamente estamos haciendo con el Ministerio de Defensa va a aportar un salto de calidad enorme, por ejemplo para\u00a0 discutir toda la zonificaci\u00f3n de Mercedes con variables cient\u00edficas y objetivas\u201d, agreg\u00f3 Juani.<\/p>\n<p>Con este programa, las acciones de planificaci\u00f3n, prevenci\u00f3n y respuesta para el desarrollo econ\u00f3mico y el bienestar y la seguridad de la poblaci\u00f3n podr\u00e1n ser tomadas contando con la mejor informaci\u00f3n objetiva y cient\u00edficamente validada. \u201cLo que buscamos es justamente eso \u2013cerr\u00f3 Juani-: llevar a cabo un estudio integral de Mercedes para fortalecer sus posibilidades productivas, promover su ordenamiento urbano, articular lo p\u00fablico y lo privado y prevenir situaciones de emergencia ambiental\u201d.<\/p>\n<p>El lanzamiento de los Foros de Participaci\u00f3n Ciudadana fue realizado semanas atr\u00e1s por el Frente Mercedino con cuatro ejes tem\u00e1ticos: Salud y Deporte, Seguridad (se iniciar\u00e1 ma\u00f1ana a las 19 en el Hotel), Producci\u00f3n y Empleo y Planificaci\u00f3n y Servicios P\u00fablicos.<\/p>\n","protected":false},"excerpt":{"rendered":"<p>El presidente del bloque de concejales del Frente Mercedino para la Victoria, Juan Ignacio Ustarroz, junto con sus equipos t\u00e9cnicos &#8230; <a title=\"Ustarroz: \u201cla participaci\u00f3n de los vecinos es fundamental para planificar la ciudad que queremos\u201d\" class=\"read-more\" href=\"https:\/\/www.hoymercedes.com.ar\/principal\/2015\/06\/03\/ustarroz-la-participacion-de-los-vecinos-es-fundamental-para-planificar-la-ciudad-que-queremos\/\" aria-label=\"Leer m\u00e1s sobre Ustarroz: \u201cla participaci\u00f3n de los vecinos es fundamental para planificar la ciudad que queremos\u201d\">Leer m\u00e1s<\/a><\/p>\n","protected":false},"author":1,"featured_media":42175,"comment_status":"open","ping_status":"open","sticky":false,"template":"","format":"standard","meta":{"_monsterinsights_skip_tracking":false,"_monsterinsights_sitenote_active":false,"_monsterinsights_sitenote_note":"","_monsterinsights_sitenote_category":0,"jetpack_post_was_ever_published":false,"_jetpack_newsletter_access":"","_jetpack_dont_email_post_to_subs":false,"_jetpack_newsletter_tier_id":0,"_jetpack_memberships_contains_paywalled_content":false,"_jetpack_memberships_contains_paid_content":false,"footnotes":"","jetpack_publicize_message":"","jetpack_publicize_feature_enabled":true,"jetpack_social_post_already_shared":true,"jetpack_social_options":{"image_generator_settings":{"template":"highway","default_image_id":0,"font":"","enabled":false},"version":2},"_wpas_customize_per_network":false},"categories":[5],"tags":[7421,424],"class_list":["post-42174","post","type-post","status-publish","format-standard","has-post-thumbnail","hentry","category-politica","tag-foro-de-planificacion-mercedes","tag-ustarroz","generate-columns","tablet-grid-50","mobile-grid-100","grid-parent","grid-50"],"jetpack_publicize_connections":[],"jetpack_featured_media_url":"https:\/\/www.hoymercedes.com.ar\/principal\/wp-content\/uploads\/2015\/06\/planificaci\u00f3n-foro-ustarroz.jpg","wps_subtitle":"Foros participativos Mercedes","jetpack_sharing_enabled":true,"jetpack-related-posts":[{"id":42119,"url":"https:\/\/www.hoymercedes.com.ar\/principal\/2015\/06\/01\/ustarroz-y-equipos-tecnicos-lanzan-este-martes-el-foro-de-planificacion\/","url_meta":{"origin":42174,"position":0},"title":"Ustarroz y equipos t\u00e9cnicos lanzan \u00e9ste martes el Foro de Planificaci\u00f3n","author":"hoymercedes","date":"1 junio, 2015","format":false,"excerpt":"El presidente del bloque de concejales del Frente Mercedino para la Victoria, Juan Ignacio Ustarroz, acompa\u00f1ado de sus equipos t\u00e9cnicos, organizar\u00e1 este martes la primera reuni\u00f3n formal del foro abierto de Planificaci\u00f3n y Servicios P\u00fablicos, en el que expondr\u00e1n como invitados Santiago Rodr\u00edguez y Federico Robledo, responsables de la Secretar\u00eda\u2026","rel":"","context":"En \u00abPol\u00edtica\u00bb","block_context":{"text":"Pol\u00edtica","link":"https:\/\/www.hoymercedes.com.ar\/principal\/category\/politica\/"},"img":{"alt_text":"","src":"https:\/\/i0.wp.com\/www.hoymercedes.com.ar\/principal\/wp-content\/uploads\/2015\/06\/Ustarroz-EquipodeTrabajo.jpg?resize=350%2C200&ssl=1","width":350,"height":200,"srcset":"https:\/\/i0.wp.com\/www.hoymercedes.com.ar\/principal\/wp-content\/uploads\/2015\/06\/Ustarroz-EquipodeTrabajo.jpg?resize=350%2C200&ssl=1 1x, https:\/\/i0.wp.com\/www.hoymercedes.com.ar\/principal\/wp-content\/uploads\/2015\/06\/Ustarroz-EquipodeTrabajo.jpg?resize=525%2C300&ssl=1 1.5x"},"classes":[]},{"id":154270,"url":"https:\/\/www.hoymercedes.com.ar\/principal\/2022\/10\/19\/continuan-las-jornadas-de-planificacion-por-acciones-de-cambio-climatico-y-cuidado-ambiental\/","url_meta":{"origin":42174,"position":1},"title":"Contin\u00faan las jornadas de planificaci\u00f3n por acciones de cambio clim\u00e1tico y cuidado ambiental","author":"hoymercedes","date":"19 octubre, 2022","format":false,"excerpt":"En La Trocha con varias instituciones se realiz\u00f3 un nuevo encuentro de planificaci\u00f3n. En esta ocasi\u00f3n estuvo totalmente orientado al cuidado ambiental. Hubo amplia participaci\u00f3n institucional, concejales, \u00e1reas de gesti\u00f3n y se plantearon temas pr\u00e1cticos y te\u00f3ricos. El cierre estuvo a cargo del intendente Ustarroz. El intendente Juan Ignacio Ustarroz,\u2026","rel":"","context":"En \u00abSociedad\u00bb","block_context":{"text":"Sociedad","link":"https:\/\/www.hoymercedes.com.ar\/principal\/category\/sociedad\/"},"img":{"alt_text":"","src":"https:\/\/i0.wp.com\/www.hoymercedes.com.ar\/principal\/wp-content\/uploads\/2022\/10\/DSC00163.jpg?resize=350%2C200&ssl=1","width":350,"height":200,"srcset":"https:\/\/i0.wp.com\/www.hoymercedes.com.ar\/principal\/wp-content\/uploads\/2022\/10\/DSC00163.jpg?resize=350%2C200&ssl=1 1x, https:\/\/i0.wp.com\/www.hoymercedes.com.ar\/principal\/wp-content\/uploads\/2022\/10\/DSC00163.jpg?resize=525%2C300&ssl=1 1.5x, https:\/\/i0.wp.com\/www.hoymercedes.com.ar\/principal\/wp-content\/uploads\/2022\/10\/DSC00163.jpg?resize=700%2C400&ssl=1 2x"},"classes":[]},{"id":126444,"url":"https:\/\/www.hoymercedes.com.ar\/principal\/2021\/03\/18\/se-realizo-el-foro-de-planificacion-en-ambiente-y-movilidad-urban\/","url_meta":{"origin":42174,"position":2},"title":"Se realiz\u00f3 el foro de Planificaci\u00f3n en Ambiente y Movilidad Urban","author":"hoymercedes","date":"18 marzo, 2021","format":false,"excerpt":"Por Prensa Municipal - El intendente Juan Ignacio Ustarroz junto al responsable de la Direcci\u00f3n de Ambiente Juan Cruz Mend\u00eda y la Arq. Luc\u00eda R\u00edos bajo el marco del Foro de Planificaci\u00f3n Estrat\u00e9gica, encabezaron la reuni\u00f3n cuyo eje fue \u201cAmbiente y Movilidad Urbana Sustentable\u201d. La misma se llev\u00f3 adelante en\u2026","rel":"","context":"En \u00abMunicipio\u00bb","block_context":{"text":"Municipio","link":"https:\/\/www.hoymercedes.com.ar\/principal\/category\/municipio\/"},"img":{"alt_text":"","src":"https:\/\/i0.wp.com\/www.hoymercedes.com.ar\/principal\/wp-content\/uploads\/2021\/03\/17-Muni-ambiente-1.jpg?resize=350%2C200&ssl=1","width":350,"height":200,"srcset":"https:\/\/i0.wp.com\/www.hoymercedes.com.ar\/principal\/wp-content\/uploads\/2021\/03\/17-Muni-ambiente-1.jpg?resize=350%2C200&ssl=1 1x, https:\/\/i0.wp.com\/www.hoymercedes.com.ar\/principal\/wp-content\/uploads\/2021\/03\/17-Muni-ambiente-1.jpg?resize=525%2C300&ssl=1 1.5x, https:\/\/i0.wp.com\/www.hoymercedes.com.ar\/principal\/wp-content\/uploads\/2021\/03\/17-Muni-ambiente-1.jpg?resize=700%2C400&ssl=1 2x"},"classes":[]},{"id":153098,"url":"https:\/\/www.hoymercedes.com.ar\/principal\/2022\/09\/18\/intendente-recibio-a-vecinos-del-barrio-seminario\/","url_meta":{"origin":42174,"position":3},"title":"Intendente recibi\u00f3 a vecinos del barrio Seminario","author":"hoymercedes","date":"18 septiembre, 2022","format":false,"excerpt":"Intendente recibi\u00f3 a vecinos del barrio Seminario","rel":"","context":"En \u00abSociedad\u00bb","block_context":{"text":"Sociedad","link":"https:\/\/www.hoymercedes.com.ar\/principal\/category\/sociedad\/"},"img":{"alt_text":"","src":"https:\/\/i0.wp.com\/www.hoymercedes.com.ar\/principal\/wp-content\/uploads\/2022\/09\/barrioseminario-ustarroz.jpg?resize=350%2C200&ssl=1","width":350,"height":200,"srcset":"https:\/\/i0.wp.com\/www.hoymercedes.com.ar\/principal\/wp-content\/uploads\/2022\/09\/barrioseminario-ustarroz.jpg?resize=350%2C200&ssl=1 1x, https:\/\/i0.wp.com\/www.hoymercedes.com.ar\/principal\/wp-content\/uploads\/2022\/09\/barrioseminario-ustarroz.jpg?resize=525%2C300&ssl=1 1.5x, https:\/\/i0.wp.com\/www.hoymercedes.com.ar\/principal\/wp-content\/uploads\/2022\/09\/barrioseminario-ustarroz.jpg?resize=700%2C400&ssl=1 2x, https:\/\/i0.wp.com\/www.hoymercedes.com.ar\/principal\/wp-content\/uploads\/2022\/09\/barrioseminario-ustarroz.jpg?resize=1050%2C600&ssl=1 3x, https:\/\/i0.wp.com\/www.hoymercedes.com.ar\/principal\/wp-content\/uploads\/2022\/09\/barrioseminario-ustarroz.jpg?resize=1400%2C800&ssl=1 4x"},"classes":[]},{"id":126253,"url":"https:\/\/www.hoymercedes.com.ar\/principal\/2021\/03\/14\/se-realizara-el-tercer-del-foro-de-planificacion-estrategica-institucional\/","url_meta":{"origin":42174,"position":4},"title":"Se realizar\u00e1 el tercer del Foro de Planificaci\u00f3n Estrat\u00e9gica Institucional","author":"hoymercedes","date":"14 marzo, 2021","format":false,"excerpt":"Por Prensa Municipal - Se viene un nuevo Foro de Planificaci\u00f3n Estrat\u00e9gica. Durante el a\u00f1o pasado se relanz\u00f3 la modalidad de trabajo tem\u00e1tica, abierta, democr\u00e1tica y plural. El objetivo es\u00a0\u201cescuchar, planificar y hacer\u201d, para construir colectivamente diversas intervenciones en la ciudad, logrando organizaci\u00f3n y puesta en com\u00fan en las medidas\u2026","rel":"","context":"En \u00abMunicipio\u00bb","block_context":{"text":"Municipio","link":"https:\/\/www.hoymercedes.com.ar\/principal\/category\/municipio\/"},"img":{"alt_text":"","src":"https:\/\/i0.wp.com\/www.hoymercedes.com.ar\/principal\/wp-content\/uploads\/2021\/03\/photo_2021-03-11_09-17-14.jpg?resize=350%2C200&ssl=1","width":350,"height":200,"srcset":"https:\/\/i0.wp.com\/www.hoymercedes.com.ar\/principal\/wp-content\/uploads\/2021\/03\/photo_2021-03-11_09-17-14.jpg?resize=350%2C200&ssl=1 1x, https:\/\/i0.wp.com\/www.hoymercedes.com.ar\/principal\/wp-content\/uploads\/2021\/03\/photo_2021-03-11_09-17-14.jpg?resize=525%2C300&ssl=1 1.5x, https:\/\/i0.wp.com\/www.hoymercedes.com.ar\/principal\/wp-content\/uploads\/2021\/03\/photo_2021-03-11_09-17-14.jpg?resize=700%2C400&ssl=1 2x"},"classes":[]},{"id":162270,"url":"https:\/\/www.hoymercedes.com.ar\/principal\/2023\/05\/16\/intendente-ustarroz-recibio-a-representantes-del-barrio-san-jorge\/","url_meta":{"origin":42174,"position":5},"title":"Intendente Ustarroz recibi\u00f3 a representantes del barrio San Jorge\u00a0","author":"hoymercedes","date":"16 mayo, 2023","format":false,"excerpt":"En una amplia mesa de trabajo y gesti\u00f3n el intendente Ustarroz recibi\u00f3 a vecinos y vecinas representantes del barrio San Jorge. El objetivo fue trabajar en la construcci\u00f3n de soluciones y proyectos futuros para el barrio y la zona. Participaron adem\u00e1s funcionarios de distintas \u00e1reas con el objetivo de darle\u2026","rel":"","context":"En \u00abSociedad\u00bb","block_context":{"text":"Sociedad","link":"https:\/\/www.hoymercedes.com.ar\/principal\/category\/sociedad\/"},"img":{"alt_text":"","src":"https:\/\/i0.wp.com\/www.hoymercedes.com.ar\/principal\/wp-content\/uploads\/2023\/05\/Ustarroz-SanJorge.jpg?resize=350%2C200&ssl=1","width":350,"height":200,"srcset":"https:\/\/i0.wp.com\/www.hoymercedes.com.ar\/principal\/wp-content\/uploads\/2023\/05\/Ustarroz-SanJorge.jpg?resize=350%2C200&ssl=1 1x, https:\/\/i0.wp.com\/www.hoymercedes.com.ar\/principal\/wp-content\/uploads\/2023\/05\/Ustarroz-SanJorge.jpg?resize=525%2C300&ssl=1 1.5x, https:\/\/i0.wp.com\/www.hoymercedes.com.ar\/principal\/wp-content\/uploads\/2023\/05\/Ustarroz-SanJorge.jpg?resize=700%2C400&ssl=1 2x, https:\/\/i0.wp.com\/www.hoymercedes.com.ar\/principal\/wp-content\/uploads\/2023\/05\/Ustarroz-SanJorge.jpg?resize=1050%2C600&ssl=1 3x"},"classes":[]}],"_links":{"self":[{"href":"https:\/\/www.hoymercedes.com.ar\/principal\/wp-json\/wp\/v2\/posts\/42174","targetHints":{"allow":["GET"]}}],"collection":[{"href":"https:\/\/www.hoymercedes.com.ar\/principal\/wp-json\/wp\/v2\/posts"}],"about":[{"href":"https:\/\/www.hoymercedes.com.ar\/principal\/wp-json\/wp\/v2\/types\/post"}],"author":[{"embeddable":true,"href":"https:\/\/www.hoymercedes.com.ar\/principal\/wp-json\/wp\/v2\/users\/1"}],"replies":[{"embeddable":true,"href":"https:\/\/www.hoymercedes.com.ar\/principal\/wp-json\/wp\/v2\/comments?post=42174"}],"version-history":[{"count":0,"href":"https:\/\/www.hoymercedes.com.ar\/principal\/wp-json\/wp\/v2\/posts\/42174\/revisions"}],"wp:featuredmedia":[{"embeddable":true,"href":"https:\/\/www.hoymercedes.com.ar\/principal\/wp-json\/wp\/v2\/media\/42175"}],"wp:attachment":[{"href":"https:\/\/www.hoymercedes.com.ar\/principal\/wp-json\/wp\/v2\/media?parent=42174"}],"wp:term":[{"taxonomy":"category","embeddable":true,"href":"https:\/\/www.hoymercedes.com.ar\/principal\/wp-json\/wp\/v2\/categories?post=42174"},{"taxonomy":"post_tag","embeddable":true,"href":"https:\/\/www.hoymercedes.com.ar\/principal\/wp-json\/wp\/v2\/tags?post=42174"}],"curies":[{"name":"wp","href":"https:\/\/api.w.org\/{rel}","templated":true}]}}