{"id":4223,"date":"2011-05-13T01:05:57","date_gmt":"2011-05-13T01:05:57","guid":{"rendered":"http:\/\/www.hoymercedes.com.ar\/principal\/?p=4223"},"modified":"2011-05-16T02:18:58","modified_gmt":"2011-05-16T02:18:58","slug":"se-viene-la-segunda-fecha-campeonato-hipisto-en-mercedes","status":"publish","type":"post","link":"https:\/\/www.hoymercedes.com.ar\/principal\/2011\/05\/13\/se-viene-la-segunda-fecha-campeonato-hipisto-en-mercedes\/","title":{"rendered":"Se viene la segunda fecha campeonato Hipismo en Mercedes"},"content":{"rendered":"<p>El Comit\u00e9 Organizador del \u00abCampeonato Escuelas del Oeste 2011\u00bb comunica que la 2\u00ba Fecha se realizar\u00e1 en las instalaciones de la Sociedad Rural Mercedes domingo 15.5.<\/p>\n<p>2\u00ba Fecha del Campeonato Escuelas del Oeste.<\/p>\n<p>El domingo 15 de mayo se llevar\u00e1 a cabo en las instalaciones del SOCIEDAD RURAL MERCEDES la 2\u00ba Fecha del CAMPEONATO ESCUELAS DEL OESTE para jinetes y amazonas no federados.<\/p>\n<p>En esta ocaci\u00f3n la Secci\u00f3n H\u00edpica de la SOCIEDAD RURAL MERCEDES se ver\u00e1 representada en las diferentes pruebas por Juana Santos con Lucas, Margarita Bustos con Plebeyo, Juli\u00e1n Ravera con Lucas, Olivia Mazzochi con Lucas, Magal\u00ed Heidel con Luna, Ail\u00edn Heidel con T\u00edo Oscar, Agust\u00edn Pradal con Lucas, Tom\u00e1s Rond\u00f3n con T\u00edo Oscar, Camila C\u00e1ngaro con L.A. Macarena, Agostina Gagliardo Suarez con La Fe Ruda, Carolina Silva con Furia, Luciana Pietrafesa con Lorenzo, Soledad Carranza con La Fe Ruda y Lucia Carranza con Fidel.<\/p>\n<p>Los resultados del campaonato se pueden ver actualizados en la secci\u00f3n Torneos y Competencias de www.mercedesdeportivo.com.ar<\/p>\n<p>Habra cantina durante todo el dia y la entrada es libre y gratuita.<\/p>\n<p>Clases de equitaci\u00f3n en la \u00abrural\u00bb.<\/p>\n<p>S\u00e1bados y domingos por la tarde en el predio de Ruta 5 km 100 de la Sociead Rural Mercedes se dictan clases de equitaci\u00f3n a ni\u00f1os, j\u00f3venes y adultos, en las que los alumnos despliegan sus habilidades y realizan todos los trabajos del cuidado del animal, adem\u00e1s del aprendizaje de la actividad h\u00edpica, creando nuevas amistades con iguales intereses, en un espacio donde pueden moverse con total seguridad y confianza. Las clases se dividen en grupos reducidos seg\u00fan las edades y niveles de los jinetes y amazonas.<\/p>\n<p>Ponis: Es el grupo de los m\u00e1s chiquitos (desde los 5 a\u00f1os), con clases personalizadas, orientadas exclusivamente a un aprendizaje did\u00e1ctico donde los ni\u00f1os fortalecen su capacidad motriz, equilibrio y seguridad en el manejo y trato con los animales.<\/p>\n<p>Iniciaci\u00f3n: Son clases did\u00e1cticas en donde el objetivo buscado es adquirir confianza y equilibrio. Se realizan gimnasias a caballo, trabajando la postura y el asiento.<\/p>\n<p>Principiantes: Una vez alcanzado un buen equilibrio y asiento por parte de los alumnos, las clases pasan a un nivel mas exigente en donde aprenden a manejar a los caballos, pudiendo ejecutar ordenes y consiguiendo su obediencia. Se trabaja sobre el asiento, posici\u00f3n y equilibrio de los alumnos en los diferentes aires de paso y trote.<\/p>\n<p>Avanzados: En este grupo se trabaja con ni\u00f1os con \u00f3rdenes claras en paso, trote, galope, y la iniciaci\u00f3n al salto<\/p>\n<p>Todos los niveles complementan las clases pr\u00e1cticas con material te\u00f3rico escrito y v\u00eda mail. Adem\u00e1s de organizar paseos a eventos h\u00edpicos y competencias internacionales.<\/p>\n<p>Para m\u00e1s informes, comunicarse al 420999 o bien acerc\u00e1ndose a la rural los fines de semana desde las 15.00 hs.<\/p>\n<p>&nbsp;<\/p>\n","protected":false},"excerpt":{"rendered":"<p>El Comit\u00e9 Organizador del \u00abCampeonato Escuelas del Oeste 2011\u00bb comunica que la 2\u00ba Fecha se realizar\u00e1 en las instalaciones de &#8230; <a title=\"Se viene la segunda fecha campeonato Hipismo en Mercedes\" class=\"read-more\" href=\"https:\/\/www.hoymercedes.com.ar\/principal\/2011\/05\/13\/se-viene-la-segunda-fecha-campeonato-hipisto-en-mercedes\/\" aria-label=\"Leer m\u00e1s sobre Se viene la segunda fecha campeonato Hipismo en Mercedes\">Leer m\u00e1s<\/a><\/p>\n","protected":false},"author":1,"featured_media":0,"comment_status":"open","ping_status":"open","sticky":false,"template":"","format":"standard","meta":{"_monsterinsights_skip_tracking":false,"_monsterinsights_sitenote_active":false,"_monsterinsights_sitenote_note":"","_monsterinsights_sitenote_category":0,"jetpack_post_was_ever_published":false,"_jetpack_newsletter_access":"","_jetpack_dont_email_post_to_subs":false,"_jetpack_newsletter_tier_id":0,"_jetpack_memberships_contains_paywalled_content":false,"_jetpack_memberships_contains_paid_content":false,"footnotes":"","jetpack_publicize_message":"","jetpack_publicize_feature_enabled":true,"jetpack_social_post_already_shared":false,"jetpack_social_options":{"image_generator_settings":{"template":"highway","default_image_id":0,"font":"","enabled":false},"version":2},"_wpas_customize_per_network":false},"categories":[21,8],"tags":[797],"class_list":["post-4223","post","type-post","status-publish","format-standard","hentry","category-deportes","category-sociedad","tag-hipismo-en-mercedes","generate-columns","tablet-grid-50","mobile-grid-100","grid-parent","grid-50"],"jetpack_publicize_connections":[],"jetpack_featured_media_url":"","wps_subtitle":"","jetpack_sharing_enabled":true,"_links":{"self":[{"href":"https:\/\/www.hoymercedes.com.ar\/principal\/wp-json\/wp\/v2\/posts\/4223","targetHints":{"allow":["GET"]}}],"collection":[{"href":"https:\/\/www.hoymercedes.com.ar\/principal\/wp-json\/wp\/v2\/posts"}],"about":[{"href":"https:\/\/www.hoymercedes.com.ar\/principal\/wp-json\/wp\/v2\/types\/post"}],"author":[{"embeddable":true,"href":"https:\/\/www.hoymercedes.com.ar\/principal\/wp-json\/wp\/v2\/users\/1"}],"replies":[{"embeddable":true,"href":"https:\/\/www.hoymercedes.com.ar\/principal\/wp-json\/wp\/v2\/comments?post=4223"}],"version-history":[{"count":0,"href":"https:\/\/www.hoymercedes.com.ar\/principal\/wp-json\/wp\/v2\/posts\/4223\/revisions"}],"wp:attachment":[{"href":"https:\/\/www.hoymercedes.com.ar\/principal\/wp-json\/wp\/v2\/media?parent=4223"}],"wp:term":[{"taxonomy":"category","embeddable":true,"href":"https:\/\/www.hoymercedes.com.ar\/principal\/wp-json\/wp\/v2\/categories?post=4223"},{"taxonomy":"post_tag","embeddable":true,"href":"https:\/\/www.hoymercedes.com.ar\/principal\/wp-json\/wp\/v2\/tags?post=4223"}],"curies":[{"name":"wp","href":"https:\/\/api.w.org\/{rel}","templated":true}]}}