{"id":42244,"date":"2015-06-04T22:29:10","date_gmt":"2015-06-05T01:29:10","guid":{"rendered":"http:\/\/www.hoymercedes.com.ar\/principal\/?p=42244"},"modified":"2015-06-04T22:29:10","modified_gmt":"2015-06-05T01:29:10","slug":"selva-se-han-cometido-errores-pero-tambien-hubo-muchas-operaciones-del-poder-en-contra-de-sergio","status":"publish","type":"post","link":"https:\/\/www.hoymercedes.com.ar\/principal\/2015\/06\/04\/selva-se-han-cometido-errores-pero-tambien-hubo-muchas-operaciones-del-poder-en-contra-de-sergio\/","title":{"rendered":"Selva: \u00abse han cometido errores pero tambi\u00e9n hubo muchas operaciones del poder en contra de Sergio"},"content":{"rendered":"<p><em><strong>\u201cSe ha complicado, es un fen\u00f3meno bastante dif\u00edcil de explicar que esto pasara\u201d, lanz\u00f3 Carlos Selva tras las fugas continuas que se vienen sucediendo en el massismo.<\/strong><\/em><\/p>\n<p>\u201cSergio Massa es al \u00fanico que le han pedido definiciones pol\u00edticas con respecto a temas de la coyuntura nacional y es el \u00fanico que las ha dado. Uno no opina de nada y el otro seguimos con optimismo\u201d, se quej\u00f3 por el trato de la prensa sobre los dem\u00e1s precandidatos presidenciales.<\/p>\n<p>En di\u00e1logo con INFOCIELO, uno de los ochos intendentes que fundaron el Frente Renovador se\u00f1al\u00f3 que \u201clo \u00fanico que no puede negar uno es la realidad, se ha complejizado, se han cometido errores pero tambi\u00e9n hubo muchas operaciones del poder en contra de Sergio; ha dado resultado y est\u00e1n a la vista\u201d.<\/p>\n<p>Las versiones lo ubican como otro jefe comunal que podr\u00eda retornar al kirchnerismo, sobre todo, despu\u00e9s de la foto que se sac\u00f3 d\u00edas atr\u00e1s con Julio De Vido en Mercedes.<\/p>\n<p>\u201cEl esquema que siempre se plante\u00f3 fue de un lado o del otro, aunque nosotros elegimos dialogar. Se dicen muchas cosas, y es cierto que hemos defendido pol\u00edticas nacionales en la Provincia pero por supuesto que tenemos diferencias si no, no hubi\u00e9semos creado una fuerza pol\u00edtica alternativa, pero eso se confunde en el estereotipo de la conducci\u00f3n pol\u00edtica del Frente para la Victoria que tener una foto se ve como una opereta pol\u00edtica. Yo soy intendente y participo de hechos institucionales\u201d, aclar\u00f3 Selva sin dar mayores precisiones.<\/p>\n<p>Sobre Jos\u00e9 Eseverri, jefe comunal de Olavarr\u00eda, a un paso de volver al kirchnerismo, explic\u00f3 que \u201cparticip\u00f3 como todos los intendentes de la reuni\u00f3n del lunes para definir la estrategia de la provincia y la nacional. Despu\u00e9s vi la foto pero no hizo declaraciones\u201d.<\/p>\n<p>Por \u00faltimo, cr\u00edtico, explic\u00f3 la situaci\u00f3n sobre el acuerdo con Jos\u00e9 Manuel De la Sota: \u201cEl otro d\u00eda me re\u00eda de una encuesta que consultaba sobre qu\u00e9 pensaba del Frente para la Victoria, del PRO y de UNA y la gente me preguntaba qu\u00e9 es UNA. Es una realidad del valor de las encuestas y tenes que explicar el espacio pol\u00edtico que hemos construido, en ese marco ma\u00f1ana viaja Sergio y veremos c\u00f3mo sigue\u201d.<\/p>\n<p>Fuente: <a href=\"http:\/\/infocielo.com\/nota\/62142\/es_un_fenomeno_bastante_dificil_de_explicar_dijo_selva_sobre_la_actualidad_el_massismo\/\" target=\"_blank\" rel=\"noopener\">InfoCielo<\/a><\/p>\n","protected":false},"excerpt":{"rendered":"<p>\u201cSe ha complicado, es un fen\u00f3meno bastante dif\u00edcil de explicar que esto pasara\u201d, lanz\u00f3 Carlos Selva tras las fugas continuas &#8230; <a title=\"Selva: \u00abse han cometido errores pero tambi\u00e9n hubo muchas operaciones del poder en contra de Sergio\" class=\"read-more\" href=\"https:\/\/www.hoymercedes.com.ar\/principal\/2015\/06\/04\/selva-se-han-cometido-errores-pero-tambien-hubo-muchas-operaciones-del-poder-en-contra-de-sergio\/\" aria-label=\"Leer m\u00e1s sobre Selva: \u00abse han cometido errores pero tambi\u00e9n hubo muchas operaciones del poder en contra de Sergio\">Leer m\u00e1s<\/a><\/p>\n","protected":false},"author":1,"featured_media":37256,"comment_status":"open","ping_status":"open","sticky":false,"template":"","format":"standard","meta":{"_monsterinsights_skip_tracking":false,"_monsterinsights_sitenote_active":false,"_monsterinsights_sitenote_note":"","_monsterinsights_sitenote_category":0,"jetpack_post_was_ever_published":false,"_jetpack_newsletter_access":"","_jetpack_dont_email_post_to_subs":false,"_jetpack_newsletter_tier_id":0,"_jetpack_memberships_contains_paywalled_content":false,"_jetpack_memberships_contains_paid_content":false,"footnotes":"","jetpack_publicize_message":"","jetpack_publicize_feature_enabled":true,"jetpack_social_post_already_shared":true,"jetpack_social_options":{"image_generator_settings":{"template":"highway","default_image_id":0,"font":"","enabled":false},"version":2},"_wpas_customize_per_network":false},"categories":[5],"tags":[39],"class_list":["post-42244","post","type-post","status-publish","format-standard","has-post-thumbnail","hentry","category-politica","tag-carlos-selva","generate-columns","tablet-grid-50","mobile-grid-100","grid-parent","grid-50"],"jetpack_publicize_connections":[],"jetpack_featured_media_url":"https:\/\/www.hoymercedes.com.ar\/principal\/wp-content\/uploads\/2014\/10\/selva-massa.jpg","wps_subtitle":"Pol\u00edtica nacional","jetpack_sharing_enabled":true,"jetpack-related-posts":[{"id":42036,"url":"https:\/\/www.hoymercedes.com.ar\/principal\/2015\/05\/29\/selva-ratifico-su-posicion-en-el-frente-renovador-y-desdeno-operaciones-de-prensa\/","url_meta":{"origin":42244,"position":0},"title":"Selva ratific\u00f3 su posici\u00f3n en el Frente Renovador y desde\u00f1\u00f3 operaciones de prensa","author":"hoymercedes","date":"29 mayo, 2015","format":false,"excerpt":"La Tecla - Carlos Selva sali\u00f3 a efectuar declaraciones tras las apariciones en los mediosn necionales sobre su potencial pase al FPV. Ratific\u00f3 su pertenencia y remarc\u00f3 que el \"Peronismo en Mercedes es del Frente Renovador\" La Tecla le dedic\u00f3 un espacio al tema. FR: intendente confirm\u00f3 que se queda,\u2026","rel":"","context":"En \u00abPol\u00edtica\u00bb","block_context":{"text":"Pol\u00edtica","link":"https:\/\/www.hoymercedes.com.ar\/principal\/category\/politica\/"},"img":{"alt_text":"","src":"https:\/\/i0.wp.com\/www.hoymercedes.com.ar\/principal\/wp-content\/uploads\/2015\/05\/Selva-LaTecla-29.05.2015.png?resize=350%2C200&ssl=1","width":350,"height":200,"srcset":"https:\/\/i0.wp.com\/www.hoymercedes.com.ar\/principal\/wp-content\/uploads\/2015\/05\/Selva-LaTecla-29.05.2015.png?resize=350%2C200&ssl=1 1x, https:\/\/i0.wp.com\/www.hoymercedes.com.ar\/principal\/wp-content\/uploads\/2015\/05\/Selva-LaTecla-29.05.2015.png?resize=525%2C300&ssl=1 1.5x"},"classes":[]},{"id":42345,"url":"https:\/\/www.hoymercedes.com.ar\/principal\/2015\/06\/11\/selva-destaco-la-decision-de-sergio-massa-de-mantenerse-como-candidato-a-presidente\/","url_meta":{"origin":42244,"position":1},"title":"Selva destac\u00f3 decisi\u00f3n de Massa de mantenerse como candidato a Presidente","author":"hoymercedes","date":"11 junio, 2015","format":false,"excerpt":"El intendente Carlos Selva es un referente indiscutido del Frente Renovador en todo el pa\u00eds y el pasado mi\u00e9rcoles estuvo presente en la ratificaci\u00f3n de la candidatura presidencial que hizo Sergio Massa. De Mercedes participaron varios referentes, como Sabrina Selva, Carlos Milhomme, Marcelo Denapole, Arnaldo M\u00e9ndez, Mercedes Mazzocchi, Juan Navarro,\u2026","rel":"","context":"En \u00abPol\u00edtica\u00bb","block_context":{"text":"Pol\u00edtica","link":"https:\/\/www.hoymercedes.com.ar\/principal\/category\/politica\/"},"img":{"alt_text":"","src":"https:\/\/i0.wp.com\/www.hoymercedes.com.ar\/principal\/wp-content\/uploads\/2014\/03\/Selva-Massa.jpg?resize=350%2C200&ssl=1","width":350,"height":200,"srcset":"https:\/\/i0.wp.com\/www.hoymercedes.com.ar\/principal\/wp-content\/uploads\/2014\/03\/Selva-Massa.jpg?resize=350%2C200&ssl=1 1x, https:\/\/i0.wp.com\/www.hoymercedes.com.ar\/principal\/wp-content\/uploads\/2014\/03\/Selva-Massa.jpg?resize=525%2C300&ssl=1 1.5x"},"classes":[]},{"id":62612,"url":"https:\/\/www.hoymercedes.com.ar\/principal\/2017\/05\/10\/carlos-selva-el-unico-que-se-ha-hecho-el-distraido-es-el-presidente-macri\/","url_meta":{"origin":42244,"position":2},"title":"Carlos Selva: \u201cEl \u00fanico que se ha hecho el distra\u00eddo es el presidente Macri\u201d","author":"hoymercedes","date":"10 mayo, 2017","format":false,"excerpt":"El diputado nacional del Frente Renovador, Carlos Selva, dio el presente en la \u00faltima sesi\u00f3n de la C\u00e1mara Baja y aprob\u00f3 la reforma en la ley que permiti\u00f3 a la Corte la aplicaci\u00f3n del beneficio del 2\u00d71 a autores de delitos de lesa humanidad. Cuestion\u00f3 duramente al presidente de la\u2026","rel":"","context":"En \u00abPol\u00edtica\u00bb","block_context":{"text":"Pol\u00edtica","link":"https:\/\/www.hoymercedes.com.ar\/principal\/category\/politica\/"},"img":{"alt_text":"","src":"https:\/\/i0.wp.com\/www.hoymercedes.com.ar\/principal\/wp-content\/uploads\/2017\/05\/10-carlos-selva.jpg?resize=350%2C200&ssl=1","width":350,"height":200,"srcset":"https:\/\/i0.wp.com\/www.hoymercedes.com.ar\/principal\/wp-content\/uploads\/2017\/05\/10-carlos-selva.jpg?resize=350%2C200&ssl=1 1x, https:\/\/i0.wp.com\/www.hoymercedes.com.ar\/principal\/wp-content\/uploads\/2017\/05\/10-carlos-selva.jpg?resize=525%2C300&ssl=1 1.5x"},"classes":[]},{"id":19165,"url":"https:\/\/www.hoymercedes.com.ar\/principal\/2013\/01\/02\/selva-compartio-escenario-con-sergio-massa\/","url_meta":{"origin":42244,"position":3},"title":"Selva comparti\u00f3 escenario con Sergio Massa","author":"hoymercedes","date":"2 enero, 2013","format":false,"excerpt":"Carlos Selva volvi\u00f3 a compartir un encuentro con el intendente de Tigre, Sergio Massa. Se trat\u00f3 de un acto en tierra de Massa donde cerraron el a\u00f1o pensando en lo que ser\u00e1 el 2013 que ya se encuentra calentando los motores pol\u00edticos de lo que ser\u00e1n las elecciones legislativas. En\u2026","rel":"","context":"En \u00abPol\u00edtica\u00bb","block_context":{"text":"Pol\u00edtica","link":"https:\/\/www.hoymercedes.com.ar\/principal\/category\/politica\/"},"img":{"alt_text":"Carlos Selva junto a Sergio Massa","src":"https:\/\/i0.wp.com\/www.hoymercedes.com.ar\/principal\/wp-content\/uploads\/2013\/01\/massa-scioli.II_.jpg?resize=350%2C200","width":350,"height":200,"srcset":"https:\/\/i0.wp.com\/www.hoymercedes.com.ar\/principal\/wp-content\/uploads\/2013\/01\/massa-scioli.II_.jpg?resize=350%2C200 1x, https:\/\/i0.wp.com\/www.hoymercedes.com.ar\/principal\/wp-content\/uploads\/2013\/01\/massa-scioli.II_.jpg?resize=525%2C300 1.5x"},"classes":[]},{"id":18718,"url":"https:\/\/www.hoymercedes.com.ar\/principal\/2012\/12\/13\/selva-el-unico-y-mas-firme-garante-de-no-volver-a-repetir-los-errores-del-pasado-es-el-pueblo\/","url_meta":{"origin":42244,"position":4},"title":"Selva: \u00abEl \u00fanico y m\u00e1s firme garante de no volver a repetir los errores del pasado es el pueblo\u00bb","author":"hoymercedes","date":"13 diciembre, 2012","format":false,"excerpt":"Durante el acto conmemoraci\u00f3n del D\u00eda Internacional de los Derechos Humanos el intendente Carlos Selva expres\u00f3: \"El \u00fanico y m\u00e1s firme garante de no volver a repetir los errores del pasado es el pueblo\" a la vez que instaba a participar m\u00e1s y mas: \"tenemos que involucrarnos, mirar desde afuera\u2026","rel":"","context":"En \u00abMunicipio\u00bb","block_context":{"text":"Municipio","link":"https:\/\/www.hoymercedes.com.ar\/principal\/category\/municipio\/"},"img":{"alt_text":"ddhh02","src":"https:\/\/i0.wp.com\/www.hoymercedes.com.ar\/principal\/wp-content\/uploads\/2012\/12\/ddhh02.jpg?resize=350%2C200","width":350,"height":200,"srcset":"https:\/\/i0.wp.com\/www.hoymercedes.com.ar\/principal\/wp-content\/uploads\/2012\/12\/ddhh02.jpg?resize=350%2C200 1x, https:\/\/i0.wp.com\/www.hoymercedes.com.ar\/principal\/wp-content\/uploads\/2012\/12\/ddhh02.jpg?resize=525%2C300 1.5x"},"classes":[]},{"id":42527,"url":"https:\/\/www.hoymercedes.com.ar\/principal\/2015\/06\/21\/el-intendente-de-mercedes-carlos-selva-candidato-a-diputado-nacional-por-el-frente-renovador\/","url_meta":{"origin":42244,"position":5},"title":"El intendente de Mercedes, Carlos Selva, candidato a diputado nacional por el Frente Renovador","author":"hoymercedes","date":"21 junio, 2015","format":false,"excerpt":"\u00a0 A Sergio Massa, lo acompa\u00f1ar\u00e1 en la f\u00f3rmula presidencial, el salte\u00f1o Gustavo S\u00e1enz. En provincia, Felipe Sol\u00e1, se presentar\u00e1 a la gobernaci\u00f3n junto a Daniel Arroyo. En Mercedes, el candidato a intendente es Marcelo Den\u00e1pole, y la sorpresa, grata para todos los mecedinos, es que Carlos Selva, ser\u00e1 finalmente\u2026","rel":"","context":"En \u00abPol\u00edtica\u00bb","block_context":{"text":"Pol\u00edtica","link":"https:\/\/www.hoymercedes.com.ar\/principal\/category\/politica\/"},"img":{"alt_text":"","src":"https:\/\/i0.wp.com\/www.hoymercedes.com.ar\/principal\/wp-content\/uploads\/2015\/06\/selva-moyano-massa.jpg?resize=350%2C200&ssl=1","width":350,"height":200,"srcset":"https:\/\/i0.wp.com\/www.hoymercedes.com.ar\/principal\/wp-content\/uploads\/2015\/06\/selva-moyano-massa.jpg?resize=350%2C200&ssl=1 1x, https:\/\/i0.wp.com\/www.hoymercedes.com.ar\/principal\/wp-content\/uploads\/2015\/06\/selva-moyano-massa.jpg?resize=525%2C300&ssl=1 1.5x"},"classes":[]}],"_links":{"self":[{"href":"https:\/\/www.hoymercedes.com.ar\/principal\/wp-json\/wp\/v2\/posts\/42244","targetHints":{"allow":["GET"]}}],"collection":[{"href":"https:\/\/www.hoymercedes.com.ar\/principal\/wp-json\/wp\/v2\/posts"}],"about":[{"href":"https:\/\/www.hoymercedes.com.ar\/principal\/wp-json\/wp\/v2\/types\/post"}],"author":[{"embeddable":true,"href":"https:\/\/www.hoymercedes.com.ar\/principal\/wp-json\/wp\/v2\/users\/1"}],"replies":[{"embeddable":true,"href":"https:\/\/www.hoymercedes.com.ar\/principal\/wp-json\/wp\/v2\/comments?post=42244"}],"version-history":[{"count":0,"href":"https:\/\/www.hoymercedes.com.ar\/principal\/wp-json\/wp\/v2\/posts\/42244\/revisions"}],"wp:featuredmedia":[{"embeddable":true,"href":"https:\/\/www.hoymercedes.com.ar\/principal\/wp-json\/wp\/v2\/media\/37256"}],"wp:attachment":[{"href":"https:\/\/www.hoymercedes.com.ar\/principal\/wp-json\/wp\/v2\/media?parent=42244"}],"wp:term":[{"taxonomy":"category","embeddable":true,"href":"https:\/\/www.hoymercedes.com.ar\/principal\/wp-json\/wp\/v2\/categories?post=42244"},{"taxonomy":"post_tag","embeddable":true,"href":"https:\/\/www.hoymercedes.com.ar\/principal\/wp-json\/wp\/v2\/tags?post=42244"}],"curies":[{"name":"wp","href":"https:\/\/api.w.org\/{rel}","templated":true}]}}