{"id":4227,"date":"2011-05-13T01:08:30","date_gmt":"2011-05-13T01:08:30","guid":{"rendered":"http:\/\/www.hoymercedes.com.ar\/principal\/?p=4227"},"modified":"2011-05-13T01:08:30","modified_gmt":"2011-05-13T01:08:30","slug":"proyecto-sur-en-relacion-a-las-alianzas-realizadas","status":"publish","type":"post","link":"https:\/\/www.hoymercedes.com.ar\/principal\/2011\/05\/13\/proyecto-sur-en-relacion-a-las-alianzas-realizadas\/","title":{"rendered":"Proyecto Sur en relaci\u00f3n a las alianzas realizadas"},"content":{"rendered":"<p>Frente a los cambios de coyuntura, modificamos nuestras estrategias electorales, pero no resignamos la construcci\u00f3n de un Movimiento pol\u00edtico, social y cultural de liberaci\u00f3n.<\/p>\n<p>Desde el  Movimiento Proyecto Sur Mercedes (PPSur-PS-PSA-MST) queremos comunicar a los vecinos de nuestra ciudad que luego de un instenso debate entre todas las fuerzas integrantes de nuestro movimiento, del cual hemos participado con representantes mercedinos en cada uno de los partidos, se acord\u00f3 sobre la necesidad de que nuestro m\u00e1ximo referente se presente como candidato a Jefe de gobierno en las elecciones del 10 de julio pr\u00f3ximo.<\/p>\n<p>En este marco, el conjunto del movimiento decide realizar un cambio en la estrategia electoral que se venia trabajando tanto a nivel provincial como nacional. Este cambio de estrategias, no nos hace perder de vista los objetivos planteados desde el nacimiento de nuestro movimiento, los cuales van mucho mas all\u00e1 que cualquiera de sus integrantes, inclusive del mismo PINO.<\/p>\n<p>Para nosotros la construcci\u00f3n de un movimiento pol\u00edtico, social y cultural de emancipaci\u00f3n no puede desarrollarse en menos de cuatro a\u00f1os de existencia y mucho menos desarrollar esta construcci\u00f3n sin sobresaltos ni modificaciones de car\u00e1cter t\u00e1ctico, ya que la realidad pol\u00edtica argentina de los \u00faltimos cuatro a\u00f1os fue de un dinamismo impresionante, modificando permanentemente la coyuntura en la cual diariamente trabajamos<\/p>\n<p>La candidatura de Pino Solanas en la ciudad se encuentra justificada por distintos factores, por lo que hoy hace que tengamos que rever nuestras propias estrategias.<\/p>\n<p>Uno de los factores principales en el cambio de estrategias tiene que ver con que el gobierno de la ciudad aut\u00f3noma decidi\u00f3 adelantar las elecciones para el d\u00eda 10 de julio. Al producirse el adelantamiento y frente a la realidad  que Pino tiene muchas posibilidades  de entrar al balotaje, es que se decide cambiar al candidato a jefe de gobierno de ciudad.-<\/p>\n<p>Por otro lado, desde comienzos de este a\u00f1o se ven\u00edan realizando encuentros con diferentes fuerzas con el objetivo de fortalecer lazos en provincias y\/o distritos claves en la elecci\u00f3n nacional, como son C\u00f3rdoba, Santa Fe, Buenos Aires y la C.A.B.A (que tienen elecciones previas a la nacional) y tratar de garantizar las victorias en cada uno de estos lugares, para llegar con mayores posibilidades frentistas a la elecci\u00f3n nacional, y es en el marco de este acuerdo el cambio estrat\u00e9gico, ya que la victoria en la CABA esta garantizada solamente con Pino a la cabeza debido al adelantamiento.<\/p>\n<p>Por ultimo, queremos manifestar que el movimiento Proyecto Sur, en conjunto con las fuerzas que logre acordar tendr\u00e1n candidatos a Presidente y vice, como tambi\u00e9n a nivel provincial y local, que se presentaran como alternativa al bipartidismo. En este sentido venimos manifest\u00e1ndonos a favor de la necesidad que el Partido Socialista a nivel nacional rompa su alianza con la UCR y que el gobernador de Santa Fe, Hermes Binner, sea el candidato a presidente del frente que aspiramos a construir para estas elecciones, acompa\u00f1ado por la Dip Nacional y soci\u00f3loga Alcira Argumedo del Partido Proyecto Sur como vice-presidenta, como as\u00ed tambi\u00e9n existen posibilidades de llevar como candidato a Mario Mazittelli del PSA.-<\/p>\n<p>Creemos necesario se\u00f1alar que la actual situaci\u00f3n por la que estamos atravesando la interpretamos como una etapa mas en la construcci\u00f3n de nuestro movimiento, como tambi\u00e9n lo son los procesos electorales, por lo cual  no alterar\u00e1n nuestras convicciones, cada d\u00eda mas firmes en nuestra vocaci\u00f3n de construir la nueva pol\u00edtica, sin resignaci\u00f3n, con mucho debate, con pluralidad de ideas, colectivamente, y por sobre todas las cosas construyendo la verdadera alternativa al status quo, donde lo importante es el proyecto mas all\u00e1 de los nombres.-<\/p>\n<p>Movimiento Proyecto Sur Mercedes (PPSur-PS-PSA-MST)<\/p>\n<p>&nbsp;<\/p>\n","protected":false},"excerpt":{"rendered":"<p>Frente a los cambios de coyuntura, modificamos nuestras estrategias electorales, pero no resignamos la construcci\u00f3n de un Movimiento pol\u00edtico, social &#8230; <a title=\"Proyecto Sur en relaci\u00f3n a las alianzas realizadas\" class=\"read-more\" href=\"https:\/\/www.hoymercedes.com.ar\/principal\/2011\/05\/13\/proyecto-sur-en-relacion-a-las-alianzas-realizadas\/\" aria-label=\"Leer m\u00e1s sobre Proyecto Sur en relaci\u00f3n a las alianzas realizadas\">Leer m\u00e1s<\/a><\/p>\n","protected":false},"author":1,"featured_media":0,"comment_status":"open","ping_status":"open","sticky":false,"template":"","format":"standard","meta":{"_monsterinsights_skip_tracking":false,"_monsterinsights_sitenote_active":false,"_monsterinsights_sitenote_note":"","_monsterinsights_sitenote_category":0,"jetpack_post_was_ever_published":false,"_jetpack_newsletter_access":"","_jetpack_dont_email_post_to_subs":false,"_jetpack_newsletter_tier_id":0,"_jetpack_memberships_contains_paywalled_content":false,"_jetpack_memberships_contains_paid_content":false,"footnotes":"","jetpack_publicize_message":"","jetpack_publicize_feature_enabled":true,"jetpack_social_post_already_shared":false,"jetpack_social_options":{"image_generator_settings":{"template":"highway","default_image_id":0,"font":"","enabled":false},"version":2},"_wpas_customize_per_network":false},"categories":[5],"tags":[646],"class_list":["post-4227","post","type-post","status-publish","format-standard","hentry","category-politica","tag-proyecto-sur","generate-columns","tablet-grid-50","mobile-grid-100","grid-parent","grid-50"],"jetpack_publicize_connections":[],"jetpack_featured_media_url":"","wps_subtitle":"","jetpack_sharing_enabled":true,"_links":{"self":[{"href":"https:\/\/www.hoymercedes.com.ar\/principal\/wp-json\/wp\/v2\/posts\/4227","targetHints":{"allow":["GET"]}}],"collection":[{"href":"https:\/\/www.hoymercedes.com.ar\/principal\/wp-json\/wp\/v2\/posts"}],"about":[{"href":"https:\/\/www.hoymercedes.com.ar\/principal\/wp-json\/wp\/v2\/types\/post"}],"author":[{"embeddable":true,"href":"https:\/\/www.hoymercedes.com.ar\/principal\/wp-json\/wp\/v2\/users\/1"}],"replies":[{"embeddable":true,"href":"https:\/\/www.hoymercedes.com.ar\/principal\/wp-json\/wp\/v2\/comments?post=4227"}],"version-history":[{"count":0,"href":"https:\/\/www.hoymercedes.com.ar\/principal\/wp-json\/wp\/v2\/posts\/4227\/revisions"}],"wp:attachment":[{"href":"https:\/\/www.hoymercedes.com.ar\/principal\/wp-json\/wp\/v2\/media?parent=4227"}],"wp:term":[{"taxonomy":"category","embeddable":true,"href":"https:\/\/www.hoymercedes.com.ar\/principal\/wp-json\/wp\/v2\/categories?post=4227"},{"taxonomy":"post_tag","embeddable":true,"href":"https:\/\/www.hoymercedes.com.ar\/principal\/wp-json\/wp\/v2\/tags?post=4227"}],"curies":[{"name":"wp","href":"https:\/\/api.w.org\/{rel}","templated":true}]}}