{"id":4230,"date":"2011-05-13T01:41:37","date_gmt":"2011-05-13T01:41:37","guid":{"rendered":"http:\/\/www.hoymercedes.com.ar\/principal\/?p=4230"},"modified":"2011-05-13T01:41:37","modified_gmt":"2011-05-13T01:41:37","slug":"un-frente-con-de-narvaez-generaria-fuertes-polemicas-dentro-de-la-ucr-local","status":"publish","type":"post","link":"https:\/\/www.hoymercedes.com.ar\/principal\/2011\/05\/13\/un-frente-con-de-narvaez-generaria-fuertes-polemicas-dentro-de-la-ucr-local\/","title":{"rendered":"Un frente con De Narv\u00e1ez generar\u00eda fuertes pol\u00e9micas dentro de la UCR local"},"content":{"rendered":"<figure id=\"attachment_987\" aria-describedby=\"caption-attachment-987\" style=\"width: 200px\" class=\"wp-caption alignleft\"><a href=\"https:\/\/www.hoymercedes.com.ar\/principal\/wp-content\/uploads\/2010\/12\/respuela.jpg\"><img loading=\"lazy\" decoding=\"async\" data-attachment-id=\"987\" data-permalink=\"https:\/\/www.hoymercedes.com.ar\/principal\/2010\/12\/09\/naco-respuela-%e2%80%9clo-importante-para-nuestro-partido-es-que-el-candidato-a-presidente-salga-por-consenso\/respuela\/#main\" data-orig-file=\"https:\/\/www.hoymercedes.com.ar\/principal\/wp-content\/uploads\/2010\/12\/respuela.jpg\" data-orig-size=\"300,400\" data-comments-opened=\"1\" data-image-meta=\"{&quot;aperture&quot;:&quot;3.8&quot;,&quot;credit&quot;:&quot;&quot;,&quot;camera&quot;:&quot;COOLPIX L10&quot;,&quot;caption&quot;:&quot;&quot;,&quot;created_timestamp&quot;:&quot;1275286549&quot;,&quot;copyright&quot;:&quot;Copyright 2006&quot;,&quot;focal_length&quot;:&quot;10.7&quot;,&quot;iso&quot;:&quot;64&quot;,&quot;shutter_speed&quot;:&quot;0.016666666666667&quot;,&quot;title&quot;:&quot;&quot;}\" data-image-title=\"Ignacio Respuela\" data-image-description=\"&lt;p&gt;Ignacio Respuela&lt;\/p&gt;\n\" data-image-caption=\"&lt;p&gt;Ignacio Respuela&lt;\/p&gt;\n\" data-large-file=\"https:\/\/www.hoymercedes.com.ar\/principal\/wp-content\/uploads\/2010\/12\/respuela.jpg\" class=\"size-full wp-image-987 \" title=\"Ignacio Respuela\" src=\"https:\/\/www.hoymercedes.com.ar\/principal\/wp-content\/uploads\/2010\/12\/respuela.jpg\" alt=\"Ignacio Respuela\" width=\"210\" height=\"280\" \/><\/a><figcaption id=\"caption-attachment-987\" class=\"wp-caption-text\">Ignacio Respuela<\/figcaption><\/figure>\n<p>Una nueva pol\u00e9mica se ha producido dentro del radicalismo mercedino en torno a la posibilidad que se presente para formar a nivel nacional un Frente Progresista entre la Uni\u00f3n C\u00edvica Radical y sectores provenientes de Francisco De Narv\u00e1ez ya que mientras entre algunos dirigentes y referentes locales se fija una posici\u00f3n totalmente contraria a dicha uni\u00f3n, otros estiman que se deber\u00eda esperar la decisi\u00f3n que las autoridades fundamentalmente del radicalismo provincia vayan a tomar las cuales domo integrantes del centenario partido deber\u00edan respetar.<\/p>\n<p>Sobre el tema en si dijo  el Dr. Ignacio Respuela \u201ccreo que si nos ponemos a analizar la posible uni\u00f3n partiendo desde la base del pensamiento original de cada uno de los sectores en lo pol\u00edtico, estar\u00edamos cometiendo un grave error porque es muy l\u00f3gico que no llegue a coincidir.<\/p>\n<p>Hoy presenciamos sin objetar nada que se est\u00e1 tolerando por ejemplo que dentro del gobierno se encuentren participando verdaderos personajes dela pol\u00edtica Argentina como Carlos Menem, D\u2019Elia, Ortubey, Aldo Rico, Hebe de Bonafini, y muchos otros, en definitiva personajes realmente muy dis\u00edmiles que adhieren a la propuesta nacional de Cristina Fern\u00e1ndez y sin embargo muchos de ellos se encuentran totalmente enfrentados en materia  ideol\u00f3gica, as\u00ed me parece que encasillar ese posible acuerdo a algo ideol\u00f3gico no es conveniente porque si as\u00ed pasa en realidad nunca se podr\u00eda conformar un acuerdo de ninguna naturaleza con cualquier otra fuerza pol\u00edtica y ese es el error al que me refer\u00ed al comienzo.<\/p>\n<p>Esto que acabo de decir no significa que en lo personal yo est\u00e9 entusiasmado con dicha posibilidad, todo lo contrario, pero soy consciente que habr\u00e1 que apoyar todo aquello que se defina en los organismos org\u00e1nicos e institucionales de nuestro Partido y si uno forma parte del radicalismo como hombres del mismo debe aceptar las decisiones que se tomen desde dichos \u00e1mbitos m\u00e1s all\u00e1 que puedan o no compartir esas decisiones\u201d.<\/p>\n<p>M\u00e1s adelante Respuela hablo acerca de la situaci\u00f3n pol\u00edtica en nuestra ciudad con una disputa interna dentro de las fuerzas del partido gobernante a nivel local ya que las dos fracciones coinciden en el apoyo a cristina Fern\u00e1ndez sosteniendo \u201choy vemos que hay una maquinaria publicitaria muy fuerte por parte de un sector kirchnerista que desde mi punto de vista est\u00e1n sin un candidato serio yu confiable, que para mi hasta el momento no es m\u00e1s que marketing publicitario.<\/p>\n<p>De cualquier manera me da la sensaci\u00f3n que todav\u00eda no esta claro para muchos de nosotros quien va a ser la oposici\u00f3n a la actual gesti\u00f3n municipal porque en principio los m\u00e1s opositores est\u00e1n dentro del mismo partido, o al menos que dicen ser del mismo-<\/p>\n<p>Pero adem\u00e1s no est\u00e1 claro debido a las consecuencias de las idas y vueltas que se est\u00e1n dando en todos los partidos pol\u00edticos de la oposici\u00f3n, en el caso puntual de la Uni\u00f3n C\u00edvica Radical esas idas y vueltas tienen que ver con la falta de definiciones a nivel estrictamente nacional, as\u00ed que hasta que no tengamos definido  nuestra alianzas o posibles acercamiento a nivel provincial no podemos tomar determinaciones a nivel local porque quien determina hacia que sectores pol\u00edticos podemos acercarnos  es la convenci\u00f3n provincial del radicalismo, y en la medida que esto no tenga una definici\u00f3n concreta, nosotros en el \u00e1mbito local estaremos con muchas dificultades para definirlo en el \u00e1mbito local.<\/p>\n<p>De cualquier manera pienso que una vez definida en nosotros dicha cuesti\u00f3n la verdadera oposici\u00f3n a esta gesti\u00f3n de gobierno de Carlos Selva no va a estar dentro del propio peronismo o del Frente para la Victoria sino dentro de cualquier partido pol\u00edtico que no forme parte de esa estructura de gobierno.<\/p>\n<p>En Mercedes lo que la gente ve hoy es una gesti\u00f3n municipal que no conforma, ve que por el otro lado hay otra opci\u00f3n peronista  que lo \u00fanico que tiene es el apoyo econ\u00f3mico de parte del gobierno nacional pero que no var\u00eda absolutamente en nada respecto a lo que se va a hacer ni como lo van a hacer pero lamentablemente en la oposici\u00f3n hasta el momento estamos muy dispersos y por ende no tenemos el poder para ser algo alternativo mostrando a la ciudadan\u00eda de Mercedes que tenemos la capacidad suficiente par demostrar de manera concreta   estar en condiciones de gobernar<\/p>\n","protected":false},"excerpt":{"rendered":"<p>Una nueva pol\u00e9mica se ha producido dentro del radicalismo mercedino en torno a la posibilidad que se presente para formar &#8230; <a title=\"Un frente con De Narv\u00e1ez generar\u00eda fuertes pol\u00e9micas dentro de la UCR local\" class=\"read-more\" href=\"https:\/\/www.hoymercedes.com.ar\/principal\/2011\/05\/13\/un-frente-con-de-narvaez-generaria-fuertes-polemicas-dentro-de-la-ucr-local\/\" aria-label=\"Leer m\u00e1s sobre Un frente con De Narv\u00e1ez generar\u00eda fuertes pol\u00e9micas dentro de la UCR local\">Leer m\u00e1s<\/a><\/p>\n","protected":false},"author":1,"featured_media":0,"comment_status":"open","ping_status":"open","sticky":false,"template":"","format":"standard","meta":{"_monsterinsights_skip_tracking":false,"_monsterinsights_sitenote_active":false,"_monsterinsights_sitenote_note":"","_monsterinsights_sitenote_category":0,"jetpack_post_was_ever_published":false,"_jetpack_newsletter_access":"","_jetpack_dont_email_post_to_subs":false,"_jetpack_newsletter_tier_id":0,"_jetpack_memberships_contains_paywalled_content":false,"_jetpack_memberships_contains_paid_content":false,"footnotes":"","jetpack_publicize_message":"","jetpack_publicize_feature_enabled":true,"jetpack_social_post_already_shared":false,"jetpack_social_options":{"image_generator_settings":{"template":"highway","default_image_id":0,"font":"","enabled":false},"version":2},"_wpas_customize_per_network":false},"categories":[5],"tags":[243,408],"class_list":["post-4230","post","type-post","status-publish","format-standard","hentry","category-politica","tag-ignacio-respuela","tag-ucr","generate-columns","tablet-grid-50","mobile-grid-100","grid-parent","grid-50"],"jetpack_publicize_connections":[],"jetpack_featured_media_url":"","wps_subtitle":"","jetpack_sharing_enabled":true,"_links":{"self":[{"href":"https:\/\/www.hoymercedes.com.ar\/principal\/wp-json\/wp\/v2\/posts\/4230","targetHints":{"allow":["GET"]}}],"collection":[{"href":"https:\/\/www.hoymercedes.com.ar\/principal\/wp-json\/wp\/v2\/posts"}],"about":[{"href":"https:\/\/www.hoymercedes.com.ar\/principal\/wp-json\/wp\/v2\/types\/post"}],"author":[{"embeddable":true,"href":"https:\/\/www.hoymercedes.com.ar\/principal\/wp-json\/wp\/v2\/users\/1"}],"replies":[{"embeddable":true,"href":"https:\/\/www.hoymercedes.com.ar\/principal\/wp-json\/wp\/v2\/comments?post=4230"}],"version-history":[{"count":0,"href":"https:\/\/www.hoymercedes.com.ar\/principal\/wp-json\/wp\/v2\/posts\/4230\/revisions"}],"wp:attachment":[{"href":"https:\/\/www.hoymercedes.com.ar\/principal\/wp-json\/wp\/v2\/media?parent=4230"}],"wp:term":[{"taxonomy":"category","embeddable":true,"href":"https:\/\/www.hoymercedes.com.ar\/principal\/wp-json\/wp\/v2\/categories?post=4230"},{"taxonomy":"post_tag","embeddable":true,"href":"https:\/\/www.hoymercedes.com.ar\/principal\/wp-json\/wp\/v2\/tags?post=4230"}],"curies":[{"name":"wp","href":"https:\/\/api.w.org\/{rel}","templated":true}]}}