{"id":42323,"date":"2015-06-09T21:52:46","date_gmt":"2015-06-10T00:52:46","guid":{"rendered":"http:\/\/www.hoymercedes.com.ar\/principal\/?p=42323"},"modified":"2015-06-11T22:21:54","modified_gmt":"2015-06-12T01:21:54","slug":"produccion-y-empleo-son-ejes-del-tercer-foro-del-frente-mercedino-para-la-victoria","status":"publish","type":"post","link":"https:\/\/www.hoymercedes.com.ar\/principal\/2015\/06\/09\/produccion-y-empleo-son-ejes-del-tercer-foro-del-frente-mercedino-para-la-victoria\/","title":{"rendered":"\u00abProducci\u00f3n y empleo\u00bb son ejes del tercer foro del Frente Mercedino para la Victoria"},"content":{"rendered":"<p><em><strong>El presidente del bloque de concejales del Frente Mercedino para la Victoria, Juan Ignacio Ustarroz, acompa\u00f1ado de sus equipos t\u00e9cnicos, organizar\u00e1 este jueves la primera reuni\u00f3n formal del foro abierto de Producci\u00f3n y Empleo, el tercer eje tem\u00e1tico que se lanzar\u00e1 tras el desarrollo, la semana pasada, de los de Planificaci\u00f3n y Servicios P\u00fablicos y Seguridad.<\/strong><\/em><\/p>\n<p>El encuentro se llevar\u00e1 adelante el jueves a partir de las 19 en el sal\u00f3n del C\u00edrculo Italiano (22 entre 21 y 23) y contar\u00e1 con la participaci\u00f3n de Andr\u00e9s Elgarrista, subsecretario de Pol\u00edticas Econ\u00f3micas y Gesti\u00f3n de la Peque\u00f1a y Mediana Empresa y Desarrollo Regional (organismo dependiente del Ministerio de Industria de la Naci\u00f3n).<\/p>\n<p>\u201cNuestra ciudad tiene un marcado perfil administrativo. Eso aporta ventajas muy buenas con una base social de inclusi\u00f3n y salarios muy importantes. Pero por la ubicaci\u00f3n estrat\u00e9gica, con la cercan\u00eda al mayor mercado de la Argentina, con las condiciones de infraestructura y con las v\u00edas que pasan, Mercedes puede desarrollarse m\u00e1s desde lo productivo. Eso es fundamental, sobre todo porque genera trabajo como herramienta de inclusi\u00f3n, de seguridad y de realizaci\u00f3n y dignificaci\u00f3n del ser humano\u201d, dijo Ustarroz al momento de presentar p\u00fablicamente los Foros de Participaci\u00f3n Ciudadana.<\/p>\n<p>\u201cEn ese sentido se viene trabajando mucho tambi\u00e9n con el sector privado, porque el municipio debe tener una misi\u00f3n de articulaci\u00f3n y de generaci\u00f3n de pol\u00edticas p\u00fablicas. Esperamos la participaci\u00f3n de todos los interesados en esta propuesta, en la que tambi\u00e9n\u00a0 contaremos con la exposici\u00f3n de un especialista en la materia\u201d, agreg\u00f3.<\/p>\n<p>Al hablar de la idea de los foros, el presidente del bloque de concejales del Frente Mercedino indic\u00f3: \u201cQueremos generar un espacio de encuentro permanente, de reflexi\u00f3n, de intercambio de ideas y experiencias, con una metodolog\u00eda clara, organizadamente, con todos los sectores: vecinos e instituciones. Eso es el concepto que nosotros hemos sintetizado en la idea \u2018Primero Mercedes\u2019\u201d.<\/p>\n<p>La semana pasada, en el de Planificaci\u00f3n y Servicios P\u00fablicos expusieron Santiago Rodr\u00edguez y Federico Robledo (responsables de la Secretar\u00eda de Ciencia, Tecnolog\u00eda y Producci\u00f3n del Ministerio de Defensa de la Naci\u00f3n); el profesor Rodolfo Stanislav (docente especializado en Planificaci\u00f3n Estrat\u00e9gica Urbana y Desarrollo Social); y el arquitecto Diego Aguilar Mazzuca, que forma parte de los equipos t\u00e9cnicos del Frente Mercedino.<\/p>\n<p>Mientras tanto, en el de Seguridad estuvieron como invitados Mauro Vivas (licenciado en Seguridad Ciudadana y docente en la Universidad Nacional de Lan\u00fas y el Instituto Universitario de la Polic\u00eda Federal); Mart\u00edn Santanna (licenciado en Ciencias Pol\u00edticas y de la Administraci\u00f3n, coordinador del equipo de Dise\u00f1o Participativo de Espacios Urbanos Seguros para la Secretar\u00eda de Asuntos Municipales del Ministerio del Interior); y Fernando Florella, responsable de la delegaci\u00f3n local de la Defensor\u00eda del Pueblo bonaerense.<\/p>\n<p>La semana que viene se completar\u00e1 la primera rueda de encuentros de los foros con el lanzamiento del \u00faltimo eje tem\u00e1tico, Deporte y Salud.<\/p>\n<p>\u201cQueremos convocar a todos a trabajar pensando en la ciudad. A aquel vecino que quiere que su barrio mejore; a quienes est\u00e9n en instituciones deportivas, culturales, industriales; poder escuchar, explicar, trabajar en conjunto, porque aun desde las diferencias podemos generar acciones y hechos positivos para la ciudad. Esto, entendemos, es la raz\u00f3n de ser del \u2018Primero Mercedes\u2019, poner ante todo la coincidencia de que todos queremos vivir en una ciudad mejor. Para eso es necesario el esfuerzo de todos los sectores\u201d, cerr\u00f3 Juani.<\/p>\n","protected":false},"excerpt":{"rendered":"<p>El presidente del bloque de concejales del Frente Mercedino para la Victoria, Juan Ignacio Ustarroz, acompa\u00f1ado de sus equipos t\u00e9cnicos, &#8230; <a title=\"\u00abProducci\u00f3n y empleo\u00bb son ejes del tercer foro del Frente Mercedino para la Victoria\" class=\"read-more\" href=\"https:\/\/www.hoymercedes.com.ar\/principal\/2015\/06\/09\/produccion-y-empleo-son-ejes-del-tercer-foro-del-frente-mercedino-para-la-victoria\/\" aria-label=\"Leer m\u00e1s sobre \u00abProducci\u00f3n y empleo\u00bb son ejes del tercer foro del Frente Mercedino para la Victoria\">Leer m\u00e1s<\/a><\/p>\n","protected":false},"author":1,"featured_media":42120,"comment_status":"open","ping_status":"open","sticky":false,"template":"","format":"standard","meta":{"_monsterinsights_skip_tracking":false,"_monsterinsights_sitenote_active":false,"_monsterinsights_sitenote_note":"","_monsterinsights_sitenote_category":0,"jetpack_post_was_ever_published":false,"_jetpack_newsletter_access":"","_jetpack_dont_email_post_to_subs":false,"_jetpack_newsletter_tier_id":0,"_jetpack_memberships_contains_paywalled_content":false,"_jetpack_memberships_contains_paid_content":false,"footnotes":"","jetpack_publicize_message":"","jetpack_publicize_feature_enabled":true,"jetpack_social_post_already_shared":true,"jetpack_social_options":{"image_generator_settings":{"template":"highway","default_image_id":0,"font":"","enabled":false},"version":2},"_wpas_customize_per_network":false},"categories":[5],"tags":[7446,424],"class_list":["post-42323","post","type-post","status-publish","format-standard","has-post-thumbnail","hentry","category-politica","tag-foro-de-empleo","tag-ustarroz","generate-columns","tablet-grid-50","mobile-grid-100","grid-parent","grid-50"],"jetpack_publicize_connections":[],"jetpack_featured_media_url":"https:\/\/www.hoymercedes.com.ar\/principal\/wp-content\/uploads\/2015\/06\/Ustarroz-EquipodeTrabajo.jpg","wps_subtitle":"Planificaci\u00f3n y organizaci\u00f3n ","jetpack_sharing_enabled":true,"jetpack-related-posts":[{"id":42268,"url":"https:\/\/www.hoymercedes.com.ar\/principal\/2015\/06\/06\/seguridad-ciudadana-como-un-eje-del-foro-de-planificacion-del-frente-mercedino\/","url_meta":{"origin":42323,"position":0},"title":"\u00abSeguridad ciudadana\u00bb como un eje del foro de planificaci\u00f3n del Frente Mercedino","author":"hoymercedes","date":"6 junio, 2015","format":false,"excerpt":"La planificaci\u00f3n urbana y el uso de los espacios p\u00fablicos en funci\u00f3n de la seguridad ciudadana fue el eje central en el inicio del foro del \u00e1rea organizado por el Frente Mercedino para la Victoria, este jueves, con la participaci\u00f3n del presidente del bloque de concejales de la agrupaci\u00f3n, Juan\u2026","rel":"","context":"En \u00abCiudad\u00bb","block_context":{"text":"Ciudad","link":"https:\/\/www.hoymercedes.com.ar\/principal\/category\/ciudad\/"},"img":{"alt_text":"","src":"https:\/\/i0.wp.com\/www.hoymercedes.com.ar\/principal\/wp-content\/uploads\/2015\/06\/foro-seguridadciudadana.jpg?resize=350%2C200&ssl=1","width":350,"height":200,"srcset":"https:\/\/i0.wp.com\/www.hoymercedes.com.ar\/principal\/wp-content\/uploads\/2015\/06\/foro-seguridadciudadana.jpg?resize=350%2C200&ssl=1 1x, https:\/\/i0.wp.com\/www.hoymercedes.com.ar\/principal\/wp-content\/uploads\/2015\/06\/foro-seguridadciudadana.jpg?resize=525%2C300&ssl=1 1.5x"},"classes":[]},{"id":42119,"url":"https:\/\/www.hoymercedes.com.ar\/principal\/2015\/06\/01\/ustarroz-y-equipos-tecnicos-lanzan-este-martes-el-foro-de-planificacion\/","url_meta":{"origin":42323,"position":1},"title":"Ustarroz y equipos t\u00e9cnicos lanzan \u00e9ste martes el Foro de Planificaci\u00f3n","author":"hoymercedes","date":"1 junio, 2015","format":false,"excerpt":"El presidente del bloque de concejales del Frente Mercedino para la Victoria, Juan Ignacio Ustarroz, acompa\u00f1ado de sus equipos t\u00e9cnicos, organizar\u00e1 este martes la primera reuni\u00f3n formal del foro abierto de Planificaci\u00f3n y Servicios P\u00fablicos, en el que expondr\u00e1n como invitados Santiago Rodr\u00edguez y Federico Robledo, responsables de la Secretar\u00eda\u2026","rel":"","context":"En \u00abPol\u00edtica\u00bb","block_context":{"text":"Pol\u00edtica","link":"https:\/\/www.hoymercedes.com.ar\/principal\/category\/politica\/"},"img":{"alt_text":"","src":"https:\/\/i0.wp.com\/www.hoymercedes.com.ar\/principal\/wp-content\/uploads\/2015\/06\/Ustarroz-EquipodeTrabajo.jpg?resize=350%2C200&ssl=1","width":350,"height":200,"srcset":"https:\/\/i0.wp.com\/www.hoymercedes.com.ar\/principal\/wp-content\/uploads\/2015\/06\/Ustarroz-EquipodeTrabajo.jpg?resize=350%2C200&ssl=1 1x, https:\/\/i0.wp.com\/www.hoymercedes.com.ar\/principal\/wp-content\/uploads\/2015\/06\/Ustarroz-EquipodeTrabajo.jpg?resize=525%2C300&ssl=1 1.5x"},"classes":[]},{"id":43186,"url":"https:\/\/www.hoymercedes.com.ar\/principal\/2015\/07\/19\/junto-a-juan-maria-traverso-lanza-ustarroz-foro-de-seguridad-vial\/","url_meta":{"origin":42323,"position":2},"title":"Junto a Juan Mar\u00eda Traverso lanza Ustarroz \u00abForo de Seguridad Vial\u00bb","author":"hoymercedes","date":"19 julio, 2015","format":false,"excerpt":"\u00a0 El 'Flaco' Juan Mar\u00eda Traverso, multicampe\u00f3n del Turismo Carretera y Turismo Competici\u00f3n 2000 y uno de los m\u00e1ximos \u00eddolos que ha dado el automovilismo nacional, ser\u00e1 el invitado especial en el Foro de Seguridad Vial que lanzar\u00e1 el lunes el presidente del bloque de concejales y precandidato a intendente\u2026","rel":"","context":"En \u00abPol\u00edtica\u00bb","block_context":{"text":"Pol\u00edtica","link":"https:\/\/www.hoymercedes.com.ar\/principal\/category\/politica\/"},"img":{"alt_text":"","src":"https:\/\/i0.wp.com\/www.hoymercedes.com.ar\/principal\/wp-content\/uploads\/2015\/07\/JuanMariaTraverso.jpg?resize=350%2C200&ssl=1","width":350,"height":200,"srcset":"https:\/\/i0.wp.com\/www.hoymercedes.com.ar\/principal\/wp-content\/uploads\/2015\/07\/JuanMariaTraverso.jpg?resize=350%2C200&ssl=1 1x, https:\/\/i0.wp.com\/www.hoymercedes.com.ar\/principal\/wp-content\/uploads\/2015\/07\/JuanMariaTraverso.jpg?resize=525%2C300&ssl=1 1.5x"},"classes":[]},{"id":43630,"url":"https:\/\/www.hoymercedes.com.ar\/principal\/2015\/08\/04\/con-la-presencia-del-director-del-garrahan-ustarroz-lanza-el-foro-participativo-de-salud\/","url_meta":{"origin":42323,"position":3},"title":"Con la presencia del director del Garrahan, Ustarroz lanza el foro participativo de salud","author":"hoymercedes","date":"4 agosto, 2015","format":false,"excerpt":"\u00a0 El presidente del bloque de concejales y precandidato a intendente del Frente Mercedino para la Victoria, Juan Ignacio Ustarroz, lanzar\u00e1 meste\u00a0martes el Foro de Participaci\u00f3n Ciudadana de Salud con la presencia de importantes invitados, entre ellos el director del prestigioso hospital pedi\u00e1trico Garrahan, Marcelo Sconiparo. El encuentro ser\u00e1 a\u2026","rel":"","context":"En \u00abPol\u00edtica\u00bb","block_context":{"text":"Pol\u00edtica","link":"https:\/\/www.hoymercedes.com.ar\/principal\/category\/politica\/"},"img":{"alt_text":"","src":"https:\/\/i0.wp.com\/www.hoymercedes.com.ar\/principal\/wp-content\/uploads\/2015\/04\/mercedes-hospitalgarrahan.jpg?resize=350%2C200&ssl=1","width":350,"height":200,"srcset":"https:\/\/i0.wp.com\/www.hoymercedes.com.ar\/principal\/wp-content\/uploads\/2015\/04\/mercedes-hospitalgarrahan.jpg?resize=350%2C200&ssl=1 1x, https:\/\/i0.wp.com\/www.hoymercedes.com.ar\/principal\/wp-content\/uploads\/2015\/04\/mercedes-hospitalgarrahan.jpg?resize=525%2C300&ssl=1 1.5x"},"classes":[]},{"id":43653,"url":"https:\/\/www.hoymercedes.com.ar\/principal\/2015\/08\/05\/trabajadores-expresaron-su-apoyo-a-juan-ustarroz-intendente\/","url_meta":{"origin":42323,"position":4},"title":"Trabajadores expresaron su apoyo a Juan Ustarroz intendente","author":"hoymercedes","date":"5 agosto, 2015","format":false,"excerpt":"El presidente del bloque de concejales y precandidato a intendente del Frente Mercedino para la Victoria, Juan Ignacio Ustarroz, recibi\u00f3 el apoyo formal de trabajadores de nuestra ciudad nucleados en distintos sindicatos, durante una cena realizada el martes en la sede local del gremio AEFIP (empleados fiscales). En el encuentro,\u2026","rel":"","context":"En \u00abCiudad\u00bb","block_context":{"text":"Ciudad","link":"https:\/\/www.hoymercedes.com.ar\/principal\/category\/ciudad\/"},"img":{"alt_text":"","src":"https:\/\/i0.wp.com\/www.hoymercedes.com.ar\/principal\/wp-content\/uploads\/2015\/08\/apoyosindical-ustarroz.jpg?resize=350%2C200&ssl=1","width":350,"height":200,"srcset":"https:\/\/i0.wp.com\/www.hoymercedes.com.ar\/principal\/wp-content\/uploads\/2015\/08\/apoyosindical-ustarroz.jpg?resize=350%2C200&ssl=1 1x, https:\/\/i0.wp.com\/www.hoymercedes.com.ar\/principal\/wp-content\/uploads\/2015\/08\/apoyosindical-ustarroz.jpg?resize=525%2C300&ssl=1 1.5x"},"classes":[]},{"id":43673,"url":"https:\/\/www.hoymercedes.com.ar\/principal\/2015\/08\/05\/junto-a-medicos-y-funcionarios-ustarroz-presento-importantes-propuestas-de-salud-en-un-foro-abierto\/","url_meta":{"origin":42323,"position":5},"title":"Junto a m\u00e9dicos y funcionarios, Ustarroz present\u00f3 importantes propuestas de salud en un foro abierto","author":"hoymercedes","date":"5 agosto, 2015","format":false,"excerpt":"La transformaci\u00f3n de la Direcci\u00f3n de Salud en una Secretar\u00eda, la implementaci\u00f3n de una guardia pedi\u00e1trica permanente en el hospital Blas Dubarry y el fortalecimiento y unificaci\u00f3n edilicia de los CAPS surgieron entre las principales propuestas presentadas el martes por el precandidato a intendente del Frente Mercedino para la Victoria,\u2026","rel":"","context":"En \u00abPol\u00edtica\u00bb","block_context":{"text":"Pol\u00edtica","link":"https:\/\/www.hoymercedes.com.ar\/principal\/category\/politica\/"},"img":{"alt_text":"","src":"https:\/\/i0.wp.com\/www.hoymercedes.com.ar\/principal\/wp-content\/uploads\/2015\/08\/forosalud-ustarroz.jpg?resize=350%2C200&ssl=1","width":350,"height":200,"srcset":"https:\/\/i0.wp.com\/www.hoymercedes.com.ar\/principal\/wp-content\/uploads\/2015\/08\/forosalud-ustarroz.jpg?resize=350%2C200&ssl=1 1x, https:\/\/i0.wp.com\/www.hoymercedes.com.ar\/principal\/wp-content\/uploads\/2015\/08\/forosalud-ustarroz.jpg?resize=525%2C300&ssl=1 1.5x"},"classes":[]}],"_links":{"self":[{"href":"https:\/\/www.hoymercedes.com.ar\/principal\/wp-json\/wp\/v2\/posts\/42323","targetHints":{"allow":["GET"]}}],"collection":[{"href":"https:\/\/www.hoymercedes.com.ar\/principal\/wp-json\/wp\/v2\/posts"}],"about":[{"href":"https:\/\/www.hoymercedes.com.ar\/principal\/wp-json\/wp\/v2\/types\/post"}],"author":[{"embeddable":true,"href":"https:\/\/www.hoymercedes.com.ar\/principal\/wp-json\/wp\/v2\/users\/1"}],"replies":[{"embeddable":true,"href":"https:\/\/www.hoymercedes.com.ar\/principal\/wp-json\/wp\/v2\/comments?post=42323"}],"version-history":[{"count":0,"href":"https:\/\/www.hoymercedes.com.ar\/principal\/wp-json\/wp\/v2\/posts\/42323\/revisions"}],"wp:featuredmedia":[{"embeddable":true,"href":"https:\/\/www.hoymercedes.com.ar\/principal\/wp-json\/wp\/v2\/media\/42120"}],"wp:attachment":[{"href":"https:\/\/www.hoymercedes.com.ar\/principal\/wp-json\/wp\/v2\/media?parent=42323"}],"wp:term":[{"taxonomy":"category","embeddable":true,"href":"https:\/\/www.hoymercedes.com.ar\/principal\/wp-json\/wp\/v2\/categories?post=42323"},{"taxonomy":"post_tag","embeddable":true,"href":"https:\/\/www.hoymercedes.com.ar\/principal\/wp-json\/wp\/v2\/tags?post=42323"}],"curies":[{"name":"wp","href":"https:\/\/api.w.org\/{rel}","templated":true}]}}