{"id":42339,"date":"2015-06-11T09:40:53","date_gmt":"2015-06-11T12:40:53","guid":{"rendered":"http:\/\/www.hoymercedes.com.ar\/principal\/?p=42339"},"modified":"2015-06-11T22:37:57","modified_gmt":"2015-06-12T01:37:57","slug":"jose-cestari-en-vicente-lopez-expuso-sobre-el-rol-de-los-partidos-politicos-vecinales","status":"publish","type":"post","link":"https:\/\/www.hoymercedes.com.ar\/principal\/2015\/06\/11\/jose-cestari-en-vicente-lopez-expuso-sobre-el-rol-de-los-partidos-politicos-vecinales\/","title":{"rendered":"Jos\u00e9 Cestari, en Vicente L\u00f3pez, expuso sobre el \u00abrol de los partidos pol\u00edticos vecinales\u00bb"},"content":{"rendered":"<p><a href=\"https:\/\/www.hoymercedes.com.ar\/principal\/wp-content\/uploads\/2015\/06\/josecestari-vicentelopez.jpg\"><img loading=\"lazy\" decoding=\"async\" data-attachment-id=\"42340\" data-permalink=\"https:\/\/www.hoymercedes.com.ar\/principal\/2015\/06\/11\/jose-cestari-en-vicente-lopez-expuso-sobre-el-rol-de-los-partidos-politicos-vecinales\/josecestari-vicentelopez\/#main\" data-orig-file=\"https:\/\/www.hoymercedes.com.ar\/principal\/wp-content\/uploads\/2015\/06\/josecestari-vicentelopez.jpg\" data-orig-size=\"620,603\" data-comments-opened=\"1\" data-image-meta=\"{&quot;aperture&quot;:&quot;0&quot;,&quot;credit&quot;:&quot;&quot;,&quot;camera&quot;:&quot;&quot;,&quot;caption&quot;:&quot;&quot;,&quot;created_timestamp&quot;:&quot;0&quot;,&quot;copyright&quot;:&quot;&quot;,&quot;focal_length&quot;:&quot;0&quot;,&quot;iso&quot;:&quot;0&quot;,&quot;shutter_speed&quot;:&quot;0&quot;,&quot;title&quot;:&quot;&quot;,&quot;orientation&quot;:&quot;0&quot;}\" data-image-title=\"josecestari-vicentelopez\" data-image-description=\"\" data-image-caption=\"\" data-large-file=\"https:\/\/www.hoymercedes.com.ar\/principal\/wp-content\/uploads\/2015\/06\/josecestari-vicentelopez.jpg\" class=\"Img2014 aligncenter wp-image-42340 size-full\" title=\"Jos\u00e9 Cestari\" src=\"https:\/\/www.hoymercedes.com.ar\/principal\/wp-content\/uploads\/2015\/06\/josecestari-vicentelopez.jpg\" alt=\"josecestari-vicentelopez\" width=\"620\" height=\"603\" srcset=\"https:\/\/www.hoymercedes.com.ar\/principal\/wp-content\/uploads\/2015\/06\/josecestari-vicentelopez.jpg 620w, https:\/\/www.hoymercedes.com.ar\/principal\/wp-content\/uploads\/2015\/06\/josecestari-vicentelopez-150x146.jpg 150w, https:\/\/www.hoymercedes.com.ar\/principal\/wp-content\/uploads\/2015\/06\/josecestari-vicentelopez-290x282.jpg 290w, https:\/\/www.hoymercedes.com.ar\/principal\/wp-content\/uploads\/2015\/06\/josecestari-vicentelopez-50x50.jpg 50w\" sizes=\"auto, (max-width: 620px) 100vw, 620px\" \/><\/a><\/p>\n<p><strong><em>El Licenciado Jos\u00e9 Cestari, actual concejal del MIC, fue invitado y particip\u00f3 como exponente en el Foro de la Ciencia y las Artes por la Acci\u00f3n Vecinal Comunal de Vicente L\u00f3pez.<\/em><\/strong><br \/>\nSobre la tem\u00e1tica \u00abEl rol de los Partidos Vecinales en las pr\u00f3ximas elecciones\u00bb comenz\u00f3 la disertaci\u00f3n en un auditorio colmado de p\u00fablico.<br \/>\nLa primera panelista fue la concejal Mariana Colela, anfitriona de Acci\u00f3n Vecinal Comunal del Municipio de Vicente L\u00f3pez quien se refiri\u00f3 a la importancia de los partidos vecinales en el contacto diario con la gente.<br \/>\nLuego habl\u00f3 Felisa Verde Tejedor de Defensa Comunal del Municipio de General Paz &#8211; Ranchos, explic\u00f3 la experiencia en su localidad.<br \/>\nA continuaci\u00f3n Ricardo Ivoskus, del Partido Honestidad y Trabajo del Municipio de San Mart\u00edn, realiz\u00f3 una s\u00edntesis de sus tres per\u00edodos como intendente.<br \/>\nComo cierre habl\u00f3 el precandidato a intendente de Mercedes, por el Frente Cambiemos, Jos\u00e9 Cestari, qui\u00e9n se explay\u00f3 sobre la experiencia mercedina del MIC en el 2013, que permiti\u00f3 el acceso a dos bancas de concejales compitiendo electoralmente contra el selvismo y La C\u00e1mpora. La metodolog\u00eda de trabajo del vecinalismo, escuchando a la gente, recorriendo el territorio y presentando propuestas para mejorar la calidad de vida de los ciudadanos.<br \/>\nEl acercamiento al PRO a fines del 2013 fue por una metodolog\u00eda de trabajo similar, que Jorge Macri lo sintetiz\u00f3 cuando pas\u00f3 por Mercedes en octubre de 2014 \u00abEl Pro es un gran vecinalismo\u00bb.<br \/>\nLuego el concejal mercedino dijo \u00abLa gente quiere que la escuchen y el dirigente pol\u00edtico tiene que hablarle con racionalidad, con sinceridad y fundamentalmente con el coraz\u00f3n, se viene el cambio cultural, pero esto no ocurrir\u00e1 de un d\u00eda para otro y no solo depende de los gobernantes sino fundamentalmente del compromiso ciudadano.<br \/>\nPor \u00faltimo habl\u00f3 el intendente de Vicente L\u00f3pez, Jorge Macri, haciendo hincapi\u00e9 en la pluralidad de este espacio y el rol del vecinalismo en el mismo.<br \/>\nEl profesor Jos\u00e9 Cestari agradeci\u00f3 a la organizadora del evento, Mariana Colela, y fundamentalmente a Jorge Macri por la invitaci\u00f3n a este importante evento y el apoyo brindado al precandidato mercedino que participar\u00e1 en la EPAOS del pr\u00f3ximo domingo 9 de agosto.<\/p>\n<p>&nbsp;<\/p>\n<p>&nbsp;<\/p>\n","protected":false},"excerpt":{"rendered":"<p>El Licenciado Jos\u00e9 Cestari, actual concejal del MIC, fue invitado y particip\u00f3 como exponente en el Foro de la Ciencia &#8230; <a title=\"Jos\u00e9 Cestari, en Vicente L\u00f3pez, expuso sobre el \u00abrol de los partidos pol\u00edticos vecinales\u00bb\" class=\"read-more\" href=\"https:\/\/www.hoymercedes.com.ar\/principal\/2015\/06\/11\/jose-cestari-en-vicente-lopez-expuso-sobre-el-rol-de-los-partidos-politicos-vecinales\/\" aria-label=\"Leer m\u00e1s sobre Jos\u00e9 Cestari, en Vicente L\u00f3pez, expuso sobre el \u00abrol de los partidos pol\u00edticos vecinales\u00bb\">Leer m\u00e1s<\/a><\/p>\n","protected":false},"author":1,"featured_media":42340,"comment_status":"open","ping_status":"open","sticky":false,"template":"","format":"standard","meta":{"_monsterinsights_skip_tracking":false,"_monsterinsights_sitenote_active":false,"_monsterinsights_sitenote_note":"","_monsterinsights_sitenote_category":0,"jetpack_post_was_ever_published":false,"_jetpack_newsletter_access":"","_jetpack_dont_email_post_to_subs":false,"_jetpack_newsletter_tier_id":0,"_jetpack_memberships_contains_paywalled_content":false,"_jetpack_memberships_contains_paid_content":false,"footnotes":"","jetpack_publicize_message":"","jetpack_publicize_feature_enabled":true,"jetpack_social_post_already_shared":true,"jetpack_social_options":{"image_generator_settings":{"template":"highway","default_image_id":0,"font":"","enabled":false},"version":2},"_wpas_customize_per_network":false},"categories":[5],"tags":[321],"class_list":["post-42339","post","type-post","status-publish","format-standard","has-post-thumbnail","hentry","category-politica","tag-jose-cestari","generate-columns","tablet-grid-50","mobile-grid-100","grid-parent","grid-50"],"jetpack_publicize_connections":[],"jetpack_featured_media_url":"https:\/\/www.hoymercedes.com.ar\/principal\/wp-content\/uploads\/2015\/06\/josecestari-vicentelopez.jpg","wps_subtitle":"Pol\u00edtica y armado electoral","jetpack_sharing_enabled":true,"jetpack-related-posts":[{"id":39772,"url":"https:\/\/www.hoymercedes.com.ar\/principal\/2015\/02\/25\/mic-pro-junto-a-jorge-macri-en-encuentro-en-pilar\/","url_meta":{"origin":42339,"position":0},"title":"MIC-PRO junto a Jorge Macri en encuentro en Pilar","author":"hoymercedes","date":"25 febrero, 2015","format":false,"excerpt":"El precandidato a intendente, Jos\u00e9 Cestari, fue invitado por el precandidato a intendente de Pilar, Nicol\u00e1s Ducote, el d\u00eda martes 24 de febrero en horas de la tarde noche, para participar de una charla pol\u00edtica con al actual intendente de Vicente L\u00f3pez Jorge Macri. Fueron oradores del evento Nicol\u00e1s Ducote\u2026","rel":"","context":"En \u00abSociedad\u00bb","block_context":{"text":"Sociedad","link":"https:\/\/www.hoymercedes.com.ar\/principal\/category\/sociedad\/"},"img":{"alt_text":"cestari-jorgemacri-pilar","src":"https:\/\/i0.wp.com\/www.hoymercedes.com.ar\/principal\/wp-content\/uploads\/2015\/02\/cestari-jorgemacri-pilar.jpg?resize=350%2C200","width":350,"height":200,"srcset":"https:\/\/i0.wp.com\/www.hoymercedes.com.ar\/principal\/wp-content\/uploads\/2015\/02\/cestari-jorgemacri-pilar.jpg?resize=350%2C200 1x, https:\/\/i0.wp.com\/www.hoymercedes.com.ar\/principal\/wp-content\/uploads\/2015\/02\/cestari-jorgemacri-pilar.jpg?resize=525%2C300 1.5x"},"classes":[]},{"id":52231,"url":"https:\/\/www.hoymercedes.com.ar\/principal\/2016\/07\/07\/ante-los-reclamos-vecinales-cestari-presenta-proyectos\/","url_meta":{"origin":42339,"position":1},"title":"Ante los reclamos vecinales Cestari presenta proyectos","author":"hoymercedes","date":"7 julio, 2016","format":false,"excerpt":"El concejal del monobloque Agrupaci\u00f3n Vecinal Mercedina, Jos\u00e9 Cestari, sigue visitando vecinos, recorriendo el territorio y presentando proyectos en el HCD para mejorar la calidad de vida de los mercedinos. As\u00ed es como present\u00f3 un proyecto por la falta de luminaria en Avenida 2 y calle 11. \u201cTeniendo en cuenta\u2026","rel":"","context":"En \u00abCiudad\u00bb","block_context":{"text":"Ciudad","link":"https:\/\/www.hoymercedes.com.ar\/principal\/category\/ciudad\/"},"img":{"alt_text":"","src":"https:\/\/i0.wp.com\/www.hoymercedes.com.ar\/principal\/wp-content\/uploads\/2016\/07\/infierno.jpg?resize=350%2C200&ssl=1","width":350,"height":200,"srcset":"https:\/\/i0.wp.com\/www.hoymercedes.com.ar\/principal\/wp-content\/uploads\/2016\/07\/infierno.jpg?resize=350%2C200&ssl=1 1x, https:\/\/i0.wp.com\/www.hoymercedes.com.ar\/principal\/wp-content\/uploads\/2016\/07\/infierno.jpg?resize=525%2C300&ssl=1 1.5x"},"classes":[]},{"id":42657,"url":"https:\/\/www.hoymercedes.com.ar\/principal\/2015\/06\/28\/cestari-junto-al-pro-provincial-y-presentacion-de-candidatos-locales\/","url_meta":{"origin":42339,"position":2},"title":"Cestari junto al PRO Provincial y presentaci\u00f3n de candidatos locales","author":"hoymercedes","date":"28 junio, 2015","format":false,"excerpt":"El candidato a intendente por el MIC-PRO, Jos\u00e9 Cestari, llevar\u00e1 a cabo el pr\u00f3ximo mi\u00e9rcoles la presentaci\u00f3n de candidatos de su espacio que participar\u00e1n de la interna del \"Frente Cambiemos\". A su vez fue parte de una joranda de capacitaci\u00f3n en Vicente L\u00f3pez junto a parte de la plana mayor\u2026","rel":"","context":"En \u00abPol\u00edtica\u00bb","block_context":{"text":"Pol\u00edtica","link":"https:\/\/www.hoymercedes.com.ar\/principal\/category\/politica\/"},"img":{"alt_text":"","src":"https:\/\/i0.wp.com\/www.hoymercedes.com.ar\/principal\/wp-content\/uploads\/2015\/06\/cestari-vidal.jpg?resize=350%2C200&ssl=1","width":350,"height":200,"srcset":"https:\/\/i0.wp.com\/www.hoymercedes.com.ar\/principal\/wp-content\/uploads\/2015\/06\/cestari-vidal.jpg?resize=350%2C200&ssl=1 1x, https:\/\/i0.wp.com\/www.hoymercedes.com.ar\/principal\/wp-content\/uploads\/2015\/06\/cestari-vidal.jpg?resize=525%2C300&ssl=1 1.5x"},"classes":[]},{"id":29467,"url":"https:\/\/www.hoymercedes.com.ar\/principal\/2014\/01\/26\/lopez-si-algo-se-arma-en-el-frente-renovador-me-encantaria-armarlo\/","url_meta":{"origin":42339,"position":3},"title":"L\u00f3pez: \u201cSi algo se arma en el Frente Renovador me encantar\u00eda armarlo\u00bb","author":"hoymercedes","date":"26 enero, 2014","format":false,"excerpt":"El Secretario de Gobierno de la Municipalidad de Mercedes mantuvo un extenso di\u00e1logo con HoyMercedes.com donde trat\u00f3 diversos conceptos de inter\u00e9s. Desde la formaci\u00f3n de \"Radicales Massistas\" al Estacionamiento medido, desde el \"Delf\u00edn selvista\" a la reaparici\u00f3n de Castelucci o el MIC.\u00a0\u201cSi algo se arma en el Frente Renovador me\u2026","rel":"","context":"En \u00abSociedad\u00bb","block_context":{"text":"Sociedad","link":"https:\/\/www.hoymercedes.com.ar\/principal\/category\/sociedad\/"},"img":{"alt_text":"SergioLopez-2014 (2)","src":"https:\/\/i0.wp.com\/www.hoymercedes.com.ar\/principal\/wp-content\/uploads\/2014\/01\/SergioLopez-2014-21.jpg?resize=350%2C200","width":350,"height":200,"srcset":"https:\/\/i0.wp.com\/www.hoymercedes.com.ar\/principal\/wp-content\/uploads\/2014\/01\/SergioLopez-2014-21.jpg?resize=350%2C200 1x, https:\/\/i0.wp.com\/www.hoymercedes.com.ar\/principal\/wp-content\/uploads\/2014\/01\/SergioLopez-2014-21.jpg?resize=525%2C300 1.5x"},"classes":[]},{"id":67659,"url":"https:\/\/www.hoymercedes.com.ar\/principal\/2017\/09\/26\/cestari-el-control-efectivo-por-parte-del-municipio-sera-clave\/","url_meta":{"origin":42339,"position":4},"title":"Cestari: \u00abEl control efectivo por parte del Municipio ser\u00e1 clave\u00bb","author":"hoymercedes","date":"26 septiembre, 2017","format":false,"excerpt":"En la sesi\u00f3n ordinaria del lunes pasado, los legisladores de Mercedes aprobaron por unanimidad la\u00a0Ordenanza que declara a todo el partido de Mercedes \u201cTerritorio libre de Pirotecnia sonora\u201d. Al d\u00eda siguiente, sobre el tema, el Concejal Jos\u00e9 Cestari (Agrupaci\u00f3n Vecinal Mercedes) emiti\u00f3 su opini\u00f3n ante los medios de comunicaci\u00f3n. \u201cCelebro\u2026","rel":"","context":"En \u00abPol\u00edtica\u00bb","block_context":{"text":"Pol\u00edtica","link":"https:\/\/www.hoymercedes.com.ar\/principal\/category\/politica\/"},"img":{"alt_text":"","src":"https:\/\/i0.wp.com\/www.hoymercedes.com.ar\/principal\/wp-content\/uploads\/2017\/09\/26-cestari-sesion-pirotecni-0.jpg?resize=350%2C200&ssl=1","width":350,"height":200,"srcset":"https:\/\/i0.wp.com\/www.hoymercedes.com.ar\/principal\/wp-content\/uploads\/2017\/09\/26-cestari-sesion-pirotecni-0.jpg?resize=350%2C200&ssl=1 1x, https:\/\/i0.wp.com\/www.hoymercedes.com.ar\/principal\/wp-content\/uploads\/2017\/09\/26-cestari-sesion-pirotecni-0.jpg?resize=525%2C300&ssl=1 1.5x"},"classes":[]},{"id":45430,"url":"https:\/\/www.hoymercedes.com.ar\/principal\/2015\/10\/20\/mercedes-independiente-comunai-mic-reclama-la-renuncia-de-jose-cestari\/","url_meta":{"origin":42339,"position":5},"title":"Mercedes Independiente ComunaI (MIC) reclama la renuncia de Jos\u00e9 Cestari","author":"hoymercedes","date":"20 octubre, 2015","format":false,"excerpt":"Debido a una nota donde se invoc\u00f3 por parte de nuestro partido la decisi\u00f3n de acompa\u00f1ar al Frente Para la Victoria, la cual es mentira, se decide comunicar que la misma fue expresa solamente por el Sr. Jos\u00e9 Cestari. Ni la comisi\u00f3n directiva, ni el MIC en s\u00ed, apoyan total\u2026","rel":"","context":"En \u00abPol\u00edtica\u00bb","block_context":{"text":"Pol\u00edtica","link":"https:\/\/www.hoymercedes.com.ar\/principal\/category\/politica\/"},"img":{"alt_text":"","src":"","width":0,"height":0},"classes":[]}],"_links":{"self":[{"href":"https:\/\/www.hoymercedes.com.ar\/principal\/wp-json\/wp\/v2\/posts\/42339","targetHints":{"allow":["GET"]}}],"collection":[{"href":"https:\/\/www.hoymercedes.com.ar\/principal\/wp-json\/wp\/v2\/posts"}],"about":[{"href":"https:\/\/www.hoymercedes.com.ar\/principal\/wp-json\/wp\/v2\/types\/post"}],"author":[{"embeddable":true,"href":"https:\/\/www.hoymercedes.com.ar\/principal\/wp-json\/wp\/v2\/users\/1"}],"replies":[{"embeddable":true,"href":"https:\/\/www.hoymercedes.com.ar\/principal\/wp-json\/wp\/v2\/comments?post=42339"}],"version-history":[{"count":0,"href":"https:\/\/www.hoymercedes.com.ar\/principal\/wp-json\/wp\/v2\/posts\/42339\/revisions"}],"wp:featuredmedia":[{"embeddable":true,"href":"https:\/\/www.hoymercedes.com.ar\/principal\/wp-json\/wp\/v2\/media\/42340"}],"wp:attachment":[{"href":"https:\/\/www.hoymercedes.com.ar\/principal\/wp-json\/wp\/v2\/media?parent=42339"}],"wp:term":[{"taxonomy":"category","embeddable":true,"href":"https:\/\/www.hoymercedes.com.ar\/principal\/wp-json\/wp\/v2\/categories?post=42339"},{"taxonomy":"post_tag","embeddable":true,"href":"https:\/\/www.hoymercedes.com.ar\/principal\/wp-json\/wp\/v2\/tags?post=42339"}],"curies":[{"name":"wp","href":"https:\/\/api.w.org\/{rel}","templated":true}]}}