{"id":4234,"date":"2011-05-13T01:50:51","date_gmt":"2011-05-13T01:50:51","guid":{"rendered":"http:\/\/www.hoymercedes.com.ar\/principal\/?p=4234"},"modified":"2011-05-13T01:50:51","modified_gmt":"2011-05-13T01:50:51","slug":"una-nueva-sede-para-el-museo-y-archivo-historico-judicial-departamental-mercedes","status":"publish","type":"post","link":"https:\/\/www.hoymercedes.com.ar\/principal\/2011\/05\/13\/una-nueva-sede-para-el-museo-y-archivo-historico-judicial-departamental-mercedes\/","title":{"rendered":"Una nueva sede para el Museo y Archivo Hist\u00f3rico Judicial Departamental Mercedes"},"content":{"rendered":"<p>El Departamento Judicial Mercedes contar\u00e1  a partir del mes de junio con un nuevo sector que ha sido construido por la Suprema Corte de Justicia de la Provincia destinado al Museo y Archivo Hist\u00f3rico Judicial que en la actualidad funciona en un espacio muy reducido en calle 25 entre 26 y 28 que impiden a sus responsables concretar muchas de las iniciativas que pueden ser muy bien aprovechadas por la poblaci\u00f3n de nuestro medio.<\/p>\n<p>Alejandro Molle, actual responsable del Museo y Archivo Departamental Mercedes precis\u00f3 \u201chace muy pocos d\u00edas la empresa a la cual la Suprema Corte de Justicia bonaerense otorg\u00f3 la construcci\u00f3n de la nueva dependencia en la misma sede actual de calle 25 entre 26 y 28 entreg\u00f3 la misma ya terminada restando ahora solo algunos detalles m\u00ednimos para que se encuentre en condiciones de colocarle todo el mobiliario necesario y proceder a su inauguraci\u00f3n.<\/p>\n<p>Realmente para nuestro Museo y Archivo Hist\u00f3rico Departamental era una obra muy esperada ya que nos permite realizar una serie de actividades que hasta el momento no pod\u00edamos concretar por falta de un espacio f\u00edsico adecuado y en tal sentido desde hace tiempo ven\u00edamos reclamando al gobierno provincial a trav\u00e9s de las autoridades de la Suprema Corte que construyeran un lugar alternativo o bien un dependencia complementaria a la actual que disponemos ubicada al lado del Juzgado en la calle 25.<\/p>\n<p>Como lo sostuve esta construcci\u00f3n nos va a permitir concretar una serie de actividades hasta el momento postergadas como por ejemplo poner en exhibici\u00f3n ciertos elementos que hacen a la historia del Departamento Judicial y al mismo tiempo nos da la posibi9lidad de utilizar el lugar como una peque\u00f1a aula para el dictado de diferentes cursos y adem\u00e1s para que los investigadores  que vengan a trabajar, es decir a consultar el material que nosotros disponemos tengan la comodidad necesaria para hacerlo con total tranquilidad.<\/p>\n<p>Tal vez el vecino de Mercedes pueda entender que se trata de una obra para un uso espec\u00edfico de determinados profesionales, pero no es as\u00ed ya que las puertas de nuestro Museo y Archivo est\u00e1n abiertas a cualquier persona que tenga inter\u00e9s en consultar alg\u00fan dato, o conocer algo diferente en cualquiera de los temas que competen al accionar judicial de nuestro Departamento en la provincia, el nuestro es un organismo que tiene como finalidad principal la de preservar el patrimonio del Poder Judicial en particular de Mercedes que por cierto data desde el a\u00f1o 1854 contando m\u00e1s all\u00e1 de objetos o mobiliario de tipo hist\u00f3rico tenemos en nuestro poder documentaci\u00f3n muy valiosa que data desde 1816 cuando ten\u00edamos la antigua Alcaid\u00eda de Hermandad\u201d<\/p>\n<p>Consultado posteriormente acerca de la posible fecha de inauguraci\u00f3n, Alejandro Molle sostuvo \u201cnosotros no somos los que la ponemos, solo tenemos como deber tener todo listo, es decir las instalaciones presentables para una inauguraci\u00f3n, a partir de ello es la Suprema Corte qui\u00e9n decide.<\/p>\n<p>Por supuesto que por el momento tenemos la sala vac\u00eda y que nos va a llevar un tiempo de una o dos semanas dejar todo listo, para ello ya contamos con el mobiliario necesario as\u00ed que una vez completados los peque\u00f1os detalles que faltan a la obra nos pondremos a trabajar entendiendo que la inauguraci\u00f3n no podr\u00e1 demorarse m\u00e1s all\u00e1 del mes de junio muy posiblemente con la presencia de autoridades provinciales pero eso es algo que tampoco por el momento se nos ha informado\u201d<\/p>\n<p>&nbsp;<\/p>\n","protected":false},"excerpt":{"rendered":"<p>El Departamento Judicial Mercedes contar\u00e1 a partir del mes de junio con un nuevo sector que ha sido construido por &#8230; <a title=\"Una nueva sede para el Museo y Archivo Hist\u00f3rico Judicial Departamental Mercedes\" class=\"read-more\" href=\"https:\/\/www.hoymercedes.com.ar\/principal\/2011\/05\/13\/una-nueva-sede-para-el-museo-y-archivo-historico-judicial-departamental-mercedes\/\" aria-label=\"Leer m\u00e1s sobre Una nueva sede para el Museo y Archivo Hist\u00f3rico Judicial Departamental Mercedes\">Leer m\u00e1s<\/a><\/p>\n","protected":false},"author":1,"featured_media":0,"comment_status":"open","ping_status":"open","sticky":false,"template":"","format":"standard","meta":{"_monsterinsights_skip_tracking":false,"_monsterinsights_sitenote_active":false,"_monsterinsights_sitenote_note":"","_monsterinsights_sitenote_category":0,"jetpack_post_was_ever_published":false,"_jetpack_newsletter_access":"","_jetpack_dont_email_post_to_subs":false,"_jetpack_newsletter_tier_id":0,"_jetpack_memberships_contains_paywalled_content":false,"_jetpack_memberships_contains_paid_content":false,"footnotes":"","jetpack_publicize_message":"","jetpack_publicize_feature_enabled":true,"jetpack_social_post_already_shared":false,"jetpack_social_options":{"image_generator_settings":{"template":"highway","default_image_id":0,"font":"","enabled":false},"version":2},"_wpas_customize_per_network":false},"categories":[8],"tags":[523,10,798],"class_list":["post-4234","post","type-post","status-publish","format-standard","hentry","category-sociedad","tag-judiciales","tag-mercedes","tag-museo","generate-columns","tablet-grid-50","mobile-grid-100","grid-parent","grid-50"],"jetpack_publicize_connections":[],"jetpack_featured_media_url":"","wps_subtitle":"","jetpack_sharing_enabled":true,"_links":{"self":[{"href":"https:\/\/www.hoymercedes.com.ar\/principal\/wp-json\/wp\/v2\/posts\/4234","targetHints":{"allow":["GET"]}}],"collection":[{"href":"https:\/\/www.hoymercedes.com.ar\/principal\/wp-json\/wp\/v2\/posts"}],"about":[{"href":"https:\/\/www.hoymercedes.com.ar\/principal\/wp-json\/wp\/v2\/types\/post"}],"author":[{"embeddable":true,"href":"https:\/\/www.hoymercedes.com.ar\/principal\/wp-json\/wp\/v2\/users\/1"}],"replies":[{"embeddable":true,"href":"https:\/\/www.hoymercedes.com.ar\/principal\/wp-json\/wp\/v2\/comments?post=4234"}],"version-history":[{"count":0,"href":"https:\/\/www.hoymercedes.com.ar\/principal\/wp-json\/wp\/v2\/posts\/4234\/revisions"}],"wp:attachment":[{"href":"https:\/\/www.hoymercedes.com.ar\/principal\/wp-json\/wp\/v2\/media?parent=4234"}],"wp:term":[{"taxonomy":"category","embeddable":true,"href":"https:\/\/www.hoymercedes.com.ar\/principal\/wp-json\/wp\/v2\/categories?post=4234"},{"taxonomy":"post_tag","embeddable":true,"href":"https:\/\/www.hoymercedes.com.ar\/principal\/wp-json\/wp\/v2\/tags?post=4234"}],"curies":[{"name":"wp","href":"https:\/\/api.w.org\/{rel}","templated":true}]}}