{"id":42347,"date":"2015-06-11T19:20:25","date_gmt":"2015-06-11T22:20:25","guid":{"rendered":"http:\/\/www.hoymercedes.com.ar\/principal\/?p=42347"},"modified":"2015-06-12T19:16:18","modified_gmt":"2015-06-12T22:16:18","slug":"pasantias-para-estudiantes-en-el-hcd-un-proyecto-del-frente-mercedino","status":"publish","type":"post","link":"https:\/\/www.hoymercedes.com.ar\/principal\/2015\/06\/11\/pasantias-para-estudiantes-en-el-hcd-un-proyecto-del-frente-mercedino\/","title":{"rendered":"Pasant\u00edas para estudiantes en el HCD un proyecto del Frente Mercedino"},"content":{"rendered":"<p><em><strong>Los estudiantes que cursen el \u00faltimo a\u00f1o del secundario podr\u00e1n hacer distintas pasant\u00edas y pr\u00e1cticas formativas en el Honorable Concejo Deliberante, si prospera un proyecto de ordenanza en tal sentido presentado por el bloque del Frente Mercedino para la Victoria.<\/strong><\/em><\/p>\n<p>\u201cTenemos que sumar todas las herramientas posibles al proceso formativo de nuestros j\u00f3venes \u2013expres\u00f3 la concejala Celeste Burone, del bloque del Frente Mercedino-. Y en ese sentido, hacer pr\u00e1cticas en un \u00e1mbito como el Honorable Concejo Deliberante nos parece una posibilidad muy interesante para los chicos de nuestra ciudad\u201d.<\/p>\n<p>\u201cA partir de esto fue que presentamos un proyecto para crear un espacio dentro del Concejo Deliberante que les sirva para hacer pasant\u00edas y distintas pr\u00e1cticas \u2013agreg\u00f3 la edil del bloque que preside Juan Ignacio Ustarroz-. La idea apunta, como dijimos, a los j\u00f3venes que cursen el \u00faltimo a\u00f1o del secundario en todas las escuelas de Mercedes\u201d.<\/p>\n<p>El proyecto fue ideado en conjunto por Burone y su compa\u00f1era de bancada Marianela \u2018Nela\u2019 Arenillas, una de las principales referentes de la juventud del Frente Mercedino.<\/p>\n<p>\u201cHay muchos chicos que conocen el trabajo que se realiza en el Concejo, tanto en sus comisiones como en las sesiones en s\u00ed, porque vienen a visitarnos con sus profesores o sus colegios \u2013explic\u00f3 \u2018Nela\u2019-. Pero hay muchos otros que no conocen esta labor y es importante no solo desde la construcci\u00f3n de ciudadan\u00eda, sino tambi\u00e9n desde la orientaci\u00f3n que despierta hacia su participaci\u00f3n pol\u00edtica, m\u00e1s all\u00e1 de los espacios\u201d.<\/p>\n<p>\u201cEl Concejo es uno de los primeros pasos institucionales que damos los j\u00f3venes cuando nos incorporamos a la pol\u00edtica y una pasant\u00eda suele ser determinante a la hora de elegir una carrera, una vocaci\u00f3n, una orientaci\u00f3n profesional\u201d, agreg\u00f3.<\/p>\n<p>El proyecto presentado por el Frente Mercedino para la Victoria le da al Presidente del HCD (actualmente Marcelo Den\u00e1pole, del bloque oficialista) la potestad de reglamentar personal afectado para recibir a los j\u00f3venes, establecer d\u00edas y horarios disponibles y determinar la modalidad priorizando el concepto de servicio e inclusi\u00f3n formativa.<\/p>\n<p>En este momento el proyecto de ordenanza se encuentra en comisi\u00f3n a la espera de ser trabajada por los distintos equipos de concejales. \u201cConfiamos en que en breve tiempo contemos con su aprobaci\u00f3n y nuestro \u00e1mbito legislativo se constituya como un lugar m\u00e1s de pr\u00e1cticas estudiantiles\u201d, cerraron Burone y Arenillas.<\/p>\n","protected":false},"excerpt":{"rendered":"<p>Los estudiantes que cursen el \u00faltimo a\u00f1o del secundario podr\u00e1n hacer distintas pasant\u00edas y pr\u00e1cticas formativas en el Honorable Concejo &#8230; <a title=\"Pasant\u00edas para estudiantes en el HCD un proyecto del Frente Mercedino\" class=\"read-more\" href=\"https:\/\/www.hoymercedes.com.ar\/principal\/2015\/06\/11\/pasantias-para-estudiantes-en-el-hcd-un-proyecto-del-frente-mercedino\/\" aria-label=\"Leer m\u00e1s sobre Pasant\u00edas para estudiantes en el HCD un proyecto del Frente Mercedino\">Leer m\u00e1s<\/a><\/p>\n","protected":false},"author":1,"featured_media":37740,"comment_status":"open","ping_status":"open","sticky":false,"template":"","format":"standard","meta":{"_monsterinsights_skip_tracking":false,"_monsterinsights_sitenote_active":false,"_monsterinsights_sitenote_note":"","_monsterinsights_sitenote_category":0,"jetpack_post_was_ever_published":false,"_jetpack_newsletter_access":"","_jetpack_dont_email_post_to_subs":false,"_jetpack_newsletter_tier_id":0,"_jetpack_memberships_contains_paywalled_content":false,"_jetpack_memberships_contains_paid_content":false,"footnotes":"","jetpack_publicize_message":"","jetpack_publicize_feature_enabled":true,"jetpack_social_post_already_shared":true,"jetpack_social_options":{"image_generator_settings":{"template":"highway","default_image_id":0,"font":"","enabled":false},"version":2},"_wpas_customize_per_network":false},"categories":[11],"tags":[],"class_list":["post-42347","post","type-post","status-publish","format-standard","has-post-thumbnail","hentry","category-ciudad","generate-columns","tablet-grid-50","mobile-grid-100","grid-parent","grid-50"],"jetpack_publicize_connections":[],"jetpack_featured_media_url":"https:\/\/www.hoymercedes.com.ar\/principal\/wp-content\/uploads\/2014\/11\/frentemercedino.jpg","wps_subtitle":"Espacio deliberativo","jetpack_sharing_enabled":true,"_links":{"self":[{"href":"https:\/\/www.hoymercedes.com.ar\/principal\/wp-json\/wp\/v2\/posts\/42347","targetHints":{"allow":["GET"]}}],"collection":[{"href":"https:\/\/www.hoymercedes.com.ar\/principal\/wp-json\/wp\/v2\/posts"}],"about":[{"href":"https:\/\/www.hoymercedes.com.ar\/principal\/wp-json\/wp\/v2\/types\/post"}],"author":[{"embeddable":true,"href":"https:\/\/www.hoymercedes.com.ar\/principal\/wp-json\/wp\/v2\/users\/1"}],"replies":[{"embeddable":true,"href":"https:\/\/www.hoymercedes.com.ar\/principal\/wp-json\/wp\/v2\/comments?post=42347"}],"version-history":[{"count":0,"href":"https:\/\/www.hoymercedes.com.ar\/principal\/wp-json\/wp\/v2\/posts\/42347\/revisions"}],"wp:featuredmedia":[{"embeddable":true,"href":"https:\/\/www.hoymercedes.com.ar\/principal\/wp-json\/wp\/v2\/media\/37740"}],"wp:attachment":[{"href":"https:\/\/www.hoymercedes.com.ar\/principal\/wp-json\/wp\/v2\/media?parent=42347"}],"wp:term":[{"taxonomy":"category","embeddable":true,"href":"https:\/\/www.hoymercedes.com.ar\/principal\/wp-json\/wp\/v2\/categories?post=42347"},{"taxonomy":"post_tag","embeddable":true,"href":"https:\/\/www.hoymercedes.com.ar\/principal\/wp-json\/wp\/v2\/tags?post=42347"}],"curies":[{"name":"wp","href":"https:\/\/api.w.org\/{rel}","templated":true}]}}