{"id":42349,"date":"2015-06-11T21:06:17","date_gmt":"2015-06-12T00:06:17","guid":{"rendered":"http:\/\/www.hoymercedes.com.ar\/principal\/?p=42349"},"modified":"2015-06-12T19:16:46","modified_gmt":"2015-06-12T22:16:46","slug":"encuesta-blanco-cp-muestra-fuerte-crecimiento-de-lucas-fal","status":"publish","type":"post","link":"https:\/\/www.hoymercedes.com.ar\/principal\/2015\/06\/11\/encuesta-blanco-cp-muestra-fuerte-crecimiento-de-lucas-fal\/","title":{"rendered":"Encuesta \u00abBlanco CP\u00bb muestra fuerte crecimiento de Lucas Fal"},"content":{"rendered":"<p><a href=\"https:\/\/www.hoymercedes.com.ar\/principal\/wp-content\/uploads\/2015\/06\/encuesta-fal.jpg\"><img loading=\"lazy\" decoding=\"async\" data-attachment-id=\"42350\" data-permalink=\"https:\/\/www.hoymercedes.com.ar\/principal\/2015\/06\/11\/encuesta-blanco-cp-muestra-fuerte-crecimiento-de-lucas-fal\/encuesta-fal\/#main\" data-orig-file=\"https:\/\/www.hoymercedes.com.ar\/principal\/wp-content\/uploads\/2015\/06\/encuesta-fal.jpg\" data-orig-size=\"620,493\" data-comments-opened=\"1\" data-image-meta=\"{&quot;aperture&quot;:&quot;0&quot;,&quot;credit&quot;:&quot;&quot;,&quot;camera&quot;:&quot;&quot;,&quot;caption&quot;:&quot;&quot;,&quot;created_timestamp&quot;:&quot;0&quot;,&quot;copyright&quot;:&quot;&quot;,&quot;focal_length&quot;:&quot;0&quot;,&quot;iso&quot;:&quot;0&quot;,&quot;shutter_speed&quot;:&quot;0&quot;,&quot;title&quot;:&quot;&quot;,&quot;orientation&quot;:&quot;0&quot;}\" data-image-title=\"encuesta-fal\" data-image-description=\"\" data-image-caption=\"\" data-large-file=\"https:\/\/www.hoymercedes.com.ar\/principal\/wp-content\/uploads\/2015\/06\/encuesta-fal.jpg\" class=\"Img2014 aligncenter wp-image-42350 size-full\" title=\"Encuesta Blanco Lucas Fal, Carlos Selva, Juan Ustarroz, Jos\u00e9 Cestari\" src=\"https:\/\/www.hoymercedes.com.ar\/principal\/wp-content\/uploads\/2015\/06\/encuesta-fal.jpg\" alt=\"encuesta-fal\" width=\"620\" height=\"493\" srcset=\"https:\/\/www.hoymercedes.com.ar\/principal\/wp-content\/uploads\/2015\/06\/encuesta-fal.jpg 620w, https:\/\/www.hoymercedes.com.ar\/principal\/wp-content\/uploads\/2015\/06\/encuesta-fal-150x119.jpg 150w, https:\/\/www.hoymercedes.com.ar\/principal\/wp-content\/uploads\/2015\/06\/encuesta-fal-290x231.jpg 290w, https:\/\/www.hoymercedes.com.ar\/principal\/wp-content\/uploads\/2015\/06\/encuesta-fal-50x40.jpg 50w\" sizes=\"auto, (max-width: 620px) 100vw, 620px\" \/><\/a><\/p>\n<p><em><strong>Se dieron a conocer datos de la consultora Blanco CP, en donde Lucas Fal, se ubica tercero y con un crecimiento constante, si se\u00a0 suman los\u00a0 datos de quienes participaran de la interna UCR-PRO alcanzan el segundo lugar en la general, luego de Ustarroz, dejando en tercer lugar al actual Intendente Selva.<\/strong><\/em><\/p>\n<p>Seg\u00fan la consultora privada Blanco CP, quien realizo la segunda medici\u00f3n de intenci\u00f3n de votos de los candidatos a Intendente de la ciudad,\u00a0\u00a0 la primera hab\u00eda sido en el mes de febrero en donde\u00a0 arrojaba los siguientes resultados con el 23,2% lidera la lista Juan Ignacio Ustarroz (FPV), en segundo lugar se ubica con un 22,3% Carlos Selva (FR), el tercer lugar queda para Lucas Fal (UCR)con un total de 7,7%. La cuarta ubicaci\u00f3n es para Castelucci (A.J) con el 7,2%, en quinto lugar est\u00e1 Jos\u00e9 Cestari (MIC) con un 7%.<\/p>\n<p><a href=\"https:\/\/www.hoymercedes.com.ar\/principal\/wp-content\/uploads\/2015\/06\/encuesta-2015.jpg\"><img loading=\"lazy\" decoding=\"async\" data-attachment-id=\"42351\" data-permalink=\"https:\/\/www.hoymercedes.com.ar\/principal\/2015\/06\/11\/encuesta-blanco-cp-muestra-fuerte-crecimiento-de-lucas-fal\/encuesta-2015\/#main\" data-orig-file=\"https:\/\/www.hoymercedes.com.ar\/principal\/wp-content\/uploads\/2015\/06\/encuesta-2015.jpg\" data-orig-size=\"620,331\" data-comments-opened=\"1\" data-image-meta=\"{&quot;aperture&quot;:&quot;0&quot;,&quot;credit&quot;:&quot;&quot;,&quot;camera&quot;:&quot;&quot;,&quot;caption&quot;:&quot;&quot;,&quot;created_timestamp&quot;:&quot;0&quot;,&quot;copyright&quot;:&quot;&quot;,&quot;focal_length&quot;:&quot;0&quot;,&quot;iso&quot;:&quot;0&quot;,&quot;shutter_speed&quot;:&quot;0&quot;,&quot;title&quot;:&quot;&quot;,&quot;orientation&quot;:&quot;0&quot;}\" data-image-title=\"encuesta-2015\" data-image-description=\"\" data-image-caption=\"\" data-large-file=\"https:\/\/www.hoymercedes.com.ar\/principal\/wp-content\/uploads\/2015\/06\/encuesta-2015.jpg\" class=\"Img2014 aligncenter wp-image-42351 size-full\" src=\"https:\/\/www.hoymercedes.com.ar\/principal\/wp-content\/uploads\/2015\/06\/encuesta-2015.jpg\" alt=\"encuesta-2015\" width=\"620\" height=\"331\" srcset=\"https:\/\/www.hoymercedes.com.ar\/principal\/wp-content\/uploads\/2015\/06\/encuesta-2015.jpg 620w, https:\/\/www.hoymercedes.com.ar\/principal\/wp-content\/uploads\/2015\/06\/encuesta-2015-150x80.jpg 150w, https:\/\/www.hoymercedes.com.ar\/principal\/wp-content\/uploads\/2015\/06\/encuesta-2015-290x155.jpg 290w, https:\/\/www.hoymercedes.com.ar\/principal\/wp-content\/uploads\/2015\/06\/encuesta-2015-50x27.jpg 50w\" sizes=\"auto, (max-width: 620px) 100vw, 620px\" \/><\/a><\/p>\n<p>Luego de 3 meses los guarismos son otros dando como resultado\u00a0 el 29% lidera la lista Juan Ignacio Ustarroz (FPV), en segundo lugar se ubica con un 18% Carlos Selva (FR), el tercer lugar queda para Lucas Fal (UCR) con un total de 10,8%. La cuarta ubicaci\u00f3n es para Jos\u00e9 Cestari (MIC) con el 8,1%, en quinto lugar est\u00e1 Benitez (PRO) con un 4,7%, el sexto lugar es para Castelucci (A.J) 4,2%, mientras un 6,9% de los mercedinos opta por otras candidaturas y un 17,2% a\u00fan no tienen decidido su voto. El resultado obtenido muestra un cambio importante en comparaci\u00f3n con nuestra \u00faltima medici\u00f3n del mes de Febrero. En los tres meses transcurridos desde entonces, Ustarroz creci\u00f3 un 5,8% en intenci\u00f3n de voto, mientras que Selva cay\u00f3 4,3%. Por lo que la diferencia en favor de Ustarroz que en febrero era de tan s\u00f3lo 0,9% se ampli\u00f3 a 11%. Por otro lado quien tambi\u00e9n ampli\u00f3 su ventaja sobre su inmediato competidor fue Lucas Fal, que en febrero superaba a Cestari por un escaso 0,7%, y en la nueva medici\u00f3n extendi\u00f3 la diferencia a 2,7%.<\/p>\n<p>De mantenerse esta proyecci\u00f3n en agosto ubicar\u00eda a Fal en un empate t\u00e9cnico con Selva. Otro de los an\u00e1lisis que se pueden ver con respecto al estos n\u00fameros es que ya con Massa definido como candidato aPresidente y que tendr\u00e1 a Selva compitiendo por el Frente Renovador ; sumando los datos de los candidatos de la Interna UCR-PRO (Fal, Cestari, Benitez, Flores y Pirotta) suman casi el 25% de los votos, quedando en la general\u00a0 en segundo lugar y dejando tercero al actual Intendente. Esta interna mostrar\u00eda que Fal ganar\u00eda con el 43,7 % Cestari adquirir\u00eda el 32,7 % Benitez el 19% y Pirotta ultimo con el 4,4 %.-<\/p>\n<p>&nbsp;<\/p>\n<p>&nbsp;<\/p>\n","protected":false},"excerpt":{"rendered":"<p>Se dieron a conocer datos de la consultora Blanco CP, en donde Lucas Fal, se ubica tercero y con un &#8230; <a title=\"Encuesta \u00abBlanco CP\u00bb muestra fuerte crecimiento de Lucas Fal\" class=\"read-more\" href=\"https:\/\/www.hoymercedes.com.ar\/principal\/2015\/06\/11\/encuesta-blanco-cp-muestra-fuerte-crecimiento-de-lucas-fal\/\" aria-label=\"Leer m\u00e1s sobre Encuesta \u00abBlanco CP\u00bb muestra fuerte crecimiento de Lucas Fal\">Leer m\u00e1s<\/a><\/p>\n","protected":false},"author":1,"featured_media":42350,"comment_status":"open","ping_status":"open","sticky":false,"template":"","format":"standard","meta":{"_monsterinsights_skip_tracking":false,"_monsterinsights_sitenote_active":false,"_monsterinsights_sitenote_note":"","_monsterinsights_sitenote_category":0,"jetpack_post_was_ever_published":false,"_jetpack_newsletter_access":"","_jetpack_dont_email_post_to_subs":false,"_jetpack_newsletter_tier_id":0,"_jetpack_memberships_contains_paywalled_content":false,"_jetpack_memberships_contains_paid_content":false,"footnotes":"","jetpack_publicize_message":"","jetpack_publicize_feature_enabled":true,"jetpack_social_post_already_shared":true,"jetpack_social_options":{"image_generator_settings":{"template":"highway","default_image_id":0,"font":"","enabled":false},"version":2},"_wpas_customize_per_network":false},"categories":[5],"tags":[39,7449,1293,321,585],"class_list":["post-42349","post","type-post","status-publish","format-standard","has-post-thumbnail","hentry","category-politica","tag-carlos-selva","tag-encuesta-blanco-lucas-fal","tag-encuesta-mercedes","tag-jose-cestari","tag-juan-ustarroz","generate-columns","tablet-grid-50","mobile-grid-100","grid-parent","grid-50"],"jetpack_publicize_connections":[],"jetpack_featured_media_url":"https:\/\/www.hoymercedes.com.ar\/principal\/wp-content\/uploads\/2015\/06\/encuesta-fal.jpg","wps_subtitle":"Elecciones 2015","jetpack_sharing_enabled":true,"_links":{"self":[{"href":"https:\/\/www.hoymercedes.com.ar\/principal\/wp-json\/wp\/v2\/posts\/42349","targetHints":{"allow":["GET"]}}],"collection":[{"href":"https:\/\/www.hoymercedes.com.ar\/principal\/wp-json\/wp\/v2\/posts"}],"about":[{"href":"https:\/\/www.hoymercedes.com.ar\/principal\/wp-json\/wp\/v2\/types\/post"}],"author":[{"embeddable":true,"href":"https:\/\/www.hoymercedes.com.ar\/principal\/wp-json\/wp\/v2\/users\/1"}],"replies":[{"embeddable":true,"href":"https:\/\/www.hoymercedes.com.ar\/principal\/wp-json\/wp\/v2\/comments?post=42349"}],"version-history":[{"count":0,"href":"https:\/\/www.hoymercedes.com.ar\/principal\/wp-json\/wp\/v2\/posts\/42349\/revisions"}],"wp:featuredmedia":[{"embeddable":true,"href":"https:\/\/www.hoymercedes.com.ar\/principal\/wp-json\/wp\/v2\/media\/42350"}],"wp:attachment":[{"href":"https:\/\/www.hoymercedes.com.ar\/principal\/wp-json\/wp\/v2\/media?parent=42349"}],"wp:term":[{"taxonomy":"category","embeddable":true,"href":"https:\/\/www.hoymercedes.com.ar\/principal\/wp-json\/wp\/v2\/categories?post=42349"},{"taxonomy":"post_tag","embeddable":true,"href":"https:\/\/www.hoymercedes.com.ar\/principal\/wp-json\/wp\/v2\/tags?post=42349"}],"curies":[{"name":"wp","href":"https:\/\/api.w.org\/{rel}","templated":true}]}}