{"id":4237,"date":"2011-05-13T01:52:38","date_gmt":"2011-05-13T01:52:38","guid":{"rendered":"http:\/\/www.hoymercedes.com.ar\/principal\/?p=4237"},"modified":"2011-05-13T01:52:38","modified_gmt":"2011-05-13T01:52:38","slug":"el-hospital-en-el-barrio-san-martin","status":"publish","type":"post","link":"https:\/\/www.hoymercedes.com.ar\/principal\/2011\/05\/13\/el-hospital-en-el-barrio-san-martin\/","title":{"rendered":"El Hospital en el barrio San Mart\u00edn"},"content":{"rendered":"<p>Continuando con las tareas iniciadas a comienzo de a\u00f1o por el Hospital Blas L Dubarry de salir a los diferentes barrios dela ciudad para apoyar de aluna manera los trabajos que se llevan a cabo en materia de salud en los Centros de Atenci\u00f3n Primaria (CAPS) ayer se hicieron presentes en el Salon Multiuso del Barrio San Mart\u00edn.<\/p>\n<p>Concurrieron el director del nosocomio Rodolfo Principi, el Dr. S\u00e1nchez Pacheco, un grupo de enfermeras y vacunadoras, la presidente de la federaci\u00f3n de Sociedades de Fomento Alejandra Santana y representantes del \u00e1rea social del hospital para evacuar consultas que los vecinos del lugar formularon.<\/p>\n<p>El Dr. Rodolfo Principi sostuvo \u201cle estamos dando continuidad a la tarea que dimos comienzo al principio de a\u00f1o cuando decidimos salir con nuestro centro asistencial a los barrios para evacuar los problemas posibles de salud que se presenten en los mismos.<\/p>\n<p>Hoy hemos concurrido al barrio San Mart\u00edn donde viven muchos vecinos a trabajar en el Sal\u00f3n Multiuso que construy\u00f3 el municipio para continuar con los planes de atenci\u00f3n integral haciendo junto al Dr. S\u00e1nchez Pacheco, enfermeras, personal de asistencia social, la presidente de la Federaci\u00f3n de Sociedades de Fomento que se ha sumado a nosotros en esta tarea desde el mismo momento en que se regulariz\u00f3 la situaci\u00f3n de dicha entidad.<\/p>\n<p>Hacemos esta recorrida para brindar la mayor cantidad de informaci\u00f3n posible acerca de los beneficios y accesos de salud que estos vecinos pueden tener, incluso tratamos relacionados con la obtenci\u00f3n de pensiones y adem\u00e1s abordamos temas relacionados de manera propiamente dicha con la situaci\u00f3n en general del barrio, es decir  cuales son sus principales necesidades y como podemos de alguna manera ayudar a resolver dichas necesidades.<\/p>\n<p>&nbsp;<\/p>\n<p>Todo esto se vuelca a una mesa com\u00fan con el intendente para resolver como se vuelve a trabajar en el barrio y es por eso la importancia que est\u00e1 adquiriendo la presencia de Alejandra Santana junto a nosotros.<\/p>\n<p>&nbsp;<\/p>\n<p>Como se puede observar siempre hay gente que se acerca a realizar diferentes consultas, yo digo en broma que siempre tenemos clientela pero esto es algo muy especial no ya tanto desde el punto de vista sanitario sino del social porque vemos que siempre nos esperan y por eso hoy por la tarde  otro equipo se presentar\u00e1 en Goldney para concluir la tarea all\u00ed comenzada en dicho lugar.<\/p>\n<p>Vamos a proseguir con estas salidas visitando otros sectores, por ejemplo volveremos al Barrio Marchetti y luego tenemos un diagrama que lo est\u00e1 manejando Alejandra (Santana) junto a otra gente del hospital convocando a los vecinos en escuelas, salones multiuso, sedes de sociedades de fomento, salas de primeros auxilios o simplemente en cualquier casa del barrio\u201d.<\/p>\n<p>Por su parte la presidente de la Federaci\u00f3n de Fomentistas manifest\u00f3 \u201cluego de la recomposici\u00f3n efectuada en la Federaci\u00f3n comenzamos a cumplir con una de las pautas que nos fijamos, estar en los barrios junto con representantes de diferentes \u00e1reas municipales, de la salud o sociales para escuchar a los vecinos y as\u00ed ver en que podemos ayudarlos, especialmente en aquellos sectores donde residen personas de pocos recursos.<\/p>\n<p>Hoy estamos trabajando con el Hospital en un \u00e1rea muy necesitada en muchos de los barrios como es la salud con una muy buena respuesta\u201d.<\/p>\n<p>Por \u00faltimo el Dr. S\u00e1nchez Pacheco precis\u00f3 \u201cindudablemente que la problem\u00e1tica de las vacunas para a ser una de las m\u00e1s importantes que debemos tratar en los barrios, hay muchas libretas sanitaria de chicos sin los esquemas de vacunaci\u00f3n completos y eso hay que hacerlo cuanto antes por todo lo que ello significa y puede llegar a acarrear.<\/p>\n<p>Gracias al Director del Hospital y al intendente Carlos Selva nosotros podemos llegar a los diferentes sectores de la poblaci\u00f3n en principio con la soluci\u00f3n para algunos de los problemas que los mismos pueden tener y por cierto contamos con una muy buen respuesta de parte delos vecinos porque cada vez que vamos aun lugar hay gente esperando nuestra llegada\u201d<\/p>\n<p>&nbsp;<\/p>\n","protected":false},"excerpt":{"rendered":"<p>Continuando con las tareas iniciadas a comienzo de a\u00f1o por el Hospital Blas L Dubarry de salir a los diferentes &#8230; <a title=\"El Hospital en el barrio San Mart\u00edn\" class=\"read-more\" href=\"https:\/\/www.hoymercedes.com.ar\/principal\/2011\/05\/13\/el-hospital-en-el-barrio-san-martin\/\" aria-label=\"Leer m\u00e1s sobre El Hospital en el barrio San Mart\u00edn\">Leer m\u00e1s<\/a><\/p>\n","protected":false},"author":1,"featured_media":0,"comment_status":"open","ping_status":"open","sticky":false,"template":"","format":"standard","meta":{"_monsterinsights_skip_tracking":false,"_monsterinsights_sitenote_active":false,"_monsterinsights_sitenote_note":"","_monsterinsights_sitenote_category":0,"jetpack_post_was_ever_published":false,"_jetpack_newsletter_access":"","_jetpack_dont_email_post_to_subs":false,"_jetpack_newsletter_tier_id":0,"_jetpack_memberships_contains_paywalled_content":false,"_jetpack_memberships_contains_paid_content":false,"footnotes":"","jetpack_publicize_message":"","jetpack_publicize_feature_enabled":true,"jetpack_social_post_already_shared":false,"jetpack_social_options":{"image_generator_settings":{"template":"highway","default_image_id":0,"font":"","enabled":false},"version":2},"_wpas_customize_per_network":false},"categories":[8],"tags":[140],"class_list":["post-4237","post","type-post","status-publish","format-standard","hentry","category-sociedad","tag-hospital-dubarry","generate-columns","tablet-grid-50","mobile-grid-100","grid-parent","grid-50"],"jetpack_publicize_connections":[],"jetpack_featured_media_url":"","wps_subtitle":"","jetpack_sharing_enabled":true,"_links":{"self":[{"href":"https:\/\/www.hoymercedes.com.ar\/principal\/wp-json\/wp\/v2\/posts\/4237","targetHints":{"allow":["GET"]}}],"collection":[{"href":"https:\/\/www.hoymercedes.com.ar\/principal\/wp-json\/wp\/v2\/posts"}],"about":[{"href":"https:\/\/www.hoymercedes.com.ar\/principal\/wp-json\/wp\/v2\/types\/post"}],"author":[{"embeddable":true,"href":"https:\/\/www.hoymercedes.com.ar\/principal\/wp-json\/wp\/v2\/users\/1"}],"replies":[{"embeddable":true,"href":"https:\/\/www.hoymercedes.com.ar\/principal\/wp-json\/wp\/v2\/comments?post=4237"}],"version-history":[{"count":0,"href":"https:\/\/www.hoymercedes.com.ar\/principal\/wp-json\/wp\/v2\/posts\/4237\/revisions"}],"wp:attachment":[{"href":"https:\/\/www.hoymercedes.com.ar\/principal\/wp-json\/wp\/v2\/media?parent=4237"}],"wp:term":[{"taxonomy":"category","embeddable":true,"href":"https:\/\/www.hoymercedes.com.ar\/principal\/wp-json\/wp\/v2\/categories?post=4237"},{"taxonomy":"post_tag","embeddable":true,"href":"https:\/\/www.hoymercedes.com.ar\/principal\/wp-json\/wp\/v2\/tags?post=4237"}],"curies":[{"name":"wp","href":"https:\/\/api.w.org\/{rel}","templated":true}]}}