{"id":42375,"date":"2015-06-12T19:13:59","date_gmt":"2015-06-12T22:13:59","guid":{"rendered":"http:\/\/www.hoymercedes.com.ar\/principal\/?p=42375"},"modified":"2015-06-14T20:05:43","modified_gmt":"2015-06-14T23:05:43","slug":"los-jovenes-debaten-el-futuro-de-la-ciudad-en-un-encuentro-promovido-por-juani-ustarroz","status":"publish","type":"post","link":"https:\/\/www.hoymercedes.com.ar\/principal\/2015\/06\/12\/los-jovenes-debaten-el-futuro-de-la-ciudad-en-un-encuentro-promovido-por-juani-ustarroz\/","title":{"rendered":"Los j\u00f3venes debaten el futuro de la ciudad en un encuentro promovido por Juani Ustarroz"},"content":{"rendered":"<p><em><strong>\u201cHacia d\u00f3nde vamos, qu\u00e9 ciudad queremos\u201d. Ese ser\u00e1 el eje de un encuentro de j\u00f3venes de nuestra ciudad promovido por el presidente del bloque de concejales del Frente Mercedino para la Victoria, Juan Ignacio Ustarroz, y que tendr\u00e1 lugar este s\u00e1bado, a partir de las 18, en la sede de la calle 28 del club Comunicaciones.<\/strong><\/em><\/p>\n<p>Aunque los convocantes con los principales referentes de la juventud del Frente Mercedino, la propuesta est\u00e1 abierta \u201ca todos aquellos que quieran participar, m\u00e1s all\u00e1 de ideolog\u00edas o pertenencias partidarias, porque la idea principal es escuchar a todos, generar un espacio de reflexi\u00f3n y de debate tal como lo hacemos con los Foros de Participaci\u00f3n Ciudadana o en tantos otros de nuestros encuentros\u201d, explic\u00f3 Ustarroz.<\/p>\n<p>Habr\u00e1 ejes tem\u00e1ticos: Salud, Cultura, Medio Ambiente, G\u00e9nero, Educaci\u00f3n, Vivienda, Trabajo \u201cy todos aquellos temas que tengan relevancia en la vida de los vecinos de nuestra ciudad. Ser\u00e1 un debate abierto y luego del cual se dejar\u00e1n por escrito todas las propuestas que surjan\u201d, dijo Santiago Altube, uno de los organizadores.<\/p>\n<p>Del equipo de realizaci\u00f3n del encuentro forman parte tambi\u00e9n los referentes juveniles de las argupaciones que componen el Frente Mercedino, entre ellos Jos\u00e9 Luis Pisano (Socialismo para la Victoria), C\u00e9sar Zalazar (Casa Joven) y Mart\u00edn Alvarez (Pasos Previos).<\/p>\n<p>\u201cM\u00e1s all\u00e1 de los an\u00e1lisis que siempre surgen respecto de la realidad pol\u00edtica nacional, tendremos un anclaje claro sobre la actualidad de Mercedes pero no para quedarnos en la cr\u00edtica, sino para trazar proyecciones realizables en cada uno de los aspectos de la ciudad\u201d, agreg\u00f3 la concejala Marianela Arenillas, tambi\u00e9n parte de la organizaci\u00f3n.<\/p>\n<p>\u201cSobre la base de nuestra idea principal, \u2018Primero Mercedes\u2019, esperamos contar con la participaci\u00f3n de muchos j\u00f3venes de la ciudad m\u00e1s all\u00e1 de que formen parte o no de este espacio pol\u00edtico. La apertura es fundamental para la incorporaci\u00f3n de ideas nuevas y para la generaci\u00f3n de un debate, que es de donde surgen los proyectos m\u00e1s amplios \u2013agreg\u00f3 Arenillas-. El reciente plenario del Frente Mercedino fue un ejemplo en ese sentido, con mesas de participaci\u00f3n, y queremos replicarlo con todos los j\u00f3venes de nuestra ciudad\u201d.<\/p>\n<p>En efecto, m\u00e1s de 400 vecinos participaron d\u00edas atr\u00e1s de un plenario de ideas organizado por el Frente Mercedino para la Victoria, en la que a trav\u00e9s de distintas comisiones de debati\u00f3 sobre distintos aspectos de la actualidad local y en el que Juani Ustarroz convoc\u00f3 a \u201cconstruir entre todos el sue\u00f1o colectivo de tener cada d\u00eda una ciudad mejor\u201d.<\/p>\n<p>\u201cVamos a seguir siendo un proyecto de puertas abiertas, de debate, de reflexi\u00f3n, de participaci\u00f3n. Por eso queremos que se sumen todos los vecinos de Mercedes, porque todas las ideas son valiosas y es la \u00fanica forma de llevar adelante el sue\u00f1o colectivo de tener una ciudad mejor cada d\u00eda. Para nosotros, para nuestros hijos, para todos\u201d, cerr\u00f3 entonces el m\u00e1ximo referente del Frente Mercedino.<\/p>\n","protected":false},"excerpt":{"rendered":"<p>\u201cHacia d\u00f3nde vamos, qu\u00e9 ciudad queremos\u201d. Ese ser\u00e1 el eje de un encuentro de j\u00f3venes de nuestra ciudad promovido por &#8230; <a title=\"Los j\u00f3venes debaten el futuro de la ciudad en un encuentro promovido por Juani Ustarroz\" class=\"read-more\" href=\"https:\/\/www.hoymercedes.com.ar\/principal\/2015\/06\/12\/los-jovenes-debaten-el-futuro-de-la-ciudad-en-un-encuentro-promovido-por-juani-ustarroz\/\" aria-label=\"Leer m\u00e1s sobre Los j\u00f3venes debaten el futuro de la ciudad en un encuentro promovido por Juani Ustarroz\">Leer m\u00e1s<\/a><\/p>\n","protected":false},"author":1,"featured_media":40162,"comment_status":"open","ping_status":"open","sticky":false,"template":"","format":"standard","meta":{"_monsterinsights_skip_tracking":false,"_monsterinsights_sitenote_active":false,"_monsterinsights_sitenote_note":"","_monsterinsights_sitenote_category":0,"jetpack_post_was_ever_published":false,"_jetpack_newsletter_access":"","_jetpack_dont_email_post_to_subs":false,"_jetpack_newsletter_tier_id":0,"_jetpack_memberships_contains_paywalled_content":false,"_jetpack_memberships_contains_paid_content":false,"footnotes":"","jetpack_publicize_message":"","jetpack_publicize_feature_enabled":true,"jetpack_social_post_already_shared":true,"jetpack_social_options":{"image_generator_settings":{"template":"highway","default_image_id":0,"font":"","enabled":false},"version":2},"_wpas_customize_per_network":false},"categories":[5],"tags":[585,2184],"class_list":["post-42375","post","type-post","status-publish","format-standard","has-post-thumbnail","hentry","category-politica","tag-juan-ustarroz","tag-juventud-mercedes","generate-columns","tablet-grid-50","mobile-grid-100","grid-parent","grid-50"],"jetpack_publicize_connections":[],"jetpack_featured_media_url":"https:\/\/www.hoymercedes.com.ar\/principal\/wp-content\/uploads\/2015\/03\/ustarroz-juan-frentemercedino.jpg","wps_subtitle":"Encuentro juventud","jetpack_sharing_enabled":true,"jetpack-related-posts":[{"id":168501,"url":"https:\/\/www.hoymercedes.com.ar\/principal\/2023\/10\/19\/arranco-el-intercolegial-deportivo-en-el-parque-municipal\/","url_meta":{"origin":42375,"position":0},"title":"Arranc\u00f3 el intercolegial deportivo en el Parque Municipal","author":"hoymercedes","date":"19 octubre, 2023","format":false,"excerpt":"El Municipio de Mercedes mediante las \u00e1reas de deportes y juventud, y a trav\u00e9s de las instituciones educativas de la ciudad, llev\u00f3 adelante un encuentro deportivo intercolegial en el CEMUADRA (Centro Municipal de Actividades Deportivas y Alternativas) en el parque nuevo de nuestra ciudad. Del mismo, participaron cientos de j\u00f3venes\u2026","rel":"","context":"En \u00abDeportes\u00bb","block_context":{"text":"Deportes","link":"https:\/\/www.hoymercedes.com.ar\/principal\/category\/deportes\/"},"img":{"alt_text":"Inter colegial deportivo","src":"https:\/\/i0.wp.com\/www.hoymercedes.com.ar\/principal\/wp-content\/uploads\/2023\/10\/0H0A8447.jpg?resize=350%2C200&ssl=1","width":350,"height":200,"srcset":"https:\/\/i0.wp.com\/www.hoymercedes.com.ar\/principal\/wp-content\/uploads\/2023\/10\/0H0A8447.jpg?resize=350%2C200&ssl=1 1x, https:\/\/i0.wp.com\/www.hoymercedes.com.ar\/principal\/wp-content\/uploads\/2023\/10\/0H0A8447.jpg?resize=525%2C300&ssl=1 1.5x, https:\/\/i0.wp.com\/www.hoymercedes.com.ar\/principal\/wp-content\/uploads\/2023\/10\/0H0A8447.jpg?resize=700%2C400&ssl=1 2x, https:\/\/i0.wp.com\/www.hoymercedes.com.ar\/principal\/wp-content\/uploads\/2023\/10\/0H0A8447.jpg?resize=1050%2C600&ssl=1 3x"},"classes":[]},{"id":155254,"url":"https:\/\/www.hoymercedes.com.ar\/principal\/2022\/11\/11\/presentaron-con-las-juventudes-como-protagonistas-la-nueva-pista-de-skate\/","url_meta":{"origin":42375,"position":1},"title":"Presentaron con las juventudes como protagonistas la nueva pista de Skate","author":"hoymercedes","date":"11 noviembre, 2022","format":false,"excerpt":"Presentaron con las juventudes como protagonistas la nueva pista de Skate","rel":"","context":"En \u00abMunicipio\u00bb","block_context":{"text":"Municipio","link":"https:\/\/www.hoymercedes.com.ar\/principal\/category\/municipio\/"},"img":{"alt_text":"","src":"https:\/\/i0.wp.com\/www.hoymercedes.com.ar\/principal\/wp-content\/uploads\/2022\/11\/DSC05826.jpg?resize=350%2C200&ssl=1","width":350,"height":200,"srcset":"https:\/\/i0.wp.com\/www.hoymercedes.com.ar\/principal\/wp-content\/uploads\/2022\/11\/DSC05826.jpg?resize=350%2C200&ssl=1 1x, https:\/\/i0.wp.com\/www.hoymercedes.com.ar\/principal\/wp-content\/uploads\/2022\/11\/DSC05826.jpg?resize=525%2C300&ssl=1 1.5x, https:\/\/i0.wp.com\/www.hoymercedes.com.ar\/principal\/wp-content\/uploads\/2022\/11\/DSC05826.jpg?resize=700%2C400&ssl=1 2x, https:\/\/i0.wp.com\/www.hoymercedes.com.ar\/principal\/wp-content\/uploads\/2022\/11\/DSC05826.jpg?resize=1050%2C600&ssl=1 3x"},"classes":[]},{"id":173233,"url":"https:\/\/www.hoymercedes.com.ar\/principal\/2024\/02\/22\/municipio-y-centro-de-formacion-laboral-firman-convenio-para-cursos-y-talleres-gratuitos\/","url_meta":{"origin":42375,"position":2},"title":"Municipio y Centro de Formaci\u00f3n Laboral firman convenio para cursos y talleres gratuitos","author":"hoymercedes","date":"22 febrero, 2024","format":false,"excerpt":"En el marco del programa Mercedes Aprende Unida se firm\u00f3 el convenio. Fueron parte el intendente Ustarroz, las \u00e1reas de Juventud, Desarrollo de la Comunidad y el reconocido Centro de Formaci\u00f3n Laboral N\u00b0403. Tras el encuentro se inicia el camino para poder llevar adelante cursos y talleres, capacitaciones en oficios\u2026","rel":"","context":"En \u00abEducaci\u00f3n\u00bb","block_context":{"text":"Educaci\u00f3n","link":"https:\/\/www.hoymercedes.com.ar\/principal\/category\/educacion\/"},"img":{"alt_text":"Municipio y Centro de Formaci\u00f3n Laboral firman convenio para cursos y talleres gratuitos","src":"https:\/\/i0.wp.com\/www.hoymercedes.com.ar\/principal\/wp-content\/uploads\/2024\/02\/DSC05966.jpg?resize=350%2C200&ssl=1","width":350,"height":200,"srcset":"https:\/\/i0.wp.com\/www.hoymercedes.com.ar\/principal\/wp-content\/uploads\/2024\/02\/DSC05966.jpg?resize=350%2C200&ssl=1 1x, https:\/\/i0.wp.com\/www.hoymercedes.com.ar\/principal\/wp-content\/uploads\/2024\/02\/DSC05966.jpg?resize=525%2C300&ssl=1 1.5x, https:\/\/i0.wp.com\/www.hoymercedes.com.ar\/principal\/wp-content\/uploads\/2024\/02\/DSC05966.jpg?resize=700%2C400&ssl=1 2x, https:\/\/i0.wp.com\/www.hoymercedes.com.ar\/principal\/wp-content\/uploads\/2024\/02\/DSC05966.jpg?resize=1050%2C600&ssl=1 3x"},"classes":[]},{"id":4949,"url":"https:\/\/www.hoymercedes.com.ar\/principal\/2011\/06\/12\/importante-y-multitudinario-acto-del-frente-mercedino-para-la-victoria\/","url_meta":{"origin":42375,"position":3},"title":"Importante y multitudinario acto del Frente Mercedino para la Victoria","author":"hoymercedes","date":"12 junio, 2011","format":false,"excerpt":"Con un multitudinario acto, como hac\u00eda a\u00f1os no se ve\u00edan en la ciudad, alrededor de 1300 personas concurrieron a la cena realizada por el Frente Mercedino en el club Uni\u00f3n. \u201cEs imponente ver como la juventud dice presente a este proyecto transformador de la ciudad\u201d, dijo un emocionado Ustarroz. Cada\u2026","rel":"","context":"En \u00abPol\u00edtica\u00bb","block_context":{"text":"Pol\u00edtica","link":"https:\/\/www.hoymercedes.com.ar\/principal\/category\/politica\/"},"img":{"alt_text":"","src":"https:\/\/i0.wp.com\/www.hoymercedes.com.ar\/principal\/wp-content\/uploads\/2011\/06\/MHM_6054.jpg?resize=350%2C200","width":350,"height":200,"srcset":"https:\/\/i0.wp.com\/www.hoymercedes.com.ar\/principal\/wp-content\/uploads\/2011\/06\/MHM_6054.jpg?resize=350%2C200 1x, https:\/\/i0.wp.com\/www.hoymercedes.com.ar\/principal\/wp-content\/uploads\/2011\/06\/MHM_6054.jpg?resize=525%2C300 1.5x"},"classes":[]},{"id":15239,"url":"https:\/\/www.hoymercedes.com.ar\/principal\/2012\/08\/13\/la-campora-y-frente-mercedino-satisfechos-tras-convocatoria\/","url_meta":{"origin":42375,"position":4},"title":"La C\u00e1mpora y Frente Mercedino satisfechos tras convocatoria","author":"hoymercedes","date":"13 agosto, 2012","format":false,"excerpt":"Desde el espacio pol\u00edtico local del Frente Mercedino para la Victoria y La C\u00e1mpora hacen conocer a la comunidad su satisfacci\u00f3n luego de un encuentro desarrollado. Al respecto, el espacio pol\u00edtico manifiesta: Tal cual se anunci\u00f3, \u00a0tuvo lugar el encuentro de la juventud de La C\u00e1mpora y el Frente Mercedino\u2026","rel":"","context":"En \u00abPol\u00edtica\u00bb","block_context":{"text":"Pol\u00edtica","link":"https:\/\/www.hoymercedes.com.ar\/principal\/category\/politica\/"},"img":{"alt_text":"","src":"https:\/\/i0.wp.com\/www.hoymercedes.com.ar\/principal\/wp-content\/uploads\/2012\/08\/juanijuventud.jpg?resize=350%2C200","width":350,"height":200,"srcset":"https:\/\/i0.wp.com\/www.hoymercedes.com.ar\/principal\/wp-content\/uploads\/2012\/08\/juanijuventud.jpg?resize=350%2C200 1x, https:\/\/i0.wp.com\/www.hoymercedes.com.ar\/principal\/wp-content\/uploads\/2012\/08\/juanijuventud.jpg?resize=525%2C300 1.5x"},"classes":[]},{"id":38618,"url":"https:\/\/www.hoymercedes.com.ar\/principal\/2014\/12\/22\/ustarroz-clamo-por-una-ciudad-unida-en-encuentro-de-fin-de-ano-del-fmpv\/","url_meta":{"origin":42375,"position":5},"title":"Ustarroz clam\u00f3 por \u00abuna ciudad unida\u00bb en encuentro de fin de a\u00f1o del FMpV","author":"hoymercedes","date":"22 diciembre, 2014","format":false,"excerpt":"El Frente Mercedino para la Victoria, encabezados por Juan Ustarroz y con la mayor\u00eda de sus dirigentes pol\u00edticos, llevo adelante el pasado viernes un multitudinario encuentro en el Club Uni\u00f3n para despedir el a\u00f1o y brindarse aliento entre los presentes para lo que ser\u00e1 el 2015. Ustarroz fue el \u00fanico\u2026","rel":"","context":"En \u00abSociedad\u00bb","block_context":{"text":"Sociedad","link":"https:\/\/www.hoymercedes.com.ar\/principal\/category\/sociedad\/"},"img":{"alt_text":"Juan Ustarroz, Frente Mercedino","src":"https:\/\/i0.wp.com\/www.hoymercedes.com.ar\/principal\/wp-content\/uploads\/2014\/12\/ustarroz-juan-findea%C3%B1o-II.jpg?resize=350%2C200","width":350,"height":200,"srcset":"https:\/\/i0.wp.com\/www.hoymercedes.com.ar\/principal\/wp-content\/uploads\/2014\/12\/ustarroz-juan-findea%C3%B1o-II.jpg?resize=350%2C200 1x, https:\/\/i0.wp.com\/www.hoymercedes.com.ar\/principal\/wp-content\/uploads\/2014\/12\/ustarroz-juan-findea%C3%B1o-II.jpg?resize=525%2C300 1.5x"},"classes":[]}],"_links":{"self":[{"href":"https:\/\/www.hoymercedes.com.ar\/principal\/wp-json\/wp\/v2\/posts\/42375","targetHints":{"allow":["GET"]}}],"collection":[{"href":"https:\/\/www.hoymercedes.com.ar\/principal\/wp-json\/wp\/v2\/posts"}],"about":[{"href":"https:\/\/www.hoymercedes.com.ar\/principal\/wp-json\/wp\/v2\/types\/post"}],"author":[{"embeddable":true,"href":"https:\/\/www.hoymercedes.com.ar\/principal\/wp-json\/wp\/v2\/users\/1"}],"replies":[{"embeddable":true,"href":"https:\/\/www.hoymercedes.com.ar\/principal\/wp-json\/wp\/v2\/comments?post=42375"}],"version-history":[{"count":0,"href":"https:\/\/www.hoymercedes.com.ar\/principal\/wp-json\/wp\/v2\/posts\/42375\/revisions"}],"wp:featuredmedia":[{"embeddable":true,"href":"https:\/\/www.hoymercedes.com.ar\/principal\/wp-json\/wp\/v2\/media\/40162"}],"wp:attachment":[{"href":"https:\/\/www.hoymercedes.com.ar\/principal\/wp-json\/wp\/v2\/media?parent=42375"}],"wp:term":[{"taxonomy":"category","embeddable":true,"href":"https:\/\/www.hoymercedes.com.ar\/principal\/wp-json\/wp\/v2\/categories?post=42375"},{"taxonomy":"post_tag","embeddable":true,"href":"https:\/\/www.hoymercedes.com.ar\/principal\/wp-json\/wp\/v2\/tags?post=42375"}],"curies":[{"name":"wp","href":"https:\/\/api.w.org\/{rel}","templated":true}]}}