{"id":42454,"date":"2015-06-16T23:30:34","date_gmt":"2015-06-17T02:30:34","guid":{"rendered":"http:\/\/www.hoymercedes.com.ar\/principal\/?p=42454"},"modified":"2015-06-18T09:57:28","modified_gmt":"2015-06-18T12:57:28","slug":"castelucci-anuncio-su-baja-de-las-paso-y-pre-candidatura-a-intendente","status":"publish","type":"post","link":"https:\/\/www.hoymercedes.com.ar\/principal\/2015\/06\/16\/castelucci-anuncio-su-baja-de-las-paso-y-pre-candidatura-a-intendente\/","title":{"rendered":"Castelucci anunci\u00f3 su baja de las PASO y pre candidatura a intendente"},"content":{"rendered":"<p><strong>\u00a0<a href=\"https:\/\/www.hoymercedes.com.ar\/principal\/wp-content\/uploads\/2015\/06\/Castelucci-Facebook-Sebaja.png\"><img loading=\"lazy\" decoding=\"async\" data-attachment-id=\"42456\" data-permalink=\"https:\/\/www.hoymercedes.com.ar\/principal\/2015\/06\/16\/castelucci-anuncio-su-baja-de-las-paso-y-pre-candidatura-a-intendente\/castelucci-facebook-sebaja\/#main\" data-orig-file=\"https:\/\/www.hoymercedes.com.ar\/principal\/wp-content\/uploads\/2015\/06\/Castelucci-Facebook-Sebaja.png\" data-orig-size=\"620,323\" data-comments-opened=\"1\" data-image-meta=\"{&quot;aperture&quot;:&quot;0&quot;,&quot;credit&quot;:&quot;&quot;,&quot;camera&quot;:&quot;&quot;,&quot;caption&quot;:&quot;&quot;,&quot;created_timestamp&quot;:&quot;0&quot;,&quot;copyright&quot;:&quot;&quot;,&quot;focal_length&quot;:&quot;0&quot;,&quot;iso&quot;:&quot;0&quot;,&quot;shutter_speed&quot;:&quot;0&quot;,&quot;title&quot;:&quot;&quot;,&quot;orientation&quot;:&quot;0&quot;}\" data-image-title=\"Castelucci-Facebook-Sebaja\" data-image-description=\"\" data-image-caption=\"\" data-large-file=\"https:\/\/www.hoymercedes.com.ar\/principal\/wp-content\/uploads\/2015\/06\/Castelucci-Facebook-Sebaja.png\" class=\"aligncenter size-medium wp-image-42456\" src=\"https:\/\/www.hoymercedes.com.ar\/principal\/wp-content\/uploads\/2015\/06\/Castelucci-Facebook-Sebaja.png\" alt=\"Castelucci-Facebook-Sebaja\" width=\"620\" height=\"323\" srcset=\"https:\/\/www.hoymercedes.com.ar\/principal\/wp-content\/uploads\/2015\/06\/Castelucci-Facebook-Sebaja.png 620w, https:\/\/www.hoymercedes.com.ar\/principal\/wp-content\/uploads\/2015\/06\/Castelucci-Facebook-Sebaja-150x78.png 150w, https:\/\/www.hoymercedes.com.ar\/principal\/wp-content\/uploads\/2015\/06\/Castelucci-Facebook-Sebaja-290x151.png 290w, https:\/\/www.hoymercedes.com.ar\/principal\/wp-content\/uploads\/2015\/06\/Castelucci-Facebook-Sebaja-50x26.png 50w\" sizes=\"auto, (max-width: 620px) 100vw, 620px\" \/><\/a><\/strong><\/p>\n<p><em><strong>El hasta ahora pre candidato a intendente por el Frente Renovador Mariano Castelucci dio certezas sobre su futuro pol\u00edtico inmediato. Expres\u00f3 nada m\u00e1s y nada menos que se baja de las PASO de octubre ante lo cual no ir\u00e1 como cabeza de lista ante la inminencia del cierre de las postulaciones.<\/strong><\/em><\/p>\n<p>Mariano Castelucci hab\u00eda anunciado d\u00edas atr\u00e1s que hab\u00eda recibido un llamado importante. As\u00ed, enigm\u00e1tico, lo expuso en las redes sociales aprovechando la masividad que las mismas proveen. Poco despu\u00e9s expres\u00f3 que se baja de las PASO, que no lo dejan participar.<\/p>\n<p>Castelucci dej\u00f3 la \u201cbomba\u201d desde su perfil de Facebook al anunciar que <em>\u201cles comunico que lamentablemente no vamos a participar de las paso. Nos hicieron la vida imposible por algo ser\u00e1 no?\u201d,<\/em> afirm\u00f3 el escribano.<strong><strong><a href=\"https:\/\/www.hoymercedes.com.ar\/principal\/wp-content\/uploads\/2015\/06\/Castelucci-Facebook-Llamado.png\"><img loading=\"lazy\" decoding=\"async\" data-attachment-id=\"42455\" data-permalink=\"https:\/\/www.hoymercedes.com.ar\/principal\/2015\/06\/16\/castelucci-anuncio-su-baja-de-las-paso-y-pre-candidatura-a-intendente\/castelucci-facebook-llamado\/#main\" data-orig-file=\"https:\/\/www.hoymercedes.com.ar\/principal\/wp-content\/uploads\/2015\/06\/Castelucci-Facebook-Llamado.png\" data-orig-size=\"620,285\" data-comments-opened=\"1\" data-image-meta=\"{&quot;aperture&quot;:&quot;0&quot;,&quot;credit&quot;:&quot;&quot;,&quot;camera&quot;:&quot;&quot;,&quot;caption&quot;:&quot;&quot;,&quot;created_timestamp&quot;:&quot;0&quot;,&quot;copyright&quot;:&quot;&quot;,&quot;focal_length&quot;:&quot;0&quot;,&quot;iso&quot;:&quot;0&quot;,&quot;shutter_speed&quot;:&quot;0&quot;,&quot;title&quot;:&quot;&quot;,&quot;orientation&quot;:&quot;0&quot;}\" data-image-title=\"Castelucci-Facebook-Llamado\" data-image-description=\"\" data-image-caption=\"\" data-large-file=\"https:\/\/www.hoymercedes.com.ar\/principal\/wp-content\/uploads\/2015\/06\/Castelucci-Facebook-Llamado.png\" class=\"Img2014 aligncenter wp-image-42455 size-full\" src=\"https:\/\/www.hoymercedes.com.ar\/principal\/wp-content\/uploads\/2015\/06\/Castelucci-Facebook-Llamado.png\" alt=\"Castelucci-Facebook-Llamado\" width=\"620\" height=\"285\" srcset=\"https:\/\/www.hoymercedes.com.ar\/principal\/wp-content\/uploads\/2015\/06\/Castelucci-Facebook-Llamado.png 620w, https:\/\/www.hoymercedes.com.ar\/principal\/wp-content\/uploads\/2015\/06\/Castelucci-Facebook-Llamado-150x69.png 150w, https:\/\/www.hoymercedes.com.ar\/principal\/wp-content\/uploads\/2015\/06\/Castelucci-Facebook-Llamado-290x133.png 290w, https:\/\/www.hoymercedes.com.ar\/principal\/wp-content\/uploads\/2015\/06\/Castelucci-Facebook-Llamado-50x23.png 50w\" sizes=\"auto, (max-width: 620px) 100vw, 620px\" \/><\/a><\/strong><\/strong><\/p>\n<p><strong>Futuro<\/strong><\/p>\n<p>Por el momento no se sabe con la misma certeza qu\u00e9 har\u00e1 en el futuro. Algunas voces sostienen que podr\u00eda ser parte del campo selvista dado que ser\u00eda, de alguna manera, el mismo espacio nacional que estaban transitando ambos sectores. Consultado por HoyMercedes prefiri\u00f3 por el momento no efectuar declaraciones, aunque, se espera pronto se reciban de su propia exposici\u00f3n m\u00e1s detalles.<\/p>\n","protected":false},"excerpt":{"rendered":"<p>\u00a0 El hasta ahora pre candidato a intendente por el Frente Renovador Mariano Castelucci dio certezas sobre su futuro pol\u00edtico &#8230; <a title=\"Castelucci anunci\u00f3 su baja de las PASO y pre candidatura a intendente\" class=\"read-more\" href=\"https:\/\/www.hoymercedes.com.ar\/principal\/2015\/06\/16\/castelucci-anuncio-su-baja-de-las-paso-y-pre-candidatura-a-intendente\/\" aria-label=\"Leer m\u00e1s sobre Castelucci anunci\u00f3 su baja de las PASO y pre candidatura a intendente\">Leer m\u00e1s<\/a><\/p>\n","protected":false},"author":1,"featured_media":42456,"comment_status":"open","ping_status":"open","sticky":false,"template":"","format":"standard","meta":{"_monsterinsights_skip_tracking":false,"_monsterinsights_sitenote_active":false,"_monsterinsights_sitenote_note":"","_monsterinsights_sitenote_category":0,"jetpack_post_was_ever_published":false,"_jetpack_newsletter_access":"","_jetpack_dont_email_post_to_subs":false,"_jetpack_newsletter_tier_id":0,"_jetpack_memberships_contains_paywalled_content":false,"_jetpack_memberships_contains_paid_content":false,"footnotes":"","jetpack_publicize_message":"","jetpack_publicize_feature_enabled":true,"jetpack_social_post_already_shared":true,"jetpack_social_options":{"image_generator_settings":{"template":"highway","default_image_id":0,"font":"","enabled":false},"version":2},"_wpas_customize_per_network":false},"categories":[5],"tags":[513,7463],"class_list":["post-42454","post","type-post","status-publish","format-standard","has-post-thumbnail","hentry","category-politica","tag-mariano-castelucci","tag-paso-2015","generate-columns","tablet-grid-50","mobile-grid-100","grid-parent","grid-50"],"jetpack_publicize_connections":[],"jetpack_featured_media_url":"https:\/\/www.hoymercedes.com.ar\/principal\/wp-content\/uploads\/2015\/06\/Castelucci-Facebook-Sebaja.png","wps_subtitle":"Elecciones 2015","jetpack_sharing_enabled":true,"jetpack-related-posts":[{"id":34104,"url":"https:\/\/www.hoymercedes.com.ar\/principal\/2014\/06\/22\/mariano-castelucci-busca-incentivar-solidaridad-ante-la-emergencia-en-el-barrio-marchetti\/","url_meta":{"origin":42454,"position":0},"title":"Mariano Castelucci busca incentivar solidaridad ante la emergencia en el Barrio Marchetti","author":"hoymercedes","date":"22 junio, 2014","format":false,"excerpt":"La Agrupaci\u00f3n \"Arturo Jauretche\" llev\u00f3 a cabo la semana que pas\u00f3 la distribuci\u00f3n de elementos donados que \u00a0recolectaron en el \u00faltimo tiempo con el objetivo de aportar ayuda a los afectados por las crecidas del R\u00edo y temporales vividos. Como se sabe el agua baja, pero, los problemas quedan. El\u2026","rel":"","context":"En \u00abPol\u00edtica\u00bb","block_context":{"text":"Pol\u00edtica","link":"https:\/\/www.hoymercedes.com.ar\/principal\/category\/politica\/"},"img":{"alt_text":"Castelucci-donaciones-I","src":"https:\/\/i0.wp.com\/www.hoymercedes.com.ar\/principal\/wp-content\/uploads\/2014\/06\/Castelucci-donaciones-I.jpg?resize=350%2C200","width":350,"height":200,"srcset":"https:\/\/i0.wp.com\/www.hoymercedes.com.ar\/principal\/wp-content\/uploads\/2014\/06\/Castelucci-donaciones-I.jpg?resize=350%2C200 1x, https:\/\/i0.wp.com\/www.hoymercedes.com.ar\/principal\/wp-content\/uploads\/2014\/06\/Castelucci-donaciones-I.jpg?resize=525%2C300 1.5x"},"classes":[]},{"id":41061,"url":"https:\/\/www.hoymercedes.com.ar\/principal\/2015\/04\/23\/castelucci-estamos-con-un-pie-afuera-y-otro-adentro-del-frente-renovador\/","url_meta":{"origin":42454,"position":1},"title":"Castelucci: \u201cestamos con un pie afuera y otro adentro del frente renovador\u201d","author":"hoymercedes","date":"23 abril, 2015","format":false,"excerpt":"El pre candidato a intendente, Mariano Castelucci, anunci\u00f3 que est\u00e1 en pleno proceso de revisi\u00f3n de su participaci\u00f3n dentro campo del Frente Renovador, done \u00e9l mismo puso que se encuentra con un \u201cpie afuera\u201d tras bajarse Felipe Sol\u00e1 de la carrera por el gobernador. El escribano y dirigente pol\u00edtico aprovech\u00f3\u2026","rel":"","context":"En \u00abPol\u00edtica\u00bb","block_context":{"text":"Pol\u00edtica","link":"https:\/\/www.hoymercedes.com.ar\/principal\/category\/politica\/"},"img":{"alt_text":"","src":"https:\/\/i0.wp.com\/www.hoymercedes.com.ar\/principal\/wp-content\/uploads\/2015\/04\/castelucci-face.jpg?resize=350%2C200&ssl=1","width":350,"height":200,"srcset":"https:\/\/i0.wp.com\/www.hoymercedes.com.ar\/principal\/wp-content\/uploads\/2015\/04\/castelucci-face.jpg?resize=350%2C200&ssl=1 1x, https:\/\/i0.wp.com\/www.hoymercedes.com.ar\/principal\/wp-content\/uploads\/2015\/04\/castelucci-face.jpg?resize=525%2C300&ssl=1 1.5x"},"classes":[]},{"id":140506,"url":"https:\/\/www.hoymercedes.com.ar\/principal\/2021\/11\/23\/sofia-castelucci-en-el-podio-argentino\/","url_meta":{"origin":42454,"position":2},"title":"Sof\u00eda Castelucci en el podio Argentino","author":"hoymercedes","date":"23 noviembre, 2021","format":false,"excerpt":"Qued\u00f3 tercera en la categor\u00eda 4ta c 10 a\u00f1os del Campeonato Argentino de pat\u00edn art\u00edstico denominado Copa Roberto Rodr\u00edguez. La\u00a0mercedina\u00a0ya hab\u00eda obtenido en 2019 el primer puesto en la categor\u00eda Esc. Formativa. Campeones.\u00a0 Por estos d\u00edas se est\u00e1 llevando a cabo el Campeonato Argentino de pat\u00edn art\u00edstico denominado Copa Roberto\u2026","rel":"","context":"En \u00abDeportes\u00bb","block_context":{"text":"Deportes","link":"https:\/\/www.hoymercedes.com.ar\/principal\/category\/deportes\/"},"img":{"alt_text":"","src":"https:\/\/i0.wp.com\/www.hoymercedes.com.ar\/principal\/wp-content\/uploads\/2021\/11\/dpatin322.jpeg?resize=350%2C200&ssl=1","width":350,"height":200,"srcset":"https:\/\/i0.wp.com\/www.hoymercedes.com.ar\/principal\/wp-content\/uploads\/2021\/11\/dpatin322.jpeg?resize=350%2C200&ssl=1 1x, https:\/\/i0.wp.com\/www.hoymercedes.com.ar\/principal\/wp-content\/uploads\/2021\/11\/dpatin322.jpeg?resize=525%2C300&ssl=1 1.5x, https:\/\/i0.wp.com\/www.hoymercedes.com.ar\/principal\/wp-content\/uploads\/2021\/11\/dpatin322.jpeg?resize=700%2C400&ssl=1 2x"},"classes":[]},{"id":35645,"url":"https:\/\/www.hoymercedes.com.ar\/principal\/2014\/09\/01\/tarde-solidaria-de-la-agrupacion-arturo-jauretche-en-goldney\/","url_meta":{"origin":42454,"position":3},"title":"Tarde solidaria de la Agrupaci\u00f3n Arturo Jauretche en Goldney","author":"hoymercedes","date":"1 septiembre, 2014","format":false,"excerpt":"En la tarde del s\u00e1bado 30 de agosto, Mariano Castelucci, junto a la juventud de la Agrupaci\u00f3n Arturo Jauretche, pintaron la escuela \u00a0N\u00b0 23 \"Jos\u00e9 Hern\u00e1ndez\", ubicada en Goldney, partido de Mercedes.\u00a0 Disfrutando de un d\u00eda soleado, los integrantes de la agrupaci\u00f3n con sede en calle 20 entre 29 y\u2026","rel":"","context":"En \u00abPol\u00edtica\u00bb","block_context":{"text":"Pol\u00edtica","link":"https:\/\/www.hoymercedes.com.ar\/principal\/category\/politica\/"},"img":{"alt_text":"Jornada-ArturoJauretche","src":"https:\/\/i0.wp.com\/www.hoymercedes.com.ar\/principal\/wp-content\/uploads\/2014\/09\/Jornada-ArturoJauretche.jpg?resize=350%2C200","width":350,"height":200,"srcset":"https:\/\/i0.wp.com\/www.hoymercedes.com.ar\/principal\/wp-content\/uploads\/2014\/09\/Jornada-ArturoJauretche.jpg?resize=350%2C200 1x, https:\/\/i0.wp.com\/www.hoymercedes.com.ar\/principal\/wp-content\/uploads\/2014\/09\/Jornada-ArturoJauretche.jpg?resize=525%2C300 1.5x"},"classes":[]},{"id":163916,"url":"https:\/\/www.hoymercedes.com.ar\/principal\/2023\/06\/27\/patin-artistico-mercedes-paso-por-el-metropolitano\/","url_meta":{"origin":42454,"position":4},"title":"Pat\u00edn Art\u00edstico: Mercedes pas\u00f3 por el Metropolitano","author":"hoymercedes","date":"27 junio, 2023","format":false,"excerpt":"El pasado lunes 19 de junio en la Ciudad Deportiva Don Bosco concluy\u00f3 la primera fecha del Metropolitano de la divisional C, la cual fue realizada en cuatro etapas debido a la gran convocatoria. Las patinadoras locales tuvieron su jornada en el Metro de la C. Durante los d\u00edas 3,\u2026","rel":"","context":"En \u00abDeportes\u00bb","block_context":{"text":"Deportes","link":"https:\/\/www.hoymercedes.com.ar\/principal\/category\/deportes\/"},"img":{"alt_text":"","src":"https:\/\/i0.wp.com\/www.hoymercedes.com.ar\/principal\/wp-content\/uploads\/2023\/06\/patin-2606.jpg?resize=350%2C200&ssl=1","width":350,"height":200,"srcset":"https:\/\/i0.wp.com\/www.hoymercedes.com.ar\/principal\/wp-content\/uploads\/2023\/06\/patin-2606.jpg?resize=350%2C200&ssl=1 1x, https:\/\/i0.wp.com\/www.hoymercedes.com.ar\/principal\/wp-content\/uploads\/2023\/06\/patin-2606.jpg?resize=525%2C300&ssl=1 1.5x"},"classes":[]},{"id":39116,"url":"https:\/\/www.hoymercedes.com.ar\/principal\/2015\/01\/22\/castelucci-en-encuentro-de-referentes-del-frente-renovador\/","url_meta":{"origin":42454,"position":5},"title":"Castelucci en encuentro de referentes del Frente Renovador","author":"hoymercedes","date":"22 enero, 2015","format":false,"excerpt":"Mariano Castelucci volvi\u00f3 a mostrarse junto a referentes del Frente Renovador. En esta ocasi\u00f3n junto a Felipe Sol\u00e1 e intendentes y referentes que integran dicha fuerza. El pasado lunes, Mariano Castelucci fue invitado a participar de la reuni\u00f3n organizada por el Frente Renovador en la ciudad de Pilar. Estuvieron presente\u2026","rel":"","context":"En \u00abPol\u00edtica\u00bb","block_context":{"text":"Pol\u00edtica","link":"https:\/\/www.hoymercedes.com.ar\/principal\/category\/politica\/"},"img":{"alt_text":"Castelucci-Sol\u00e1-2015","src":"https:\/\/i0.wp.com\/www.hoymercedes.com.ar\/principal\/wp-content\/uploads\/2015\/01\/Castelucci-Sol%C3%A1-2015.jpg?resize=350%2C200","width":350,"height":200,"srcset":"https:\/\/i0.wp.com\/www.hoymercedes.com.ar\/principal\/wp-content\/uploads\/2015\/01\/Castelucci-Sol%C3%A1-2015.jpg?resize=350%2C200 1x, https:\/\/i0.wp.com\/www.hoymercedes.com.ar\/principal\/wp-content\/uploads\/2015\/01\/Castelucci-Sol%C3%A1-2015.jpg?resize=525%2C300 1.5x"},"classes":[]}],"_links":{"self":[{"href":"https:\/\/www.hoymercedes.com.ar\/principal\/wp-json\/wp\/v2\/posts\/42454","targetHints":{"allow":["GET"]}}],"collection":[{"href":"https:\/\/www.hoymercedes.com.ar\/principal\/wp-json\/wp\/v2\/posts"}],"about":[{"href":"https:\/\/www.hoymercedes.com.ar\/principal\/wp-json\/wp\/v2\/types\/post"}],"author":[{"embeddable":true,"href":"https:\/\/www.hoymercedes.com.ar\/principal\/wp-json\/wp\/v2\/users\/1"}],"replies":[{"embeddable":true,"href":"https:\/\/www.hoymercedes.com.ar\/principal\/wp-json\/wp\/v2\/comments?post=42454"}],"version-history":[{"count":0,"href":"https:\/\/www.hoymercedes.com.ar\/principal\/wp-json\/wp\/v2\/posts\/42454\/revisions"}],"wp:featuredmedia":[{"embeddable":true,"href":"https:\/\/www.hoymercedes.com.ar\/principal\/wp-json\/wp\/v2\/media\/42456"}],"wp:attachment":[{"href":"https:\/\/www.hoymercedes.com.ar\/principal\/wp-json\/wp\/v2\/media?parent=42454"}],"wp:term":[{"taxonomy":"category","embeddable":true,"href":"https:\/\/www.hoymercedes.com.ar\/principal\/wp-json\/wp\/v2\/categories?post=42454"},{"taxonomy":"post_tag","embeddable":true,"href":"https:\/\/www.hoymercedes.com.ar\/principal\/wp-json\/wp\/v2\/tags?post=42454"}],"curies":[{"name":"wp","href":"https:\/\/api.w.org\/{rel}","templated":true}]}}