{"id":42461,"date":"2015-06-17T23:29:34","date_gmt":"2015-06-18T02:29:34","guid":{"rendered":"http:\/\/www.hoymercedes.com.ar\/principal\/?p=42461"},"modified":"2015-06-18T13:58:35","modified_gmt":"2015-06-18T16:58:35","slug":"ustarroz-presento-un-proyecto-de-urbanizacion-para-los-402-lotes-cedidos-al-procrear","status":"publish","type":"post","link":"https:\/\/www.hoymercedes.com.ar\/principal\/2015\/06\/17\/ustarroz-presento-un-proyecto-de-urbanizacion-para-los-402-lotes-cedidos-al-procrear\/","title":{"rendered":"Ustarroz present\u00f3 un proyecto de urbanizaci\u00f3n para los 402 lotes cedidos al PROCREAR"},"content":{"rendered":"<p><a href=\"https:\/\/www.hoymercedes.com.ar\/principal\/wp-content\/uploads\/2015\/06\/ProCerAr.Ustarroz.jpg\"><img loading=\"lazy\" decoding=\"async\" data-attachment-id=\"42462\" data-permalink=\"https:\/\/www.hoymercedes.com.ar\/principal\/2015\/06\/17\/ustarroz-presento-un-proyecto-de-urbanizacion-para-los-402-lotes-cedidos-al-procrear\/procerar-ustarroz\/#main\" data-orig-file=\"https:\/\/www.hoymercedes.com.ar\/principal\/wp-content\/uploads\/2015\/06\/ProCerAr.Ustarroz.jpg\" data-orig-size=\"620,412\" data-comments-opened=\"1\" data-image-meta=\"{&quot;aperture&quot;:&quot;0&quot;,&quot;credit&quot;:&quot;Moreira Mario Hugo&quot;,&quot;camera&quot;:&quot;&quot;,&quot;caption&quot;:&quot;&quot;,&quot;created_timestamp&quot;:&quot;0&quot;,&quot;copyright&quot;:&quot;Moreira Mario Hugo&quot;,&quot;focal_length&quot;:&quot;0&quot;,&quot;iso&quot;:&quot;0&quot;,&quot;shutter_speed&quot;:&quot;0&quot;,&quot;title&quot;:&quot;&quot;,&quot;orientation&quot;:&quot;0&quot;}\" data-image-title=\"ProCerAr.Ustarroz\" data-image-description=\"\" data-image-caption=\"\" data-large-file=\"https:\/\/www.hoymercedes.com.ar\/principal\/wp-content\/uploads\/2015\/06\/ProCerAr.Ustarroz.jpg\" class=\"Img2014 aligncenter wp-image-42462 size-full\" src=\"https:\/\/www.hoymercedes.com.ar\/principal\/wp-content\/uploads\/2015\/06\/ProCerAr.Ustarroz.jpg\" alt=\"ProCerAr.Ustarroz\" width=\"620\" height=\"412\" srcset=\"https:\/\/www.hoymercedes.com.ar\/principal\/wp-content\/uploads\/2015\/06\/ProCerAr.Ustarroz.jpg 620w, https:\/\/www.hoymercedes.com.ar\/principal\/wp-content\/uploads\/2015\/06\/ProCerAr.Ustarroz-150x100.jpg 150w, https:\/\/www.hoymercedes.com.ar\/principal\/wp-content\/uploads\/2015\/06\/ProCerAr.Ustarroz-290x193.jpg 290w, https:\/\/www.hoymercedes.com.ar\/principal\/wp-content\/uploads\/2015\/06\/ProCerAr.Ustarroz-50x33.jpg 50w\" sizes=\"auto, (max-width: 620px) 100vw, 620px\" \/><\/a><\/p>\n<p><strong><em>El presidente del bloque de concejales del Frente Mercedino para la Victoria y gerente regional de la ANSES, Dr. Juan Ignacio Ustarroz, present\u00f3 hoy un proyecto de urbanizaci\u00f3n para los 402 lotes con servicios que, ubicados en Gowland, fueron cedidos por la Provincia de Buenos Aires para la construcci\u00f3n de viviendas del PROCREAR.<\/em><\/strong><\/p>\n<p>A dos d\u00edas de que la Presidenta de la Naci\u00f3n, Cristina Fern\u00e1ndez de Kirchner, anunciara la cesi\u00f3n de estos terrenos para nuestra ciudad, Ustarroz se reuni\u00f3 con concejales de los distintos bloques para entregar una propuesta de urbanizaci\u00f3n que viene trabajando con sus equipos t\u00e9cnicos desde hace m\u00e1s de un a\u00f1o, \u201ca la espera de una oportunidad de estas caracter\u00edsticas\u201d, dijo; y les pidi\u00f3 \u201cceleridad\u201d para cambiar la ordenanza de zonificaci\u00f3n, un paso indispensable para que prospere el proyecto.<\/p>\n<p>Ustarroz, acompa\u00f1ado por el director de Desarrollo de Suelo Urbano de la ANSES (Procrear), Luciano Scatolini, se\u00f1al\u00f3 tambi\u00e9n que se invertir\u00e1n 50 millones de pesos en obras de infraestructura \u201cque beneficiar\u00e1n a toda la zona\u201d; y que la construcci\u00f3n de las viviendas demandar\u00e1n \u201calrededor de otros 200 millones de pesos, con todo lo que eso significa. Generaci\u00f3n de puestos de trabajo, consumo interno, dinamismo para nuestra econom\u00eda local\u2026 Y obvio, el sue\u00f1o de la casa para m\u00e1s de 400 familias\u201d, indic\u00f3.<\/p>\n<p>\u201cVenimos trabajando hace mucho tiempo junto con nuestros equipos t\u00e9cnicos y los de la ANSES no solo para identificar terrenos, sino para tener elaborada una propuesta concreta ante una oportunidad de estas caracter\u00edsticas \u2013cont\u00f3 Juani-. La Presidenta hizo el lunes un anuncio muy importante para el pueblo de Mercedes, con 402 lotes con servicios, y m\u00e1s all\u00e1 del orgullo que nos provoca haber podido intervenir en esta gesti\u00f3n, debemos ser eficientes para avanzar r\u00e1pidamente en el proyecto\u201d.<\/p>\n<p>\u201cEl primer paso es modificar la ordenanza de zonificaci\u00f3n (los lotes figuran en catastro como espacio rural), para poder construir y que el fideicomiso PROCREAR pueda materializar la adquisici\u00f3n de los terrenos, raz\u00f3n por la cual hemos expuesto las cuestiones t\u00e9cnicas del proyecto y hemos presentado el proyecto de ordenanza que ya tiene el HCD\u201d, manifest\u00f3.<\/p>\n<p>Los equipos t\u00e9cnicos del PROCREAR (ingenieros, urbanistas, agr\u00f3nomos, arquitectos) tomaron en cuenta las condiciones urban\u00edsticas, las posibilidades de desarrollo y la cercan\u00eda con el \u00e1rea consolidada para elegir 19,4 hect\u00e1reas de un total de 80 que tiene el predio. Ser\u00e1n 402 lotes de aproximadamente 320 metros cuadrados cada uno.<\/p>\n<p>\u201cFue analizado desde una mirada urban\u00edstica para darle continuidad a la trama ya existente \u2013dijo Scatolini-. La propuesta de subdivisi\u00f3n elevada a catastro y a ARBA incluye alrededor de 320 metros cuadrados por lote y un costeo de obras superiores o de igual calidad t\u00e9cnica a las que ofrece el mercado\u201d.<\/p>\n<p>\u201cLos servicios contemplados son agua corriente, cloacas, energ\u00eda el\u00e9ctrica, red de gas, alumbrado p\u00fablico y apertura de calles con cord\u00f3n cuneta\u201d, agreg\u00f3. Tambi\u00e9n se hicieron las reservas de espacio verde, equipamiento comunitario, servicios sanitarios y todo aquello que se establezca desde el municipio (escuelas, por ejemplo). \u00abTambi\u00e9n esperamos, previo a la licitaci\u00f3n de la obra de infraestructura, la incorporaci\u00f3n de los especialistas municipales, como lo hemos realizado en otras oportunidades\u00bb, agreg\u00f3.<\/p>\n<p>\u201cLa zona de Gowland tiene potencial para seguir desarroll\u00e1ndose y tambi\u00e9n se destaca la accesibilidad del predio seleccionado\u201d, indic\u00f3 el funcionario de PROCREAR.<\/p>\n<p>Ustarroz tambi\u00e9n se\u00f1al\u00f3 que los terrenos estar\u00e1n inicialmente destinados a aquellas familias de Mercedes que ya fueron sorteadas en el PROCREAR (en cualquiera de sus l\u00edneas crediticias) pero que, por diferentes razones, no pudieron materializar el pr\u00e9stamo. \u201cPuede ser especulaci\u00f3n inmobiliaria o falta de terrenos, porque el Banco Municipal de Tierras, creado en 2005, lamentablemente nunca funcion\u00f3\u201d, dijo.<\/p>\n<p>\u201cNos llena de esperanza la posibilidad de que m\u00e1s de 400 familias de nuestra ciudad puedan cumplir el sue\u00f1o de la casa propia a trav\u00e9s de esta oportunidad \u2013agreg\u00f3-. Y, como ya dije, todos los resortes que activa la industria de la construcci\u00f3n. Por donde se mire, este proyecto es muy positivo para Mercedes, para todos los vecinos\u201d.<\/p>\n<p>Por la l\u00ednea para la construcci\u00f3n en terreno propio, en Mercedes hay 486 viviendas en marcha y 333 ya terminadas, con una inversi\u00f3n de m\u00e1s de 150 millones de pesos.<\/p>\n<p>\u201cDebemos trabajar para incorporar los nuevos terrenos al sorteo, porque luego hay un tiempo de elaboraci\u00f3n, de llamado a licitaci\u00f3n y de adjudicaci\u00f3n de obras \u2013concluy\u00f3 Juani-. Pero lo importante es que nosotros seamos eficientes y veloces en lo que nos corresponde, que por lo pronto es modificar la ordenanza de zonificaci\u00f3n, porque hay gente que espera esta oportunidad hace much\u00edsimos a\u00f1os. Y entiendo que los concejales se llevaron un an\u00e1lisis muy positivo de la jornada\u201d.<\/p>\n","protected":false},"excerpt":{"rendered":"<p>El presidente del bloque de concejales del Frente Mercedino para la Victoria y gerente regional de la ANSES, Dr. Juan &#8230; <a title=\"Ustarroz present\u00f3 un proyecto de urbanizaci\u00f3n para los 402 lotes cedidos al PROCREAR\" class=\"read-more\" href=\"https:\/\/www.hoymercedes.com.ar\/principal\/2015\/06\/17\/ustarroz-presento-un-proyecto-de-urbanizacion-para-los-402-lotes-cedidos-al-procrear\/\" aria-label=\"Leer m\u00e1s sobre Ustarroz present\u00f3 un proyecto de urbanizaci\u00f3n para los 402 lotes cedidos al PROCREAR\">Leer m\u00e1s<\/a><\/p>\n","protected":false},"author":1,"featured_media":42462,"comment_status":"open","ping_status":"open","sticky":false,"template":"","format":"standard","meta":{"_monsterinsights_skip_tracking":false,"_monsterinsights_sitenote_active":false,"_monsterinsights_sitenote_note":"","_monsterinsights_sitenote_category":0,"jetpack_post_was_ever_published":false,"_jetpack_newsletter_access":"","_jetpack_dont_email_post_to_subs":false,"_jetpack_newsletter_tier_id":0,"_jetpack_memberships_contains_paywalled_content":false,"_jetpack_memberships_contains_paid_content":false,"footnotes":"","jetpack_publicize_message":"","jetpack_publicize_feature_enabled":true,"jetpack_social_post_already_shared":true,"jetpack_social_options":{"image_generator_settings":{"template":"highway","default_image_id":0,"font":"","enabled":false},"version":2},"_wpas_customize_per_network":false},"categories":[5],"tags":[],"class_list":["post-42461","post","type-post","status-publish","format-standard","has-post-thumbnail","hentry","category-politica","generate-columns","tablet-grid-50","mobile-grid-100","grid-parent","grid-50"],"jetpack_publicize_connections":[],"jetpack_featured_media_url":"https:\/\/www.hoymercedes.com.ar\/principal\/wp-content\/uploads\/2015\/06\/ProCerAr.Ustarroz.jpg","wps_subtitle":"Tras el anuncio de la presidenta","jetpack_sharing_enabled":true,"jetpack-related-posts":[{"id":42809,"url":"https:\/\/www.hoymercedes.com.ar\/principal\/2015\/07\/02\/ustarroz-presento-los-beneficios-de-los-402-lotes-destinados-a-pro-cre-ar-en-gowland\/","url_meta":{"origin":42461,"position":0},"title":"Ustarroz present\u00f3 los beneficios de los 402 lotes destinados a PRO.CRE.AR en Gowland","author":"hoymercedes","date":"2 julio, 2015","format":false,"excerpt":"El presidente del bloque de concejales del Frente Mercedino para la Victoria y gerente regional de la ANSES, Juan Ignacio Ustarroz, se reuni\u00f3 ayer con los vecinos de Gowland en la Cooperativa de electricidad Julio Levin con el fin de dar a conocer los detalles sobre el plan de 402\u2026","rel":"","context":"En \u00abPol\u00edtica\u00bb","block_context":{"text":"Pol\u00edtica","link":"https:\/\/www.hoymercedes.com.ar\/principal\/category\/politica\/"},"img":{"alt_text":"","src":"https:\/\/i0.wp.com\/www.hoymercedes.com.ar\/principal\/wp-content\/uploads\/2015\/07\/ustarroz-gowland.jpg?resize=350%2C200&ssl=1","width":350,"height":200,"srcset":"https:\/\/i0.wp.com\/www.hoymercedes.com.ar\/principal\/wp-content\/uploads\/2015\/07\/ustarroz-gowland.jpg?resize=350%2C200&ssl=1 1x, https:\/\/i0.wp.com\/www.hoymercedes.com.ar\/principal\/wp-content\/uploads\/2015\/07\/ustarroz-gowland.jpg?resize=525%2C300&ssl=1 1.5x"},"classes":[]},{"id":138004,"url":"https:\/\/www.hoymercedes.com.ar\/principal\/2021\/09\/28\/entregan-lotes-de-mi-terreno-planes-procrear-y-planos-de-vivienda-bonaerense\/","url_meta":{"origin":42461,"position":1},"title":"Entregan lotes de Mi Terreno, planes ProCreAr y planos de Vivienda Bonaerense","author":"hoymercedes","date":"28 septiembre, 2021","format":false,"excerpt":"El intendente Ustarroz encabez\u00f3 la entrega de lotes de familias beneficiadas a trav\u00e9s del programa \u201cMI Terreno\u201d. Adem\u00e1s, desde Vivienda, planos para casas desde el plan \u201cVivienda bonaerense \u201cSolidaridad 2\u201d, otros nueve cr\u00e9ditos del programa nacional Procrear y \u201cCasa Propia\u201d.\u00a0 \"Algunos de estos programas fueron gestionados con el Estado Nacional\u2026","rel":"","context":"En \u00abMunicipio\u00bb","block_context":{"text":"Municipio","link":"https:\/\/www.hoymercedes.com.ar\/principal\/category\/municipio\/"},"img":{"alt_text":"","src":"https:\/\/i0.wp.com\/www.hoymercedes.com.ar\/principal\/wp-content\/uploads\/2021\/09\/DSC02913.jpg?resize=350%2C200&ssl=1","width":350,"height":200,"srcset":"https:\/\/i0.wp.com\/www.hoymercedes.com.ar\/principal\/wp-content\/uploads\/2021\/09\/DSC02913.jpg?resize=350%2C200&ssl=1 1x, https:\/\/i0.wp.com\/www.hoymercedes.com.ar\/principal\/wp-content\/uploads\/2021\/09\/DSC02913.jpg?resize=525%2C300&ssl=1 1.5x, https:\/\/i0.wp.com\/www.hoymercedes.com.ar\/principal\/wp-content\/uploads\/2021\/09\/DSC02913.jpg?resize=700%2C400&ssl=1 2x"},"classes":[]},{"id":116251,"url":"https:\/\/www.hoymercedes.com.ar\/principal\/2020\/09\/07\/mercedes-seria-el-primer-municipio-en-firmar-convenio-con-procrear\/","url_meta":{"origin":42461,"position":2},"title":"Mercedes ser\u00eda el primer municipio en firmar convenio con Procrear","author":"hoymercedes","date":"7 septiembre, 2020","format":false,"excerpt":"El Procrear reconocer\u00e1 a Mercedes como el primer municipio del pa\u00eds para llevar adelante trabajos que generen la posibilidad que los mercedinos puedan llegar a su casa propia. El gobierno nacional que conduce Alberto Fern\u00e1ndez dio inicio al recreado programa Procrear y la ciudad de Mercedes \u201cpica en punta\u201d para\u2026","rel":"","context":"En \u00abMunicipio\u00bb","block_context":{"text":"Municipio","link":"https:\/\/www.hoymercedes.com.ar\/principal\/category\/municipio\/"},"img":{"alt_text":"","src":"https:\/\/i0.wp.com\/www.hoymercedes.com.ar\/principal\/wp-content\/uploads\/2020\/03\/Ustarroz-hcd-04.03.2020.jpeg?resize=350%2C200&ssl=1","width":350,"height":200,"srcset":"https:\/\/i0.wp.com\/www.hoymercedes.com.ar\/principal\/wp-content\/uploads\/2020\/03\/Ustarroz-hcd-04.03.2020.jpeg?resize=350%2C200&ssl=1 1x, https:\/\/i0.wp.com\/www.hoymercedes.com.ar\/principal\/wp-content\/uploads\/2020\/03\/Ustarroz-hcd-04.03.2020.jpeg?resize=525%2C300&ssl=1 1.5x, https:\/\/i0.wp.com\/www.hoymercedes.com.ar\/principal\/wp-content\/uploads\/2020\/03\/Ustarroz-hcd-04.03.2020.jpeg?resize=700%2C400&ssl=1 2x, https:\/\/i0.wp.com\/www.hoymercedes.com.ar\/principal\/wp-content\/uploads\/2020\/03\/Ustarroz-hcd-04.03.2020.jpeg?resize=1050%2C600&ssl=1 3x, https:\/\/i0.wp.com\/www.hoymercedes.com.ar\/principal\/wp-content\/uploads\/2020\/03\/Ustarroz-hcd-04.03.2020.jpeg?resize=1400%2C800&ssl=1 4x"},"classes":[]},{"id":155246,"url":"https:\/\/www.hoymercedes.com.ar\/principal\/2022\/11\/11\/en-ex-dupont-municipio-planifica-junto-a-nacion-viviendas-con-historica-inversion-para-mercedes\/","url_meta":{"origin":42461,"position":3},"title":"En ex Dupont municipio planifica junto a Naci\u00f3n viviendas con hist\u00f3rica inversi\u00f3n para Mercedes","author":"hoymercedes","date":"11 noviembre, 2022","format":false,"excerpt":"Municipio logr\u00f3 un convenio hist\u00f3rico para realizaci\u00f3n de viviendas, inversi\u00f3n y ampliaci\u00f3n de servicios. Lo hace al vender un lote de la ex Dupont al gobierno nacional. Superar\u00e1 los 700 millones la inversi\u00f3n para nuestra ciudad. La novedad la dio el intendente Ustarroz con todos los detalles. Adem\u00e1s, la venta\u2026","rel":"","context":"En \u00abMunicipio\u00bb","block_context":{"text":"Municipio","link":"https:\/\/www.hoymercedes.com.ar\/principal\/category\/municipio\/"},"img":{"alt_text":"","src":"https:\/\/i0.wp.com\/www.hoymercedes.com.ar\/principal\/wp-content\/uploads\/2022\/11\/DSC03932.jpg?resize=350%2C200&ssl=1","width":350,"height":200,"srcset":"https:\/\/i0.wp.com\/www.hoymercedes.com.ar\/principal\/wp-content\/uploads\/2022\/11\/DSC03932.jpg?resize=350%2C200&ssl=1 1x, https:\/\/i0.wp.com\/www.hoymercedes.com.ar\/principal\/wp-content\/uploads\/2022\/11\/DSC03932.jpg?resize=525%2C300&ssl=1 1.5x, https:\/\/i0.wp.com\/www.hoymercedes.com.ar\/principal\/wp-content\/uploads\/2022\/11\/DSC03932.jpg?resize=700%2C400&ssl=1 2x, https:\/\/i0.wp.com\/www.hoymercedes.com.ar\/principal\/wp-content\/uploads\/2022\/11\/DSC03932.jpg?resize=1050%2C600&ssl=1 3x"},"classes":[]},{"id":42423,"url":"https:\/\/www.hoymercedes.com.ar\/principal\/2015\/06\/15\/juan-ustarroz-participo-del-acto-de-entrega-de-tierra-para-procrear-encabezado-por-cfk\/","url_meta":{"origin":42461,"position":4},"title":"Juan Ustarroz particip\u00f3 del acto de entrega de tierra para ProCreAr encabezado por CFK","author":"hoymercedes","date":"15 junio, 2015","format":false,"excerpt":"Mercedes es una de las localidades beneficiadas. El presidente del bloque de concejales del Frente para la Victoria, Juan Ignacio Ustarroz, fue parte del acto oficial de la firma del convenio y traspaso de terrenos fiscales de la Naci\u00f3n a la Provincia de Buenos Aires para que sean utilizados en\u2026","rel":"","context":"En \u00abPol\u00edtica\u00bb","block_context":{"text":"Pol\u00edtica","link":"https:\/\/www.hoymercedes.com.ar\/principal\/category\/politica\/"},"img":{"alt_text":"","src":"https:\/\/i0.wp.com\/www.hoymercedes.com.ar\/principal\/wp-content\/uploads\/2015\/06\/ustarroz-casarosada.jpg?resize=350%2C200&ssl=1","width":350,"height":200,"srcset":"https:\/\/i0.wp.com\/www.hoymercedes.com.ar\/principal\/wp-content\/uploads\/2015\/06\/ustarroz-casarosada.jpg?resize=350%2C200&ssl=1 1x, https:\/\/i0.wp.com\/www.hoymercedes.com.ar\/principal\/wp-content\/uploads\/2015\/06\/ustarroz-casarosada.jpg?resize=525%2C300&ssl=1 1.5x"},"classes":[]},{"id":142341,"url":"https:\/\/www.hoymercedes.com.ar\/principal\/2022\/01\/05\/ustarroz-firma-convenio-para-urbanizar-151-lotes-con-millonaria-inversion-de-nacion\/","url_meta":{"origin":42461,"position":5},"title":"Ustarroz firma convenio para urbanizar 151 lotes con millonaria inversi\u00f3n de Naci\u00f3n","author":"hoymercedes","date":"5 enero, 2022","format":false,"excerpt":"Ustarroz firm\u00f3 convenio para realizar obras de infraestructura en 151 lotes que luego ser\u00e1n parte de programas de viviendas. La r\u00fabrica estuvo a cargo de la secretaria de Integraci\u00f3n Socio Urbana, Fernanda Mi\u00f1o y el intendente de Mercedes, Juan Ustarroz. El acuerdo establece cuatro parcelas de usos comunitarios y p\u00fablicos,\u2026","rel":"","context":"En \u00abSociedad\u00bb","block_context":{"text":"Sociedad","link":"https:\/\/www.hoymercedes.com.ar\/principal\/category\/sociedad\/"},"img":{"alt_text":"","src":"https:\/\/i0.wp.com\/www.hoymercedes.com.ar\/principal\/wp-content\/uploads\/2022\/01\/Ustarroz-Mino.jpg?resize=350%2C200&ssl=1","width":350,"height":200,"srcset":"https:\/\/i0.wp.com\/www.hoymercedes.com.ar\/principal\/wp-content\/uploads\/2022\/01\/Ustarroz-Mino.jpg?resize=350%2C200&ssl=1 1x, https:\/\/i0.wp.com\/www.hoymercedes.com.ar\/principal\/wp-content\/uploads\/2022\/01\/Ustarroz-Mino.jpg?resize=525%2C300&ssl=1 1.5x, https:\/\/i0.wp.com\/www.hoymercedes.com.ar\/principal\/wp-content\/uploads\/2022\/01\/Ustarroz-Mino.jpg?resize=700%2C400&ssl=1 2x"},"classes":[]}],"_links":{"self":[{"href":"https:\/\/www.hoymercedes.com.ar\/principal\/wp-json\/wp\/v2\/posts\/42461","targetHints":{"allow":["GET"]}}],"collection":[{"href":"https:\/\/www.hoymercedes.com.ar\/principal\/wp-json\/wp\/v2\/posts"}],"about":[{"href":"https:\/\/www.hoymercedes.com.ar\/principal\/wp-json\/wp\/v2\/types\/post"}],"author":[{"embeddable":true,"href":"https:\/\/www.hoymercedes.com.ar\/principal\/wp-json\/wp\/v2\/users\/1"}],"replies":[{"embeddable":true,"href":"https:\/\/www.hoymercedes.com.ar\/principal\/wp-json\/wp\/v2\/comments?post=42461"}],"version-history":[{"count":0,"href":"https:\/\/www.hoymercedes.com.ar\/principal\/wp-json\/wp\/v2\/posts\/42461\/revisions"}],"wp:featuredmedia":[{"embeddable":true,"href":"https:\/\/www.hoymercedes.com.ar\/principal\/wp-json\/wp\/v2\/media\/42462"}],"wp:attachment":[{"href":"https:\/\/www.hoymercedes.com.ar\/principal\/wp-json\/wp\/v2\/media?parent=42461"}],"wp:term":[{"taxonomy":"category","embeddable":true,"href":"https:\/\/www.hoymercedes.com.ar\/principal\/wp-json\/wp\/v2\/categories?post=42461"},{"taxonomy":"post_tag","embeddable":true,"href":"https:\/\/www.hoymercedes.com.ar\/principal\/wp-json\/wp\/v2\/tags?post=42461"}],"curies":[{"name":"wp","href":"https:\/\/api.w.org\/{rel}","templated":true}]}}