{"id":4247,"date":"2011-05-16T02:01:25","date_gmt":"2011-05-16T02:01:25","guid":{"rendered":"http:\/\/www.hoymercedes.com.ar\/principal\/?p=4247"},"modified":"2011-05-16T02:08:42","modified_gmt":"2011-05-16T02:08:42","slug":"se-lanzan-los-cursos-y-talleres-de-comunicacion-popular-del-afsca-en-la-universidad-de-lujan","status":"publish","type":"post","link":"https:\/\/www.hoymercedes.com.ar\/principal\/2011\/05\/16\/se-lanzan-los-cursos-y-talleres-de-comunicacion-popular-del-afsca-en-la-universidad-de-lujan\/","title":{"rendered":"Se realizan los Cursos y Talleres de Comunicaci\u00f3n Popular del AFSCA en la Universidad de Luj\u00e1n"},"content":{"rendered":"<p>Los pr\u00f3ximos 16 y 17 de mayo la Universidad Nacional de Luj\u00e1n ser\u00e1 sede de los Cursos y Talleres de Comunicaci\u00f3n Popular \u201cC\u00f3mo poner en marcha una emisora popular\u201d, organizados por la Autoridad Federal de Servicios de Comunicaci\u00f3n Audiovisual (AFSCA) y por la Secretar\u00eda de Extensi\u00f3n, Vinculaci\u00f3n y Servicios al Medio de la UNLu.<\/p>\n<p>Los mismos incluyen un Taller (te\u00f3rico-pr\u00e1ctico) con tutor\u00eda personal presencial, de dos d\u00edas de duraci\u00f3n, con 14 horas de clases.<\/p>\n<p>El Programa previsto incluye las siguientes actividades:<\/p>\n<p>* Primera jornada, lunes 16 de mayo<\/p>\n<p>8.30: Inscripci\u00f3n.<\/p>\n<p>8.50: Acto de Apertura. Autoridades de la UNLu y de AFSCA.<\/p>\n<p>9 a 9.45: \u201cComunicaci\u00f3n y democracia\u201d.<\/p>\n<p>9.45 a 10.30: \u201cDemocratizaci\u00f3n de la comunicaci\u00f3n. Rol del Estado y de los medios p\u00fablicos en el nuevo mapa medi\u00e1tico\u201d.<\/p>\n<p>10.30 a 10.45: Receso.<\/p>\n<p>10.45 a 11.30: \u201cProfesionalizaci\u00f3n del comunicador popular. Periodismo popular y militancia. Modelo de la intencionalidad editorial. Producci\u00f3n de contenidos contrainformativos\u201d.<\/p>\n<p>11.30 a 12.15: \u201cEl proceso de concentraci\u00f3n medi\u00e1tica de los 90\u00b4s. Principales grupos medi\u00e1ticos. Contenidos de la TV abierta argentina. Origen y tipo de programaci\u00f3n\u201d.<\/p>\n<p>Almuerzo<\/p>\n<p>14 a 14.45: \u201cAn\u00e1lisis comparativo entre el nuevo marco legal y el vigente desde la dictadura militar. Los desaf\u00edos que implica la aplicaci\u00f3n de la ley 26.522. Producci\u00f3n de nuevos contenidos\u201d.<\/p>\n<p>14.45 a 15.30: \u201cLos modos de ver y hacer radio. Conocimiento, consumo y apropiaci\u00f3n de tecnolog\u00eda\u201d.<\/p>\n<p>15.30 a 16.15: \u201cComunicaci\u00f3n y educaci\u00f3n\u201d.<\/p>\n<p>16.15 a 16.30: Receso.<\/p>\n<p>16.30 a 17.15: \u201cLos modos de ver y hacer televisi\u00f3n. La alternatividad. Conocimiento, consumo y apropiaci\u00f3n de tecnolog\u00eda\u201d.<\/p>\n<p>&nbsp;<\/p>\n<p>17.15 a 18: \u201cComunicaci\u00f3n y Derechos Humanos\u201d.<\/p>\n<p>&nbsp;<\/p>\n<p>* Segunda jornada, martes 17 de mayo<\/p>\n<p>9 a 9.30: \u201cComunicaci\u00f3n y grupos vulnerables\u201d<\/p>\n<p>9.30 a 10.15: \u201cR\u00e9gimen de licencias para emisoras populares y elementos a tener en cuenta para conformar una emisora popular\u201d.<\/p>\n<p>10.15 a 10.30: Receso.<\/p>\n<p>10.30 a 11.15: \u201cPlanificaci\u00f3n y gesti\u00f3n de un medio audiovisual popular. Por qu\u00e9, para qu\u00e9. Sustentabilidad y sostenibilidad de un proyecto\u201d.<\/p>\n<p>&nbsp;<\/p>\n<p>11.15 a 16: \u201cTaller en grupos de trabajo.\u201d \u201cElaboraci\u00f3n de proyectos de comunicaci\u00f3n popular: radio y televisi\u00f3n\u201d.<\/p>\n<p>16 a 17.30: \u201cDebate en plenaria sobre cada proyecto presentado\u201d.<\/p>\n<p>17.30: Acto de clausura y entrega de certificados. Autoridades de la UNLu y de AFSCA.<\/p>\n<p><span style=\"color: #888888;\">Fuente: UNLu<\/span><\/p>\n","protected":false},"excerpt":{"rendered":"<p>Los pr\u00f3ximos 16 y 17 de mayo la Universidad Nacional de Luj\u00e1n ser\u00e1 sede de los Cursos y Talleres de &#8230; <a title=\"Se realizan los Cursos y Talleres de Comunicaci\u00f3n Popular del AFSCA en la Universidad de Luj\u00e1n\" class=\"read-more\" href=\"https:\/\/www.hoymercedes.com.ar\/principal\/2011\/05\/16\/se-lanzan-los-cursos-y-talleres-de-comunicacion-popular-del-afsca-en-la-universidad-de-lujan\/\" aria-label=\"Leer m\u00e1s sobre Se realizan los Cursos y Talleres de Comunicaci\u00f3n Popular del AFSCA en la Universidad de Luj\u00e1n\">Leer m\u00e1s<\/a><\/p>\n","protected":false},"author":1,"featured_media":0,"comment_status":"open","ping_status":"open","sticky":false,"template":"","format":"standard","meta":{"_monsterinsights_skip_tracking":false,"_monsterinsights_sitenote_active":false,"_monsterinsights_sitenote_note":"","_monsterinsights_sitenote_category":0,"jetpack_post_was_ever_published":false,"_jetpack_newsletter_access":"","_jetpack_dont_email_post_to_subs":false,"_jetpack_newsletter_tier_id":0,"_jetpack_memberships_contains_paywalled_content":false,"_jetpack_memberships_contains_paid_content":false,"footnotes":"","jetpack_publicize_message":"","jetpack_publicize_feature_enabled":true,"jetpack_social_post_already_shared":false,"jetpack_social_options":{"image_generator_settings":{"template":"highway","default_image_id":0,"font":"","enabled":false},"version":2},"_wpas_customize_per_network":false},"categories":[8],"tags":[664,54],"class_list":["post-4247","post","type-post","status-publish","format-standard","hentry","category-sociedad","tag-afsca","tag-unlu","generate-columns","tablet-grid-50","mobile-grid-100","grid-parent","grid-50"],"jetpack_publicize_connections":[],"jetpack_featured_media_url":"","wps_subtitle":"","jetpack_sharing_enabled":true,"_links":{"self":[{"href":"https:\/\/www.hoymercedes.com.ar\/principal\/wp-json\/wp\/v2\/posts\/4247","targetHints":{"allow":["GET"]}}],"collection":[{"href":"https:\/\/www.hoymercedes.com.ar\/principal\/wp-json\/wp\/v2\/posts"}],"about":[{"href":"https:\/\/www.hoymercedes.com.ar\/principal\/wp-json\/wp\/v2\/types\/post"}],"author":[{"embeddable":true,"href":"https:\/\/www.hoymercedes.com.ar\/principal\/wp-json\/wp\/v2\/users\/1"}],"replies":[{"embeddable":true,"href":"https:\/\/www.hoymercedes.com.ar\/principal\/wp-json\/wp\/v2\/comments?post=4247"}],"version-history":[{"count":0,"href":"https:\/\/www.hoymercedes.com.ar\/principal\/wp-json\/wp\/v2\/posts\/4247\/revisions"}],"wp:attachment":[{"href":"https:\/\/www.hoymercedes.com.ar\/principal\/wp-json\/wp\/v2\/media?parent=4247"}],"wp:term":[{"taxonomy":"category","embeddable":true,"href":"https:\/\/www.hoymercedes.com.ar\/principal\/wp-json\/wp\/v2\/categories?post=4247"},{"taxonomy":"post_tag","embeddable":true,"href":"https:\/\/www.hoymercedes.com.ar\/principal\/wp-json\/wp\/v2\/tags?post=4247"}],"curies":[{"name":"wp","href":"https:\/\/api.w.org\/{rel}","templated":true}]}}