{"id":425,"date":"2010-11-18T13:51:12","date_gmt":"2010-11-18T13:51:12","guid":{"rendered":"http:\/\/www.hoymercedes.com.ar\/principal\/?p=425"},"modified":"2010-11-18T13:51:12","modified_gmt":"2010-11-18T13:51:12","slug":"fiesta-provincial-de-la-lectura","status":"publish","type":"post","link":"https:\/\/www.hoymercedes.com.ar\/principal\/2010\/11\/18\/fiesta-provincial-de-la-lectura\/","title":{"rendered":"Fiesta provincial de la lectura"},"content":{"rendered":"<p>Se realizar\u00e1 el s\u00e1bado 27 de noviembre de 18 a 21hs en Plaza San Mart\u00edn<\/p>\n<p>El Instituto Cultural de la Provincia auspicia y organiza la Fiesta Provincial de la Lectura que se llevar\u00e1 a cabo en el territorio bonaerense el s\u00e1bado 27 de noviembre.<\/p>\n<p>La propuesta que impulsa a la Provincia en estado p\u00fablico de lectura se canalizar\u00e1 a trav\u00e9s de las diferentes Direcciones Municipales de Cultura.<\/p>\n<p>En nuestra ciudad, la Direcci\u00f3n de Cultura y Educaci\u00f3n adherir\u00e1 con una serie de actividades que se desarrollar\u00e1n el s\u00e1bado 27 de noviembre de 18 a 21 hs en la Plaza San Mart\u00edn.<\/p>\n<p>Durante la fiesta de la lectura se leer\u00e1n cuentos y poemas de autores locales, habr\u00e1 stands de libros, regalos y juegos con la participaci\u00f3n de:<\/p>\n<p>Sociedad de Poetas y Escritores Mercedinos. Biblioteca Popular Domingo F. Sarmiento, Jard\u00edn Maternal Municipal, Escuela de Est\u00e9tica N\u00ba 1, y escuelas del distrito.<\/p>\n<p>Tambi\u00e9n habr\u00e1 m\u00fasica con la actuaci\u00f3n de \u201cLa Vereda\u201d (Amarilis D\u00edaz y C\u00eda) y la Banda de M\u00fasica \u201cVirgen de la Merced\u201d.<\/p>\n<p>Finalmente se realizar\u00e1 la presentaci\u00f3n de la 6ta. Antolog\u00eda Juvenil \u201cTu barrio\u2026 tu ciudad\u201d de la que participaron alrededor de 80 cuentos, de los cuales fueron seleccionados 37 de un total de 19 barrios mercedinos.<\/p>\n<p>La n\u00f3mina de cuentos y sus respectivos autores es la siguiente:<\/p>\n<p>\u201cAh\u00ed nos empezaron a creer\u201d &#8211; Tamara Torres &#8211; 15 a\u00f1os \u2013 Barrio Hip\u00f3lito Irigoyen<\/p>\n<p>\u201cAmor adolescente\u201d &#8211; Gabriela Elizabeth Flores &#8211; 12 a\u00f1os &#8211; Gowland<\/p>\n<p>\u201cAndr\u00e9s Dova, el almacenero\u201d &#8211; Karen Carini &#8211; 14 a\u00f1os &#8211; Barrio Centro<\/p>\n<p>\u201cChicos por la droga\u201d &#8211; Daiana Ormazabal &#8211; 12 a\u00f1os \u2013 Altamira<\/p>\n<p>\u201cEl personaje de mi barrio\u201d &#8211; Ariel Sarr\u00eda &#8211; 14 a\u00f1os &#8211; Barrio del Parque<\/p>\n<p>\u201cEl ojo detr\u00e1s de la pared\u201d &#8211; Mar\u00eda Ester Acevedo &#8211; 12 a\u00f1os \u2013 Gowland<\/p>\n<p>\u201cEl monopat\u00edn con motor\u201d &#8211; Axel Sierra &#8211; 10 a\u00f1os &#8211; Barrio Blandengues<\/p>\n<p>\u201cEl linyera Jos\u00e9\u201d &#8211; Ulises Mart\u00ednez Miranda &#8211; 12 a\u00f1os \u2013 Gowland<\/p>\n<p>\u201cEl intermediario de un \u00e1ngel\u201d &#8211; Micaela Mosca &#8211; 13 a\u00f1os &#8211; Barrio San Luis<\/p>\n<p>\u00abEl alma del pescador\u201d &#8211; Rub\u00e9n Bartolomeo &#8211; 14 a\u00f1os &#8211; Barrio Facundo Quiroga<\/p>\n<p>\u201cEl camino de la llorona\u201d &#8211; Lucas Fern\u00e1ndez &#8211; 14 a\u00f1os &#8211; Barrio Pe\u00f1aloza<\/p>\n<p>\u201cEl fantasma del barrio Hist\u00f3rico\u201d &#8211; Juan Ignacio Rossi &#8211; 12 a\u00f1os &#8211; Barrio Centro<\/p>\n<p>\u201cEl ferrocarril Trocha\u201d &#8211; Milagros Esquerra &#8211; 13 a\u00f1os &#8211; Barrio Trocha<\/p>\n<p>\u201cEl pozo del difunto\u201d \u2013 Agust\u00edn Notto \u2013 13 a\u00f1os \u2013 Barrio Guemes<\/p>\n<p>\u201cEl pulpero del barrio\u201d \u2013 J\u00e9sica Almir\u00f3n \u2013 14 a\u00f1os \u2013 Barrio Villa del Parque<\/p>\n<p>\u201cHalloween inolvidable\u201d &#8211; Oriana L\u00f3pez &#8211; 12 a\u00f1os &#8211; Barrio San Luis<\/p>\n<p>\u201c\u00a1Hincha, pirinchas ch\u00e1!\u201d &#8211; Victoria Cappanera &#8211; 15 a\u00f1os &#8211; Barrio R. Payr\u00f3<\/p>\n<p>\u201cLa amistad no se mancha\u201d &#8211; Octavio Daniel M\u00f3naco &#8211; 14 a\u00f1os &#8211; Barrio San Luis<\/p>\n<p>\u201cLa casa abandonada\u201d &#8211; Regina Ravassa &#8211; 12 a\u00f1os &#8211; Barrio Villa del Parque<\/p>\n<p>\u201cLa casa fantasma \/ Nomi\u00f3n\u201d &#8211; Tatiana Gopar &#8211; 13 a\u00f1os &#8211; Barrio La Trocha<\/p>\n<p>\u201cLa iglesia de mi barrio\u201d &#8211; Gabriela Del Bianco &#8211; 14 a\u00f1os &#8211; Barrio Unidad y Progreso<\/p>\n<p>\u201cLa pareja\u201d &#8211; Germ\u00e1n Romero &#8211; 12 a\u00f1os &#8211; Barrio Medalla Milagrosa<\/p>\n<p>\u201cLa pizzer\u00eda de mam\u00e1\u201d &#8211; Santiago Rafael Simonetti &#8211; 12 a\u00f1os &#8211; Barrio Pe\u00f1aloza<\/p>\n<p>\u201cLa primera vez que sent\u00ed tanto dolor\u201d &#8211; Tom\u00e1s Sosa &#8211; 13 a\u00f1os &#8211; Barrio Trocha<\/p>\n<p>\u201cLa ventana embrujada\u201d &#8211; Agust\u00edn Vivas y Federico Blanco &#8211; 12 a\u00f1os &#8211; Barrio San Luis<\/p>\n<p>\u201cLas estaciones\u00a0 en\u00a0 mi barrio\u201d &#8211; Karen Garro &#8211; 13 a\u00f1os &#8211; Barrio Hip\u00f3lito Irigoyen<\/p>\n<p>\u201cLo inesperado de una madre\u201d &#8211; F\u00e1tima Mendoza &#8211; 13 a\u00f1os \u2013 Gowland<\/p>\n<p>\u201cLo lindo que es\u201d &#8211; Pablo Bojorge &#8211; 13 a\u00f1os &#8211; Barrio Villa Asunci\u00f3n<\/p>\n<p>\u201cMi barrio\u201d &#8211; Leonardo Pisoni &#8211; 12 a\u00f1os &#8211; Barrio Villa Asunci\u00f3n<\/p>\n<p>\u201cMi ni\u00f1ez y el barrio\u201d &#8211; Luc\u00eda Torres &#8211; 12 a\u00f1os &#8211; Barrio Am\u00e9rica<\/p>\n<p>\u201cMiguel nunca repite\u201d &#8211; Sergio Javier L\u00f3pez &#8211; 14 a\u00f1os &#8211; Cuartel VIII<\/p>\n<p>\u201cMis colores, tus colores\u201d &#8211; Ornella Mar\u00eda Polo \u2013 12 a\u00f1os &#8211; Barrio Marchetti<\/p>\n<p>\u201cNuestros amigos\u201d &#8211; Estefan\u00eda Garro &#8211; 16 a\u00f1os &#8211; Hip\u00f3lito Irigoyen<\/p>\n<p>\u201cTechitos blancos\u201d &#8211; Camila Biaggini &#8211; 14 a\u00f1os &#8211; Barrio G\u00fcemes<\/p>\n<p>\u201cUn amor especial\u201d &#8211; Loana Sof\u00eda G\u00f3mez &#8211; 12 a\u00f1os &#8211; Gowland<\/p>\n<p>\u201cUna historia en el ferrocarril\u201d &#8211; Esteban Bisio &#8211; 12 a\u00f1os &#8211; Barrio \u201cLa Trocha\u201d<\/p>\n<p>\u201cVenganza\u201d &#8211; Melina Bustos &#8211; 14 a\u00f1os &#8211; Barrio Villa del Parque<\/p>\n","protected":false},"excerpt":{"rendered":"<p>Se realizar\u00e1 el s\u00e1bado 27 de noviembre de 18 a 21hs en Plaza San Mart\u00edn El Instituto Cultural de la &#8230; <a title=\"Fiesta provincial de la lectura\" class=\"read-more\" href=\"https:\/\/www.hoymercedes.com.ar\/principal\/2010\/11\/18\/fiesta-provincial-de-la-lectura\/\" aria-label=\"Leer m\u00e1s sobre Fiesta provincial de la lectura\">Leer m\u00e1s<\/a><\/p>\n","protected":false},"author":1,"featured_media":0,"comment_status":"open","ping_status":"open","sticky":false,"template":"","format":"standard","meta":{"_monsterinsights_skip_tracking":false,"_monsterinsights_sitenote_active":false,"_monsterinsights_sitenote_note":"","_monsterinsights_sitenote_category":0,"jetpack_post_was_ever_published":false,"_jetpack_newsletter_access":"","_jetpack_dont_email_post_to_subs":false,"_jetpack_newsletter_tier_id":0,"_jetpack_memberships_contains_paywalled_content":false,"_jetpack_memberships_contains_paid_content":false,"footnotes":"","jetpack_publicize_message":"","jetpack_publicize_feature_enabled":true,"jetpack_social_post_already_shared":false,"jetpack_social_options":{"image_generator_settings":{"template":"highway","default_image_id":0,"font":"","enabled":false},"version":2},"_wpas_customize_per_network":false},"categories":[104],"tags":[105],"class_list":["post-425","post","type-post","status-publish","format-standard","hentry","category-cultura","tag-fiesta-provincial-de-la-lectura","generate-columns","tablet-grid-50","mobile-grid-100","grid-parent","grid-50"],"jetpack_publicize_connections":[],"jetpack_featured_media_url":"","wps_subtitle":"","jetpack_sharing_enabled":true,"_links":{"self":[{"href":"https:\/\/www.hoymercedes.com.ar\/principal\/wp-json\/wp\/v2\/posts\/425","targetHints":{"allow":["GET"]}}],"collection":[{"href":"https:\/\/www.hoymercedes.com.ar\/principal\/wp-json\/wp\/v2\/posts"}],"about":[{"href":"https:\/\/www.hoymercedes.com.ar\/principal\/wp-json\/wp\/v2\/types\/post"}],"author":[{"embeddable":true,"href":"https:\/\/www.hoymercedes.com.ar\/principal\/wp-json\/wp\/v2\/users\/1"}],"replies":[{"embeddable":true,"href":"https:\/\/www.hoymercedes.com.ar\/principal\/wp-json\/wp\/v2\/comments?post=425"}],"version-history":[{"count":0,"href":"https:\/\/www.hoymercedes.com.ar\/principal\/wp-json\/wp\/v2\/posts\/425\/revisions"}],"wp:attachment":[{"href":"https:\/\/www.hoymercedes.com.ar\/principal\/wp-json\/wp\/v2\/media?parent=425"}],"wp:term":[{"taxonomy":"category","embeddable":true,"href":"https:\/\/www.hoymercedes.com.ar\/principal\/wp-json\/wp\/v2\/categories?post=425"},{"taxonomy":"post_tag","embeddable":true,"href":"https:\/\/www.hoymercedes.com.ar\/principal\/wp-json\/wp\/v2\/tags?post=425"}],"curies":[{"name":"wp","href":"https:\/\/api.w.org\/{rel}","templated":true}]}}