{"id":4250,"date":"2011-05-16T02:03:17","date_gmt":"2011-05-16T02:03:17","guid":{"rendered":"http:\/\/www.hoymercedes.com.ar\/principal\/?p=4250"},"modified":"2011-05-16T02:03:17","modified_gmt":"2011-05-16T02:03:17","slug":"treinta-presos-de-la-unidad-5-estudian-auxiliar-de-enfermeria","status":"publish","type":"post","link":"https:\/\/www.hoymercedes.com.ar\/principal\/2011\/05\/16\/treinta-presos-de-la-unidad-5-estudian-auxiliar-de-enfermeria\/","title":{"rendered":"Treinta presos de la Unidad 5 estudian auxiliar de enfermer\u00eda"},"content":{"rendered":"<p>En el marco del programa de educaci\u00f3n que impulsa el Ministerio de Justicia y Seguridad de la provincia de Buenos Aires entre la poblaci\u00f3n carcelaria, d\u00edas pasados se aprob\u00f3 el dictado del curso de auxiliar en enfermer\u00eda, del que participar\u00e1n  30 internos de la Unidad 5 Mercedes.<\/p>\n<p>Luego de las gestiones de las autoridades de la c\u00e1rcel junto al Director de la carrera de enfermer\u00eda local, Jorge Didomenico, y del Director del Hospital Blas Dubarry Rodolfo Principi, se logr\u00f3 que se apruebe por resoluci\u00f3n N\u00ba 066\/10 del Ministerio de Salud de la Provincia de Buenos el dictado del Curso de Auxiliar en Enfermer\u00eda, de un a\u00f1o de duraci\u00f3n para las personas alojadas en  la Unidad 5.<\/p>\n<p>La T\u00e9cnicatura Superior en Enfermer\u00eda, a cargo de Jorge Didomenico,  funciona en Hospital Zonal General de Agudos \u00abBlas Dubarry\u00bb y  se dicta todos los d\u00edas de 17 a 21.30 horas. Sed\u00fan se explic\u00f3 las materias y sus pr\u00e1cticas son Biolog\u00eda Humana, Salud P\u00fablica, Condiciones y Medio Ambiente del Trabajo, Cuidado de Salud Centrado en la Comunidad y la Familia y Espacio de pr\u00e1ctica Profesionalizante,  a cargo de m\u00e1s de una decena de profesores, un Secretario Acad\u00e9mico, un Coordinador, y el titular de la carrera anteriormente nombrado.<\/p>\n<p>Las pr\u00e1cticas se realizan con un profesor cada 13 alumnos y se realizan en el Sector Sanidad de la c\u00e1rcel. Cabe aclarar que al ser un curso de auxiliar de enfermer\u00eda los alumnos no realizan extracciones de sangre, colocaci\u00f3n de inyecciones, ni otras pr\u00e1cticas de mayor riesgo que s\u00ed lo hacen los enfermeros profesionales.<\/p>\n<p>La carrera en el Hospital est\u00e1 organizada en tres a\u00f1os teniendo posibilidades para aprender complejidades de atenci\u00f3n y de experiencia que habilita a los estudiantes al final de sus estudios como enfermeros profesionales, y en la Unidad Penitenciaria se dicta como curso de auxiliar de un a\u00f1o.<\/p>\n<p>Los internos, una vez concluido los estudios, reciben una matr\u00edcula Nacional y Provincial y la posibilidad de cuando se encuentren en libertad, completen sus estudios en la Escuela de Enfermer\u00eda, obteniendo otra matr\u00edcula habilitante como t\u00e9cnicos superiores.<\/p>\n<p>En el verano pasado, durante un mes, se desarroll\u00f3 un curso de nivelaci\u00f3n de los alumnos y del inter\u00e9s de los mismos ya  que al ser una carrera human\u00edstica, cada uno debe adaptar la conducta en pos de la atenci\u00f3n del otro<\/p>\n<p>Didomenico afirm\u00f3 que \u201cestoy de acuerdo con los dos pilares b\u00e1sicos del Servicio Penitenciario Bonaerense, educar y trabajar, que llevan a la resocializar a los internos. Es una tarea muy grata dar clases en el penal, y todos los profesores les ha parecido una opci\u00f3n muy interesante y se han puesto a disposici\u00f3n de esta tarea educativa y human\u00edstica, intentando aportar un granito de arena en estas personas y as\u00ed evitar el d\u00eda de ma\u00f1ana la reincidencia de ellos. Comparto y colaboro mancomunadamente con esta idea tan moderna del Servicio Penitenciario que deja entrar a diversos sectores de la comunidad, de la educaci\u00f3n, personas que queremos trasmitir saberes\u201d.<\/p>\n<p>Uno de los docentes expres\u00f3 que \u201ces muy interesante, es un grupo distinto por la condiciones de encierro, pero la formaci\u00f3n en un \u00e1rea tan compleja como la de salud no ser\u00eda de utilidad sino se compartiera\u201d. Valeria por su parte nos dejaba su reflexi\u00f3n: \u201cme asombro mucho como est\u00e1n, en las buenas condiciones que viven, por la idea que uno trae anterior, y con respecto a la clase, no noto diferencia con los alumnos de afuera\u00bb.<\/p>\n<p><span style=\"color: #888888;\">Fuente. U5<\/span><\/p>\n<p>&nbsp;<\/p>\n","protected":false},"excerpt":{"rendered":"<p>En el marco del programa de educaci\u00f3n que impulsa el Ministerio de Justicia y Seguridad de la provincia de Buenos &#8230; <a title=\"Treinta presos de la Unidad 5 estudian auxiliar de enfermer\u00eda\" class=\"read-more\" href=\"https:\/\/www.hoymercedes.com.ar\/principal\/2011\/05\/16\/treinta-presos-de-la-unidad-5-estudian-auxiliar-de-enfermeria\/\" aria-label=\"Leer m\u00e1s sobre Treinta presos de la Unidad 5 estudian auxiliar de enfermer\u00eda\">Leer m\u00e1s<\/a><\/p>\n","protected":false},"author":1,"featured_media":0,"comment_status":"open","ping_status":"open","sticky":false,"template":"","format":"standard","meta":{"_monsterinsights_skip_tracking":false,"_monsterinsights_sitenote_active":false,"_monsterinsights_sitenote_note":"","_monsterinsights_sitenote_category":0,"jetpack_post_was_ever_published":false,"_jetpack_newsletter_access":"","_jetpack_dont_email_post_to_subs":false,"_jetpack_newsletter_tier_id":0,"_jetpack_memberships_contains_paywalled_content":false,"_jetpack_memberships_contains_paid_content":false,"footnotes":"","jetpack_publicize_message":"","jetpack_publicize_feature_enabled":true,"jetpack_social_post_already_shared":false,"jetpack_social_options":{"image_generator_settings":{"template":"highway","default_image_id":0,"font":"","enabled":false},"version":2},"_wpas_customize_per_network":false},"categories":[1],"tags":[801,10,113],"class_list":["post-4250","post","type-post","status-publish","format-standard","hentry","category-opinion","tag-carcel-mercedes","tag-mercedes","tag-unidad-5","generate-columns","tablet-grid-50","mobile-grid-100","grid-parent","grid-50"],"jetpack_publicize_connections":[],"jetpack_featured_media_url":"","wps_subtitle":"","jetpack_sharing_enabled":true,"_links":{"self":[{"href":"https:\/\/www.hoymercedes.com.ar\/principal\/wp-json\/wp\/v2\/posts\/4250","targetHints":{"allow":["GET"]}}],"collection":[{"href":"https:\/\/www.hoymercedes.com.ar\/principal\/wp-json\/wp\/v2\/posts"}],"about":[{"href":"https:\/\/www.hoymercedes.com.ar\/principal\/wp-json\/wp\/v2\/types\/post"}],"author":[{"embeddable":true,"href":"https:\/\/www.hoymercedes.com.ar\/principal\/wp-json\/wp\/v2\/users\/1"}],"replies":[{"embeddable":true,"href":"https:\/\/www.hoymercedes.com.ar\/principal\/wp-json\/wp\/v2\/comments?post=4250"}],"version-history":[{"count":0,"href":"https:\/\/www.hoymercedes.com.ar\/principal\/wp-json\/wp\/v2\/posts\/4250\/revisions"}],"wp:attachment":[{"href":"https:\/\/www.hoymercedes.com.ar\/principal\/wp-json\/wp\/v2\/media?parent=4250"}],"wp:term":[{"taxonomy":"category","embeddable":true,"href":"https:\/\/www.hoymercedes.com.ar\/principal\/wp-json\/wp\/v2\/categories?post=4250"},{"taxonomy":"post_tag","embeddable":true,"href":"https:\/\/www.hoymercedes.com.ar\/principal\/wp-json\/wp\/v2\/tags?post=4250"}],"curies":[{"name":"wp","href":"https:\/\/api.w.org\/{rel}","templated":true}]}}