{"id":42513,"date":"2015-06-20T00:58:43","date_gmt":"2015-06-20T03:58:43","guid":{"rendered":"http:\/\/www.hoymercedes.com.ar\/principal\/?p=42513"},"modified":"2015-06-20T01:15:19","modified_gmt":"2015-06-20T04:15:19","slug":"lista-ucr-encabeza-lucas-fal-y-oscar-albini-primer-concejal","status":"publish","type":"post","link":"https:\/\/www.hoymercedes.com.ar\/principal\/2015\/06\/20\/lista-ucr-encabeza-lucas-fal-y-oscar-albini-primer-concejal\/","title":{"rendered":"Lista UCR: Encabeza Lucas Fal y Oscar Albini primer concejal"},"content":{"rendered":"<p><em><strong>Dentro del Frente Cambiemos, con la interna de Macri, Sanz y Carri\u00f3 se enmarca la Uni\u00f3n C\u00edvica Radical de Mercedes donde Lucas Fal es el pre candidato a intendente y el actual presidente del comit\u00e9 partidario local, Oscar Albini, primer concejal.<\/strong><\/em><\/p>\n<p>El listado completo es el siguiente:<\/p>\n<p>1 &#8211; Oscar Albini<\/p>\n<p>2 &#8211; Alejandra Rrepetto<\/p>\n<p>3 &#8211; Edgar Killmeate<\/p>\n<p>4 &#8211; Aida \u00abPetty\u00bb Laporta<\/p>\n<p>5 &#8211; Nicolas Giachino<\/p>\n<p>6 &#8211; M\u00f3nica Tirone<\/p>\n<p>7 &#8211; Walter Cabral<\/p>\n<p>8 -Julia Depaola<\/p>\n<p>9 &#8211; Roberto Mozzone<\/p>\n","protected":false},"excerpt":{"rendered":"<p>Dentro del Frente Cambiemos, con la interna de Macri, Sanz y Carri\u00f3 se enmarca la Uni\u00f3n C\u00edvica Radical de Mercedes &#8230; <a title=\"Lista UCR: Encabeza Lucas Fal y Oscar Albini primer concejal\" class=\"read-more\" href=\"https:\/\/www.hoymercedes.com.ar\/principal\/2015\/06\/20\/lista-ucr-encabeza-lucas-fal-y-oscar-albini-primer-concejal\/\" aria-label=\"Leer m\u00e1s sobre Lista UCR: Encabeza Lucas Fal y Oscar Albini primer concejal\">Leer m\u00e1s<\/a><\/p>\n","protected":false},"author":1,"featured_media":41832,"comment_status":"open","ping_status":"open","sticky":false,"template":"","format":"standard","meta":{"_monsterinsights_skip_tracking":false,"_monsterinsights_sitenote_active":false,"_monsterinsights_sitenote_note":"","_monsterinsights_sitenote_category":0,"jetpack_post_was_ever_published":false,"_jetpack_newsletter_access":"","_jetpack_dont_email_post_to_subs":false,"_jetpack_newsletter_tier_id":0,"_jetpack_memberships_contains_paywalled_content":false,"_jetpack_memberships_contains_paid_content":false,"footnotes":"","jetpack_publicize_message":"","jetpack_publicize_feature_enabled":true,"jetpack_social_post_already_shared":true,"jetpack_social_options":{"image_generator_settings":{"template":"highway","default_image_id":0,"font":"","enabled":false},"version":2},"_wpas_customize_per_network":false},"categories":[5],"tags":[2008],"class_list":["post-42513","post","type-post","status-publish","format-standard","has-post-thumbnail","hentry","category-politica","tag-lucas-fal","generate-columns","tablet-grid-50","mobile-grid-100","grid-parent","grid-50"],"jetpack_publicize_connections":[],"jetpack_featured_media_url":"https:\/\/www.hoymercedes.com.ar\/principal\/wp-content\/uploads\/2015\/05\/fal-2015.jpg","wps_subtitle":"Elecciones 2015 - Candidatos","jetpack_sharing_enabled":true,"jetpack-related-posts":[{"id":43546,"url":"https:\/\/www.hoymercedes.com.ar\/principal\/2015\/07\/31\/oscar-albini-estamos-preparados-con-lucas-para-gobernar-la-ciudad\/","url_meta":{"origin":42513,"position":0},"title":"Oscar Albini: \u201cEstamos\u00a0 preparados\u00a0 con Lucas para gobernar la ciudad\u201d","author":"hoymercedes","date":"31 julio, 2015","format":false,"excerpt":"El candidato a concejal por el Frente Cambiemos,\u00a0 lo manifest\u00f3 e hizo una evaluaci\u00f3n de todo su trabajo al frente de la Uni\u00f3n C\u00edvica Radical, donde lleva dos periodos como Presidente del comit\u00e9 distrital. En medio de la campa\u00f1a electoral el \u201cFlaco\u201d Albini, se tom\u00f3 un minuto para reflexionar acerca\u2026","rel":"","context":"En \u00abPol\u00edtica\u00bb","block_context":{"text":"Pol\u00edtica","link":"https:\/\/www.hoymercedes.com.ar\/principal\/category\/politica\/"},"img":{"alt_text":"","src":"https:\/\/i0.wp.com\/www.hoymercedes.com.ar\/principal\/wp-content\/uploads\/2015\/07\/Albini-Fal.jpg?resize=350%2C200&ssl=1","width":350,"height":200,"srcset":"https:\/\/i0.wp.com\/www.hoymercedes.com.ar\/principal\/wp-content\/uploads\/2015\/07\/Albini-Fal.jpg?resize=350%2C200&ssl=1 1x, https:\/\/i0.wp.com\/www.hoymercedes.com.ar\/principal\/wp-content\/uploads\/2015\/07\/Albini-Fal.jpg?resize=525%2C300&ssl=1 1.5x"},"classes":[]},{"id":32707,"url":"https:\/\/www.hoymercedes.com.ar\/principal\/2014\/05\/09\/unen-oscar-albini-y-lucas-fal-representantes-de-la-ucr-mercedes\/","url_meta":{"origin":42513,"position":1},"title":"UNEN: Oscar Albini y Lucas Fal representantes de la UCR Mercedes","author":"hoymercedes","date":"9 mayo, 2014","format":false,"excerpt":"Por Semanario D\u00e9cadas \/\/ Como viene sucediendo semanalmente, el pasado martes se llev\u00f3 a cabo una reuni\u00f3n en el comit\u00e9 de la Uni\u00f3n C\u00edvica Radical. Se decidi\u00f3 ratificar el pedido ya efectuado de modificaci\u00f3n a la ordenanza sobre el estacionamiento medido. Se dio lectura a las nuevas afiliaciones y a\u2026","rel":"","context":"En \u00abPol\u00edtica\u00bb","block_context":{"text":"Pol\u00edtica","link":"https:\/\/www.hoymercedes.com.ar\/principal\/category\/politica\/"},"img":{"alt_text":"UNEN: Oscar Albini y Lucas Fal representantes de la UCR Mercedes","src":"https:\/\/i0.wp.com\/www.hoymercedes.com.ar\/principal\/wp-content\/uploads\/2014\/05\/UCR.jpg?resize=350%2C200","width":350,"height":200,"srcset":"https:\/\/i0.wp.com\/www.hoymercedes.com.ar\/principal\/wp-content\/uploads\/2014\/05\/UCR.jpg?resize=350%2C200 1x, https:\/\/i0.wp.com\/www.hoymercedes.com.ar\/principal\/wp-content\/uploads\/2014\/05\/UCR.jpg?resize=525%2C300 1.5x"},"classes":[]},{"id":45618,"url":"https:\/\/www.hoymercedes.com.ar\/principal\/2015\/10\/26\/albini-concejal-electo-agradecio-el-apoyo-recibido\/","url_meta":{"origin":42513,"position":2},"title":"Albini, concejal electo, agradeci\u00f3 el apoyo recibido","author":"hoymercedes","date":"26 octubre, 2015","format":false,"excerpt":"El electo concejal por el Frente Cambiemos, Oscar Albini, expres\u00f3 por medio de las redes sociales su agradecimiento al enorme caudal de mercedinos que votaron la propuesta que lo ten\u00eda como integrante: \u201cUn 25 de Octubre de 2015 inolvidable\u201d, remarc\u00f3 \u201cEstoy profundamente agradecido por las casi 18.000 personas que nos\u2026","rel":"","context":"En \u00abOpini\u00f3n\u00bb","block_context":{"text":"Opini\u00f3n","link":"https:\/\/www.hoymercedes.com.ar\/principal\/category\/opinion\/"},"img":{"alt_text":"","src":"https:\/\/i0.wp.com\/www.hoymercedes.com.ar\/principal\/wp-content\/uploads\/2015\/10\/albini-agradece-620x300.jpg?resize=350%2C200&ssl=1","width":350,"height":200,"srcset":"https:\/\/i0.wp.com\/www.hoymercedes.com.ar\/principal\/wp-content\/uploads\/2015\/10\/albini-agradece-620x300.jpg?resize=350%2C200&ssl=1 1x, https:\/\/i0.wp.com\/www.hoymercedes.com.ar\/principal\/wp-content\/uploads\/2015\/10\/albini-agradece-620x300.jpg?resize=525%2C300&ssl=1 1.5x"},"classes":[]},{"id":49180,"url":"https:\/\/www.hoymercedes.com.ar\/principal\/2016\/04\/22\/parte-medico-de-lucas-fal\/","url_meta":{"origin":42513,"position":3},"title":"Parte m\u00e9dico de Lucas Fal","author":"hoymercedes","date":"22 abril, 2016","format":false,"excerpt":"Pasadas la hora 15, el titular de la UCR Mercedes, el concejal Oscar Albini dio cuenta a los medios de un nuevo parte m\u00e9dico: \"Hoy viernes, pasado el mediod\u00eda, el parte m\u00e9dico dice que sigue estable y con pron\u00f3stico reservado\". Muchos mercedinos, referentes del radicalismo y de otros partidos pol\u00edticos\u2026","rel":"","context":"En \u00abComunidad\u00bb","block_context":{"text":"Comunidad","link":"https:\/\/www.hoymercedes.com.ar\/principal\/category\/comunidad\/"},"img":{"alt_text":"","src":"","width":0,"height":0},"classes":[]},{"id":103854,"url":"https:\/\/www.hoymercedes.com.ar\/principal\/2019\/12\/11\/los-concejales-2015-2019-se-despidieron-de-sus-bancas\/","url_meta":{"origin":42513,"position":4},"title":"Los concejales 2015-2019 se despidieron de sus bancas","author":"hoymercedes","date":"11 diciembre, 2019","format":false,"excerpt":"Carlos Milhomme, Celeste Burone, Aida \u201cPety\u201d Laporta, Santiago Altube, Walter Cabral, Ceferino Costa y Oscar Albini terminaron sus per\u00edodos como concejales. En la sesi\u00f3n de despedida hubo llantos, an\u00e9cdotas y risas por los a\u00f1os compartidos en el recinto. Entre l\u00e1grimas Carlos Milhomme record\u00f3 sus ocho a\u00f1os en el Concejo Deliberante.\u2026","rel":"","context":"En \u00abPol\u00edtica\u00bb","block_context":{"text":"Pol\u00edtica","link":"https:\/\/www.hoymercedes.com.ar\/principal\/category\/politica\/"},"img":{"alt_text":"","src":"https:\/\/i0.wp.com\/www.hoymercedes.com.ar\/principal\/wp-content\/uploads\/2019\/12\/HCD-Despedida2019-TAPA.jpg?resize=350%2C200&ssl=1","width":350,"height":200,"srcset":"https:\/\/i0.wp.com\/www.hoymercedes.com.ar\/principal\/wp-content\/uploads\/2019\/12\/HCD-Despedida2019-TAPA.jpg?resize=350%2C200&ssl=1 1x, https:\/\/i0.wp.com\/www.hoymercedes.com.ar\/principal\/wp-content\/uploads\/2019\/12\/HCD-Despedida2019-TAPA.jpg?resize=525%2C300&ssl=1 1.5x, https:\/\/i0.wp.com\/www.hoymercedes.com.ar\/principal\/wp-content\/uploads\/2019\/12\/HCD-Despedida2019-TAPA.jpg?resize=700%2C400&ssl=1 2x"},"classes":[]},{"id":41830,"url":"https:\/\/www.hoymercedes.com.ar\/principal\/2015\/05\/21\/lucas-fal-rodeado-de-candidatos-a-concejal-presento-ideas-de-gobierno\/","url_meta":{"origin":42513,"position":5},"title":"Lucas Fal, rodeado de candidatos a concejal, present\u00f3 \u201cideas de gobierno\u201d","author":"hoymercedes","date":"21 mayo, 2015","format":false,"excerpt":"Desde la Uni\u00f3n C\u00edvica Radical Lucas Fal encabez\u00f3 la presentaci\u00f3n de \u201cIdeas de gobierno\u201d con miras a las pr\u00f3ximas elecciones a intendente. Lo hizo rodeado de los futuros candidatos a concejal: Oscar Albini, Alejandro Repetto y Edgar Killmeate. Fue la formalizaci\u00f3n de la candidatura de Lucas Fal, que desde hace\u2026","rel":"","context":"En \u00abPol\u00edtica\u00bb","block_context":{"text":"Pol\u00edtica","link":"https:\/\/www.hoymercedes.com.ar\/principal\/category\/politica\/"},"img":{"alt_text":"","src":"https:\/\/i0.wp.com\/www.hoymercedes.com.ar\/principal\/wp-content\/uploads\/2015\/05\/fal-2015-3.jpg?resize=350%2C200&ssl=1","width":350,"height":200,"srcset":"https:\/\/i0.wp.com\/www.hoymercedes.com.ar\/principal\/wp-content\/uploads\/2015\/05\/fal-2015-3.jpg?resize=350%2C200&ssl=1 1x, https:\/\/i0.wp.com\/www.hoymercedes.com.ar\/principal\/wp-content\/uploads\/2015\/05\/fal-2015-3.jpg?resize=525%2C300&ssl=1 1.5x"},"classes":[]}],"_links":{"self":[{"href":"https:\/\/www.hoymercedes.com.ar\/principal\/wp-json\/wp\/v2\/posts\/42513","targetHints":{"allow":["GET"]}}],"collection":[{"href":"https:\/\/www.hoymercedes.com.ar\/principal\/wp-json\/wp\/v2\/posts"}],"about":[{"href":"https:\/\/www.hoymercedes.com.ar\/principal\/wp-json\/wp\/v2\/types\/post"}],"author":[{"embeddable":true,"href":"https:\/\/www.hoymercedes.com.ar\/principal\/wp-json\/wp\/v2\/users\/1"}],"replies":[{"embeddable":true,"href":"https:\/\/www.hoymercedes.com.ar\/principal\/wp-json\/wp\/v2\/comments?post=42513"}],"version-history":[{"count":0,"href":"https:\/\/www.hoymercedes.com.ar\/principal\/wp-json\/wp\/v2\/posts\/42513\/revisions"}],"wp:featuredmedia":[{"embeddable":true,"href":"https:\/\/www.hoymercedes.com.ar\/principal\/wp-json\/wp\/v2\/media\/41832"}],"wp:attachment":[{"href":"https:\/\/www.hoymercedes.com.ar\/principal\/wp-json\/wp\/v2\/media?parent=42513"}],"wp:term":[{"taxonomy":"category","embeddable":true,"href":"https:\/\/www.hoymercedes.com.ar\/principal\/wp-json\/wp\/v2\/categories?post=42513"},{"taxonomy":"post_tag","embeddable":true,"href":"https:\/\/www.hoymercedes.com.ar\/principal\/wp-json\/wp\/v2\/tags?post=42513"}],"curies":[{"name":"wp","href":"https:\/\/api.w.org\/{rel}","templated":true}]}}