{"id":42527,"date":"2015-06-21T20:42:47","date_gmt":"2015-06-21T23:42:47","guid":{"rendered":"http:\/\/www.hoymercedes.com.ar\/principal\/?p=42527"},"modified":"2015-06-23T13:38:05","modified_gmt":"2015-06-23T16:38:05","slug":"el-intendente-de-mercedes-carlos-selva-candidato-a-diputado-nacional-por-el-frente-renovador","status":"publish","type":"post","link":"https:\/\/www.hoymercedes.com.ar\/principal\/2015\/06\/21\/el-intendente-de-mercedes-carlos-selva-candidato-a-diputado-nacional-por-el-frente-renovador\/","title":{"rendered":"El intendente de Mercedes, Carlos Selva, candidato a diputado nacional por el Frente Renovador"},"content":{"rendered":"<p><a href=\"https:\/\/www.hoymercedes.com.ar\/principal\/wp-content\/uploads\/2015\/06\/selva-massa-sola-malena.jpg\"><img loading=\"lazy\" decoding=\"async\" data-attachment-id=\"42528\" data-permalink=\"https:\/\/www.hoymercedes.com.ar\/principal\/2015\/06\/21\/el-intendente-de-mercedes-carlos-selva-candidato-a-diputado-nacional-por-el-frente-renovador\/selva-massa-sola-malena\/#main\" data-orig-file=\"https:\/\/www.hoymercedes.com.ar\/principal\/wp-content\/uploads\/2015\/06\/selva-massa-sola-malena.jpg\" data-orig-size=\"620,370\" data-comments-opened=\"1\" data-image-meta=\"{&quot;aperture&quot;:&quot;0&quot;,&quot;credit&quot;:&quot;&quot;,&quot;camera&quot;:&quot;&quot;,&quot;caption&quot;:&quot;&quot;,&quot;created_timestamp&quot;:&quot;0&quot;,&quot;copyright&quot;:&quot;&quot;,&quot;focal_length&quot;:&quot;0&quot;,&quot;iso&quot;:&quot;0&quot;,&quot;shutter_speed&quot;:&quot;0&quot;,&quot;title&quot;:&quot;&quot;,&quot;orientation&quot;:&quot;0&quot;}\" data-image-title=\"selva-massa-sola-malena\" data-image-description=\"\" data-image-caption=\"\" data-large-file=\"https:\/\/www.hoymercedes.com.ar\/principal\/wp-content\/uploads\/2015\/06\/selva-massa-sola-malena.jpg\" class=\"Img2014 aligncenter wp-image-42528 size-full\" src=\"https:\/\/www.hoymercedes.com.ar\/principal\/wp-content\/uploads\/2015\/06\/selva-massa-sola-malena.jpg\" alt=\"selva-massa-sola-malena\" width=\"620\" height=\"370\" srcset=\"https:\/\/www.hoymercedes.com.ar\/principal\/wp-content\/uploads\/2015\/06\/selva-massa-sola-malena.jpg 620w, https:\/\/www.hoymercedes.com.ar\/principal\/wp-content\/uploads\/2015\/06\/selva-massa-sola-malena-150x90.jpg 150w, https:\/\/www.hoymercedes.com.ar\/principal\/wp-content\/uploads\/2015\/06\/selva-massa-sola-malena-290x173.jpg 290w, https:\/\/www.hoymercedes.com.ar\/principal\/wp-content\/uploads\/2015\/06\/selva-massa-sola-malena-50x30.jpg 50w\" sizes=\"auto, (max-width: 620px) 100vw, 620px\" \/><\/a><\/p>\n<p>&nbsp;<\/p>\n<p>A Sergio Massa, lo acompa\u00f1ar\u00e1 en la f\u00f3rmula presidencial, el salte\u00f1o Gustavo S\u00e1enz. En provincia, Felipe Sol\u00e1, se presentar\u00e1 a la gobernaci\u00f3n junto a Daniel Arroyo. En Mercedes, el candidato a intendente es Marcelo Den\u00e1pole, y la sorpresa, grata para todos los mecedinos, es que Carlos Selva, ser\u00e1 finalmente cuarto candidato a diputado nacional, representando a la provincia de Buenos Aires. La ciudad, estar\u00e1 plenamente en la discusi\u00f3n de las macro pol\u00edticas nacionales.<\/p>\n<p>&nbsp;<\/p>\n<p>Finalmente, se devel\u00f3 la inc\u00f3gnita en el Frente Renovador, bien sobre el filo del cierre. Sergio Massa ser\u00e1 el candidato a presidente de la Rep\u00fablica, y el intendente electo, de Salta capital, Gustavo S\u00e1enz, acompa\u00f1\u00e1ndolo desde su candidatura a vice. Candidato a gobernador por la provincia de Buenos Aires, ser\u00e1 Felipe Sol\u00e1, mientras que el ex ministro de Desarrollo Social, Daniel Arroyo, ser\u00e1 candidato a vice gobernador, y el actual intendente de Mercedes, Carlos Selva, de qui\u00e9n se hablaba que ocupar\u00eda distintos lugares, a \u00faltimo momento, y por una fuerte presi\u00f3n de los intendentes del espacio, pidieron que haya uno de ellos en la lista de diputados nacionales, representando a la provincia, y la elecci\u00f3n recay\u00f3 en el mercedino.<\/p>\n<p>De esta manera, Mercedes est\u00e1 nuevamente en la discusi\u00f3n de la macro pol\u00edtica, el actual intendente de Mercedes, Carlos Selva, pas\u00f3 a ser candidato a diputado nacional, y en un lugar con suma expectativas, dado que ser\u00e1 el cuarto en la lista, detr\u00e1s de Facundo Moyano, Graciela Cama\u00f1o, y del actual presidente del bloque de diputados nacionales, Alberto Roberti. Esta designaci\u00f3n, abre un futuro de posicionamientos nacionales muy fuerte para toda la ciudad.<\/p>\n<p>El viernes por la noche, en el local partidario, el intendente Carlos Selva cumpli\u00f3 su promesa, y dio a conocer las novedades del Frente Renovador, de cara a la militancia, aunque no pudo definir qu\u00e9 lugar ocupar\u00eda. Y vaya si no hizo bien en adelantarse.<\/p>\n<p>\u201cDe la \u00fanica forma que nos hace sentir seguros de las decisiones que tomamos es porque est\u00e1n ustedes, que son quienes van a saber llevar adelante, un proyecto pol\u00edtico. Para hablar de la continuidad y de la misi\u00f3n que tenemos en la pol\u00edtica y de lo que pensamos hacia el futuro, que va m\u00e1s all\u00e1 de las personas, por eso nos consideramos un equipo, es que vengo oficialmente a decirles que el pr\u00f3ximo candidato a intendente de esta ciudad, se llama Marcelo Den\u00e1pole&#8230;.\u201d As\u00ed y ante una muchedumbre, Carlos Selva le anunci\u00f3 esa noche a toda la militancia de la Agrupaci\u00f3n 17 de Octubre, que el actual presidente del Concejo Deliberante, ingeniero Marcelo Den\u00e1pole, ser\u00e1 el candidato a intendente del Frente Renovador (UNA) local, y luego, present\u00f3 los candidatos a concejales, y consejeros escolares.<\/p>\n<p>El actual intendente, asever\u00f3 que para \u00e9l, no es un crecimiento, dado que \u201cno hay mayor reconocimiento, que ser intendente de la ciudad de uno\u201d, pero el crecimiento y los momentos pol\u00edticos que se viven, hacen que su rol, sea seguramente el de diputado por la fuerza liderada por Sergio Massa, adelantaba.<\/p>\n<p>M\u00e1s adelante, fustig\u00f3 duramente a Daniel Scioli, a Mauricio Macri, y a La C\u00e1mpora, y asegur\u00f3 estar convencido que el mejor candidato a presidente de todos los argentinos, es Sergio Massa.<\/p>\n<p>\u201cNo son decisiones f\u00e1ciles, menos cuando uno se siente tan acompa\u00f1ado. Tampoco piensen que cambio \u00e9ste honor de ser intendente por otro. No hay ning\u00fan cargo pol\u00edtico que te honre tanto como ser intendente de \u00e9ste pueblo. Cada vez que me lo han preguntado lo he dicho. A veces se puede ocupar un cargo muy importante, con una rosca importante se logra, pero, lo \u00fanico que no se puede hacer es llegar realmente a ser intendente. Eso es la construcci\u00f3n de los pasos que uno ha dado en la vida par\u00e1ndose de frente en la sociedad dici\u00e9ndole qu\u00e9 piensa, que siente, qu\u00e9 har\u00e1 si deposita en uno la posibilidad de administrar el destino de una ciudad. Pertenecemos a un espacio con un conductor que se llama Sergio Massa, y s\u00e9 que es el mejor candidato a presidente, estoy totalmente convencido\u201d, analizaba.<\/p>\n<p>\u201cNosotros no hacemos pol\u00edtica con la desgracia ni con la soluci\u00f3n de los temas m\u00e1s dif\u00edciles de la gente. No violamos la privacidad. Hemos visto en Massa alguien que tiene en claro los problemas de la Argentina, no los niega. Los mercedinos sabemos qu\u00e9 pasa en cada acto electoral desde el 2011 a la fecha, donde tenemos una nube de bondades que donde pareciera que r\u00e1pidamente se transforman en buenas personas, s\u00e9 que hay cambios, son distintas actitudes, lo hemos vivido y lo hemos sufrido. La agenda de la gente es otra y a esto lo sabemos con Sergio Massa y es la agenda que debe tener la pol\u00edtica: seguridad, educaci\u00f3n, que es un desastre, sobre todo, en la provincia de Buenos Aires. Nos han hecho mucho da\u00f1o. El esfuerzo que hacen los docentes, auxiliares, ante la continua desvirtualizaci\u00f3n de valores, la escuela era la consolidaci\u00f3n y el crisol de conductas y deberes, de responsabilidades, y en este mundo que no han vendido, en el que todo se puede y en el que cada uno puede hacer lo que quiera, en el que se han roto todas las instituciones, los par\u00e1metros y los l\u00edmites. Nos tenemos que hacer la idea, que si el oficialismo saca las 2\/3 partes de las C\u00e1maras, desaparecen todas las instituciones, y la divisi\u00f3n de poderes. La divisi\u00f3n que se ha creado en los barrios, en los clubes, instituciones, establecimientos educativos, sin reconocer los conocimientos, y que tienen como virtud, reconocer a los traidores, que encontraron un cobijo ah\u00ed\u201d, sentenci\u00f3 ante la muchedumbre que lo aplaud\u00eda.<\/p>\n<p>\u201cEl Frente Renovador, sufri\u00f3 un acuerdo entre Macri y el gobierno nacional para sacarlo a Massa de la cancha. Ven\u00edamos de ganar una elecci\u00f3n, y \u00e9ramos los que potencialmente mejor parados est\u00e1bamos. Un acuerdo, que no es espurio, pero es un acuerdo al fin. Y tuvo resultados, el da\u00f1o fue muy fuerte. Tuvimos p\u00e9rdidas importantes en el armado de la estructura que nos pusieron el en piso electoral de la fuerza que representamos. Y en cualquier orden de la vida, cuando estas en el piso, hay que levantarse. Hoy nos empezamos a levantar convencidos de que miramos los municipios y la provincia de la misma forma. Hoy sin crecimiento y con inflaci\u00f3n e inseguridad, pero con un crecimiento coyuntural que es papel pintado. Si se consolida el poder actual, ser\u00e1 cada vez m\u00e1s dif\u00edcil. Nos siguen quitando libertades a los que quieren opinar distinto, ten\u00e9s que estar de un lado, o del otro. Eso est\u00e1 en juego en este momento. Sabemos que nos vamos a enfrentar de nuevo al Estado nacional, y al Estado provincial, con todo lo que eso implica. Ac\u00e1 en Mercedes, la cara de esa parada de manos, est\u00e1 ac\u00e1, y el el Frente Renovador. Y no somos locos, decimos que queremos defender de lo que estamos convencidos. Y nos animamos porque est\u00e1n ustedes que nos acompa\u00f1an. En Mercedes sabemos de qu\u00e9 se trata. Les pido salgamos a convencer a la ciudadan\u00eda que este gobierno municipal debe seguir, y que no debe ser parte de un bot\u00edn personal, sino, de la construcci\u00f3n de un proyecto pol\u00edtico\u201d.<\/p>\n<p>\u201cLas definiciones que hubo en el PRO, cambian el panorama electoral. Macri tom\u00f3 la decisi\u00f3n, en el mismo camino que lo ven\u00eda haciendo. Cuando tom\u00f3 las determinaciones de sus candidatos en la Ciudad Aut\u00f3noma. Cuando hizo el acuerdo con los radicales, y les dijo: nosotros vamos a gobernar, y ustedes van a aportar ideas. Y tom\u00f3 una determinaci\u00f3n, que cuando se dio cuenta, puso marcha atr\u00e1s. Si hay algo que le cuestionamos a Scioli, es que la mayor\u00eda del gabinete, eran personas de la Capital Federal, y que no conoc\u00edan la provincia. Eso lo vivimos. La provincia tiene alrededor de 15 millones de habitantes, Macri cree, que de esos 15 millones, no hay uno solo, ni legislador, funcionario, intendente, empresario, comerciante o trabajador, capacitado para acompa\u00f1ar la f\u00f3rmula. Puso a dos personas, id\u00f3neas, eso si, pero nadie de la provincia, tiene que ser gente que est\u00e9 con \u00e9l. L\u00f3gicamente, dur\u00f3 muy poco. Caen en las encuestas, se rompen los acuerdos pol\u00edticos, y salen corriendo a cambiar la situaci\u00f3n, y poner a un vice radical, de la provincia, Gobbi. Este le dijo que no \u2013ya lo hab\u00edan anunciado-, y tuvieron que salir a buscar a Daniel Salvador. Ese espacio, se dinamit\u00f3. Son cosas que atrasaron los anuncios del Frente Renovador. Creo, que Mauricio Macri tiene miedo de ser presidente de la Rep\u00fablica. Lo que hizo con la provincia de Buenos Aires, es porque no quiere ganar. Todo esto, nos pone en un punto de lanzamiento, avanzando, y con mucha proyecci\u00f3n de crecimiento\u201d reafirm\u00f3 en un discurso en tono de barricada.<\/p>\n<p>\u201cAc\u00e1 no vamos contra nadie, sabemos que tenemos que seguir gobernando, pero por supuesto que tenemos diferencias antag\u00f3nicas con lo que es La C\u00e1mpora en \u00e9sta ciudad. Principalmente con las obras que no llegaron. Lo peor que hicieron, fue frustrar a la gente que hab\u00eda salido sorteada para su propia casa desde hac\u00eda cuatro a\u00f1os. Fueron ellos los que frenaron las obras de los planes de vivienda por las dudas que nos aplaudieran a nosotros. Fuimos nosotros los que hab\u00edamos gestionado, los que pusimos la tierra, y nos les import\u00f3 un bledo. Y encima, dec\u00edan que fueron problemas nuestros. Luego se revirti\u00f3, y enhorabuena si el plan de viviendas mejora. Pero lo que hicieron es imperdonable, hubo 100 familias que durante 4 a\u00f1os, tuvieron que seguir tirando la plata pagando un alquiler, teniendo una casa sorteada. Son cosas dif\u00edciles de superar, pero que marcan claramente qui\u00e9n es qui\u00e9n. Si tuvi\u00e9ramos que seguir esperando la plata que el candidato de La C\u00e1mpora prometi\u00f3 para los caminos rurales\u2026 Cero. Obras p\u00fablicas\u2026 Cero. Y si vienen ahora, queriendo hacer campa\u00f1a, estaremos ah\u00ed cortando la cinta. He tenido que tomar una decisi\u00f3n, que para un intendente no es f\u00e1cil. Tenemos un enfrentamiento con el gobierno nacional, y el gobierno provincial desde lo pol\u00edtico, pero tener que meternos a parar el plan en los terrenos del ferrocarril, sin haber presentado nada, moviendo la tierra, fue en defensa de nuestros vecinos. Hacen lo que se les ocurre. Envi\u00e9 al secretario de Obras P\u00fablicas a ver qu\u00e9 van a hacer en La Trocha, que nos vengan a decir. No han presentado un solo papel. Dicen que van a abrir las calles. Y las calles cuando las quisimos abrir nosotros, nos lleg\u00f3 una nota prohibi\u00e9ndonos pasar por el predio de ellos. Hacen lo que se les ocurre cuando tienen el poder. Todav\u00eda no podemos encontrar donde est\u00e1 la ONG que administra eso. Hay gente que hace 40 a\u00f1os que vive, y los quieren sacar a patadas de ah\u00ed. Y han hecho las instancias judiciales, pero los mercedinos queremos saber qu\u00e9 proyectos hay ah\u00ed, y a qui\u00e9nes le van a dar esas viviendas. Tenemos la obligaci\u00f3n de ser claros. Los invito a seguir sumando a \u00e9ste proyecto de gobierno, que demostr\u00f3 que durante 12 a\u00f1os ha hecho avanzar a la ciudad, y que quiere seguir gobern\u00e1ndola\u201d, afirm\u00f3.<\/p>\n<p>Sobre el final de su alocuci\u00f3n, el actual intendente mercedino, y candidato a diputado nacional por la provincia del Frente Renovador, Carlos Selva, cerr\u00f3 diciendo que \u201cYo no me voy a otro lugar porque me convenga, ni que sea mejor. Y lo saben todos, porque lo he dicho siempre. No hay honor m\u00e1s grande que ser intendente de la ciudad de uno. Si me toca ser diputado, voy a ser un empleado de este intendente \u2013abraz\u00e1ndolo al candidato-, y nuestro trabajo, ser\u00e1 hac\u00e9rsela m\u00e1s f\u00e1cil al intendente Marcelo Den\u00e1pole\u201d.<\/p>\n<p>Al cierre de las listas y a muy altas horas de la madrugada del domingo ya, se supo que el nutrido grupo de intendentes de la provincia de Buenos Aires del Frente Renovador, satisfechos con haber logrado el lugar que ocupar\u00e1 Carlos Selva, se reunir\u00edan para mostrarle al mercedino el fuerte apoyo con el que cuenta por parte de todos los representantes de las distintas ciudades en que el Frente Renovador es gobierno. Se supo tambi\u00e9n, que el cuarto lugar a diputado nacional, estaba para que sea ocupado por Daniel Arroyo, que al ocupar finalmente, el rol de candidato a vice gobernador, los intendentes bonaerenses, de mucha injerencia en la mesa chica del armado nacional de la fuerza, r\u00e1pidamente pidieron ese lugar para el intendente mercedino.<\/p>\n","protected":false},"excerpt":{"rendered":"<p>&nbsp; A Sergio Massa, lo acompa\u00f1ar\u00e1 en la f\u00f3rmula presidencial, el salte\u00f1o Gustavo S\u00e1enz. En provincia, Felipe Sol\u00e1, se presentar\u00e1 &#8230; <a title=\"El intendente de Mercedes, Carlos Selva, candidato a diputado nacional por el Frente Renovador\" class=\"read-more\" href=\"https:\/\/www.hoymercedes.com.ar\/principal\/2015\/06\/21\/el-intendente-de-mercedes-carlos-selva-candidato-a-diputado-nacional-por-el-frente-renovador\/\" aria-label=\"Leer m\u00e1s sobre El intendente de Mercedes, Carlos Selva, candidato a diputado nacional por el Frente Renovador\">Leer m\u00e1s<\/a><\/p>\n","protected":false},"author":1,"featured_media":42533,"comment_status":"open","ping_status":"open","sticky":false,"template":"","format":"standard","meta":{"_monsterinsights_skip_tracking":false,"_monsterinsights_sitenote_active":false,"_monsterinsights_sitenote_note":"","_monsterinsights_sitenote_category":0,"jetpack_post_was_ever_published":false,"_jetpack_newsletter_access":"","_jetpack_dont_email_post_to_subs":false,"_jetpack_newsletter_tier_id":0,"_jetpack_memberships_contains_paywalled_content":false,"_jetpack_memberships_contains_paid_content":false,"footnotes":"","jetpack_publicize_message":"","jetpack_publicize_feature_enabled":true,"jetpack_social_post_already_shared":true,"jetpack_social_options":{"image_generator_settings":{"template":"highway","default_image_id":0,"font":"","enabled":false},"version":2},"_wpas_customize_per_network":false},"categories":[5],"tags":[7474],"class_list":["post-42527","post","type-post","status-publish","format-standard","has-post-thumbnail","hentry","category-politica","tag-carlos-selva-diputado-nacional","generate-columns","tablet-grid-50","mobile-grid-100","grid-parent","grid-50"],"jetpack_publicize_connections":[],"jetpack_featured_media_url":"https:\/\/www.hoymercedes.com.ar\/principal\/wp-content\/uploads\/2015\/06\/selva-moyano-massa.jpg","wps_subtitle":"Se develaron las inc\u00f3gnitas","jetpack_sharing_enabled":true,"_links":{"self":[{"href":"https:\/\/www.hoymercedes.com.ar\/principal\/wp-json\/wp\/v2\/posts\/42527","targetHints":{"allow":["GET"]}}],"collection":[{"href":"https:\/\/www.hoymercedes.com.ar\/principal\/wp-json\/wp\/v2\/posts"}],"about":[{"href":"https:\/\/www.hoymercedes.com.ar\/principal\/wp-json\/wp\/v2\/types\/post"}],"author":[{"embeddable":true,"href":"https:\/\/www.hoymercedes.com.ar\/principal\/wp-json\/wp\/v2\/users\/1"}],"replies":[{"embeddable":true,"href":"https:\/\/www.hoymercedes.com.ar\/principal\/wp-json\/wp\/v2\/comments?post=42527"}],"version-history":[{"count":0,"href":"https:\/\/www.hoymercedes.com.ar\/principal\/wp-json\/wp\/v2\/posts\/42527\/revisions"}],"wp:featuredmedia":[{"embeddable":true,"href":"https:\/\/www.hoymercedes.com.ar\/principal\/wp-json\/wp\/v2\/media\/42533"}],"wp:attachment":[{"href":"https:\/\/www.hoymercedes.com.ar\/principal\/wp-json\/wp\/v2\/media?parent=42527"}],"wp:term":[{"taxonomy":"category","embeddable":true,"href":"https:\/\/www.hoymercedes.com.ar\/principal\/wp-json\/wp\/v2\/categories?post=42527"},{"taxonomy":"post_tag","embeddable":true,"href":"https:\/\/www.hoymercedes.com.ar\/principal\/wp-json\/wp\/v2\/tags?post=42527"}],"curies":[{"name":"wp","href":"https:\/\/api.w.org\/{rel}","templated":true}]}}