{"id":4253,"date":"2011-05-16T02:07:06","date_gmt":"2011-05-16T02:07:06","guid":{"rendered":"http:\/\/www.hoymercedes.com.ar\/principal\/?p=4253"},"modified":"2011-05-16T02:07:06","modified_gmt":"2011-05-16T02:07:06","slug":"desde-ate-mercedes-denunciaron-persecucion-gremial-en-el-registro-civil","status":"publish","type":"post","link":"https:\/\/www.hoymercedes.com.ar\/principal\/2011\/05\/16\/desde-ate-mercedes-denunciaron-persecucion-gremial-en-el-registro-civil\/","title":{"rendered":"Desde ATE Mercedes denunciaron persecuci\u00f3n gremial en el Registro Civil"},"content":{"rendered":"<figure id=\"attachment_78\" aria-describedby=\"caption-attachment-78\" style=\"width: 290px\" class=\"wp-caption alignleft\"><a href=\"https:\/\/www.hoymercedes.com.ar\/principal\/wp-content\/uploads\/2010\/11\/bonafina.jpg\"><img loading=\"lazy\" decoding=\"async\" data-attachment-id=\"78\" data-permalink=\"https:\/\/www.hoymercedes.com.ar\/principal\/2010\/11\/05\/arduas-negociaciones-para-evitar-un-nueva-semana-con-paros\/bonafina\/#main\" data-orig-file=\"https:\/\/www.hoymercedes.com.ar\/principal\/wp-content\/uploads\/2010\/11\/bonafina.jpg\" data-orig-size=\"300,183\" data-comments-opened=\"1\" data-image-meta=\"{&quot;aperture&quot;:&quot;0&quot;,&quot;credit&quot;:&quot;&quot;,&quot;camera&quot;:&quot;&quot;,&quot;caption&quot;:&quot;&quot;,&quot;created_timestamp&quot;:&quot;0&quot;,&quot;copyright&quot;:&quot;&quot;,&quot;focal_length&quot;:&quot;0&quot;,&quot;iso&quot;:&quot;0&quot;,&quot;shutter_speed&quot;:&quot;0&quot;,&quot;title&quot;:&quot;&quot;}\" data-image-title=\"Hugo Bonafina\" data-image-description=\"&lt;p&gt;Hugo Bonafina&lt;\/p&gt;\n\" data-image-caption=\"&lt;p&gt;Hugo Bonafina&lt;\/p&gt;\n\" data-large-file=\"https:\/\/www.hoymercedes.com.ar\/principal\/wp-content\/uploads\/2010\/11\/bonafina.jpg\" class=\"size-full wp-image-78\" title=\"Hugo Bonafina\" src=\"https:\/\/www.hoymercedes.com.ar\/principal\/wp-content\/uploads\/2010\/11\/bonafina.jpg\" alt=\"Hugo Bonafina\" width=\"300\" height=\"183\" \/><\/a><figcaption id=\"caption-attachment-78\" class=\"wp-caption-text\">Hugo Bonafina<\/figcaption><\/figure>\n<p>El titular de ATE en nuestra ciudad Hugo Bonafina sostuvo que a trav\u00e9s de un fax dos empleados bonaerenses afectados al Registro Civil fueron \u00a1informados que deber\u00eda de ahora en adelante por razones de servicio desempe\u00f1arse en Luj\u00e1n y que dicha pr\u00e1ctica estaba contemplada dentro de las normativas de trabajo del organismo se puede efectuar siempre y cuando el empleado que debe trasladarse a otra localidad perciba el adicional correspondiente a la movilizaci\u00f3n, algo que efectivamente ocurr\u00eda, precis\u00f3 que se estaba analizando si un fax es elemento suficiente para efectuar la comunicaci\u00f3n y en el caso de uno delos trabajadores, afiliado a dicho gremio e integrante del Consejo Directivo en nuestra ciudad goza del beneficio que por contar con permiso gremial por ser delegado de los trabajadores del lugar no puede ser cambiado ni de tareas en si como as\u00ed tampoco de destino.<\/p>\n<p>Sin embargo  el actual jefe del Registro Civil desconoce tal situaci\u00f3n que el empleado tiene desde el 2007 existiendo desde la anterior gesti\u00f3n numerosas constancias de permisos gremiales otorgados que incluso debieron se elevados a la Ciudad de La Plata como comprobantes que nunca fueron devueltos o rechazados con lo cual queda aclarada la veracidad del alcance del fuero sindical para dicho trabajador.<\/p>\n<p>Esta denuncia de acuerdo a lo manifestado por Bonafina se estaba haciendo en la totalidad de los Distritos de la Provincia de Buenos Aires y no se descuenta que si para los pr\u00f3ximos d\u00edas el tema no se soluciona comiencen a realizar diferentes tipos de movidas, medidas de protesta, frente al ingreso del Organismo en la avenida 29 entre 34 y 36.<\/p>\n","protected":false},"excerpt":{"rendered":"<p>El titular de ATE en nuestra ciudad Hugo Bonafina sostuvo que a trav\u00e9s de un fax dos empleados bonaerenses afectados &#8230; <a title=\"Desde ATE Mercedes denunciaron persecuci\u00f3n gremial en el Registro Civil\" class=\"read-more\" href=\"https:\/\/www.hoymercedes.com.ar\/principal\/2011\/05\/16\/desde-ate-mercedes-denunciaron-persecucion-gremial-en-el-registro-civil\/\" aria-label=\"Leer m\u00e1s sobre Desde ATE Mercedes denunciaron persecuci\u00f3n gremial en el Registro Civil\">Leer m\u00e1s<\/a><\/p>\n","protected":false},"author":1,"featured_media":0,"comment_status":"open","ping_status":"open","sticky":false,"template":"","format":"standard","meta":{"_monsterinsights_skip_tracking":false,"_monsterinsights_sitenote_active":false,"_monsterinsights_sitenote_note":"","_monsterinsights_sitenote_category":0,"jetpack_post_was_ever_published":false,"_jetpack_newsletter_access":"","_jetpack_dont_email_post_to_subs":false,"_jetpack_newsletter_tier_id":0,"_jetpack_memberships_contains_paywalled_content":false,"_jetpack_memberships_contains_paid_content":false,"footnotes":"","jetpack_publicize_message":"","jetpack_publicize_feature_enabled":true,"jetpack_social_post_already_shared":false,"jetpack_social_options":{"image_generator_settings":{"template":"highway","default_image_id":0,"font":"","enabled":false},"version":2},"_wpas_customize_per_network":false},"categories":[8],"tags":[418,308,419],"class_list":["post-4253","post","type-post","status-publish","format-standard","hentry","category-sociedad","tag-ate","tag-ate-mercedes","tag-bonafina","generate-columns","tablet-grid-50","mobile-grid-100","grid-parent","grid-50"],"jetpack_publicize_connections":[],"jetpack_featured_media_url":"","wps_subtitle":"","jetpack_sharing_enabled":true,"_links":{"self":[{"href":"https:\/\/www.hoymercedes.com.ar\/principal\/wp-json\/wp\/v2\/posts\/4253","targetHints":{"allow":["GET"]}}],"collection":[{"href":"https:\/\/www.hoymercedes.com.ar\/principal\/wp-json\/wp\/v2\/posts"}],"about":[{"href":"https:\/\/www.hoymercedes.com.ar\/principal\/wp-json\/wp\/v2\/types\/post"}],"author":[{"embeddable":true,"href":"https:\/\/www.hoymercedes.com.ar\/principal\/wp-json\/wp\/v2\/users\/1"}],"replies":[{"embeddable":true,"href":"https:\/\/www.hoymercedes.com.ar\/principal\/wp-json\/wp\/v2\/comments?post=4253"}],"version-history":[{"count":0,"href":"https:\/\/www.hoymercedes.com.ar\/principal\/wp-json\/wp\/v2\/posts\/4253\/revisions"}],"wp:attachment":[{"href":"https:\/\/www.hoymercedes.com.ar\/principal\/wp-json\/wp\/v2\/media?parent=4253"}],"wp:term":[{"taxonomy":"category","embeddable":true,"href":"https:\/\/www.hoymercedes.com.ar\/principal\/wp-json\/wp\/v2\/categories?post=4253"},{"taxonomy":"post_tag","embeddable":true,"href":"https:\/\/www.hoymercedes.com.ar\/principal\/wp-json\/wp\/v2\/tags?post=4253"}],"curies":[{"name":"wp","href":"https:\/\/api.w.org\/{rel}","templated":true}]}}