{"id":42530,"date":"2015-06-21T21:06:57","date_gmt":"2015-06-22T00:06:57","guid":{"rendered":"http:\/\/www.hoymercedes.com.ar\/principal\/?p=42530"},"modified":"2015-06-21T21:06:57","modified_gmt":"2015-06-22T00:06:57","slug":"orden-del-dia-concejo-deliberante-sesion-lunes-22-de-junio","status":"publish","type":"post","link":"https:\/\/www.hoymercedes.com.ar\/principal\/2015\/06\/21\/orden-del-dia-concejo-deliberante-sesion-lunes-22-de-junio\/","title":{"rendered":"Orden del d\u00eda: Concejo Deliberante sesi\u00f3n lunes 22 de junio"},"content":{"rendered":"<p>Este lunes habr\u00e1 una nueva sesi\u00f3n de Concejo Deliberante de Mercedes. En la misma tendr\u00e1 un orden del d\u00eda con variadas acciones y propuesta y banca participativa donde la Uni\u00f3n de Usuarios Viales ser\u00e1 parte efectuando un an\u00e1lisis y pedidos entorno a la seguridad vial local, regional y provincial. Como siempre es a las 19.00hs en el recinto ubicado en el Palacio Municipal de calle 29 entre 26 y 24.<\/p>\n<p>El siguiente es el orden completo<\/p>\n<p>&nbsp;<\/p>\n<div data-configid=\"5622510\/13673669\" style=\"width:630px; height:890px;\" class=\"issuuembed\"><\/div>\n<p><script type=\"text\/javascript\" src=\"\/\/e.issuu.com\/embed.js\" async=\"true\"><\/script><\/p>\n","protected":false},"excerpt":{"rendered":"<p>Este lunes habr\u00e1 una nueva sesi\u00f3n de Concejo Deliberante de Mercedes. En la misma tendr\u00e1 un orden del d\u00eda con &#8230; <a title=\"Orden del d\u00eda: Concejo Deliberante sesi\u00f3n lunes 22 de junio\" class=\"read-more\" href=\"https:\/\/www.hoymercedes.com.ar\/principal\/2015\/06\/21\/orden-del-dia-concejo-deliberante-sesion-lunes-22-de-junio\/\" aria-label=\"Leer m\u00e1s sobre Orden del d\u00eda: Concejo Deliberante sesi\u00f3n lunes 22 de junio\">Leer m\u00e1s<\/a><\/p>\n","protected":false},"author":1,"featured_media":42531,"comment_status":"open","ping_status":"open","sticky":false,"template":"","format":"standard","meta":{"_monsterinsights_skip_tracking":false,"_monsterinsights_sitenote_active":false,"_monsterinsights_sitenote_note":"","_monsterinsights_sitenote_category":0,"jetpack_post_was_ever_published":false,"_jetpack_newsletter_access":"","_jetpack_dont_email_post_to_subs":false,"_jetpack_newsletter_tier_id":0,"_jetpack_memberships_contains_paywalled_content":false,"_jetpack_memberships_contains_paid_content":false,"footnotes":"","jetpack_publicize_message":"","jetpack_publicize_feature_enabled":true,"jetpack_social_post_already_shared":true,"jetpack_social_options":{"image_generator_settings":{"template":"highway","default_image_id":0,"font":"","enabled":false},"version":2},"_wpas_customize_per_network":false},"categories":[5],"tags":[236],"class_list":["post-42530","post","type-post","status-publish","format-standard","has-post-thumbnail","hentry","category-politica","tag-concejo-deliberante","generate-columns","tablet-grid-50","mobile-grid-100","grid-parent","grid-50"],"jetpack_publicize_connections":[],"jetpack_featured_media_url":"https:\/\/www.hoymercedes.com.ar\/principal\/wp-content\/uploads\/2015\/06\/hcs-22-2015.png","wps_subtitle":"Todos los temas que tratar\u00e1n ","jetpack_sharing_enabled":true,"jetpack-related-posts":[{"id":195040,"url":"https:\/\/www.hoymercedes.com.ar\/principal\/2026\/04\/24\/concejo-deliberante-sesiona-con-temas-para-el-debate\/","url_meta":{"origin":42530,"position":0},"title":"Concejo Deliberante sesiona con temas para el debate","author":"hoymercedes","date":"24 abril, 2026","format":false,"excerpt":"El Concejo Deliberante sesiona este lunes con la paralizaci\u00f3n de obras nacionales y la emergencia social en el centro del debate. Este lunes 27 de abril, desde las 19:00 horas, el Honorable Concejo Deliberante de Mercedes llevar\u00e1 adelante una nueva Sesi\u00f3n Ordinaria marcada por una agenda de fuerte contenido social\u2026","rel":"","context":"En \u00abPol\u00edtica\u00bb","block_context":{"text":"Pol\u00edtica","link":"https:\/\/www.hoymercedes.com.ar\/principal\/category\/politica\/"},"img":{"alt_text":"El Concejo Deliberante sesiona este lunes con la paralizaci\u00f3n de obras nacionales y la emergencia social en el centro del debate Este lunes 27 de abril, desde las 19:00 horas, el Honorable Concejo Deliberante de Mercedes llevar\u00e1 adelante una nueva Sesi\u00f3n Ordinaria marcada por una agenda de fuerte contenido social y de reclamos hacia el Gobierno Nacional. Uno de los puntos m\u00e1s cr\u00edticos ser\u00e1 el tratamiento de la declaraci\u00f3n de Emergencia Social, Habitacional y de Seguridad P\u00fablica en un sector del barrio Soldado Balvidares, motivada por el corte de financiamiento nacional para obras de integraci\u00f3n socio-urbana. En la misma l\u00ednea, los bloques opositores y el oficialismo elevar\u00e1n pedidos de informes urgentes sobre la par\u00e1lisis de la Autov\u00eda de la Ruta 5 y el edificio del ISFD N\u00ba 7, obras consideradas vitales para la log\u00edstica y educaci\u00f3n local. La sesi\u00f3n tambi\u00e9n abordar\u00e1 la crisis en la atenci\u00f3n de los jubilados de PAMI y el impacto de la reforma laboral en las mujeres. En el plano local, se destaca una iniciativa para mejorar la convivencia vial protegiendo a los ciclistas y el reconocimiento a la destacada deportista Lola Montenegro. Con un orden del d\u00eda que supera los 30 expedientes, se espera un debate intenso sobre el rol del Estado municipal frente al retiro de recursos federales y la situaci\u00f3n econ\u00f3mica de los vecinos.","src":"https:\/\/i0.wp.com\/www.hoymercedes.com.ar\/principal\/wp-content\/uploads\/2026\/04\/Concejo-Deliberante-Mercedes-2026.jpg?resize=350%2C200&ssl=1","width":350,"height":200,"srcset":"https:\/\/i0.wp.com\/www.hoymercedes.com.ar\/principal\/wp-content\/uploads\/2026\/04\/Concejo-Deliberante-Mercedes-2026.jpg?resize=350%2C200&ssl=1 1x, https:\/\/i0.wp.com\/www.hoymercedes.com.ar\/principal\/wp-content\/uploads\/2026\/04\/Concejo-Deliberante-Mercedes-2026.jpg?resize=525%2C300&ssl=1 1.5x, https:\/\/i0.wp.com\/www.hoymercedes.com.ar\/principal\/wp-content\/uploads\/2026\/04\/Concejo-Deliberante-Mercedes-2026.jpg?resize=700%2C400&ssl=1 2x, https:\/\/i0.wp.com\/www.hoymercedes.com.ar\/principal\/wp-content\/uploads\/2026\/04\/Concejo-Deliberante-Mercedes-2026.jpg?resize=1050%2C600&ssl=1 3x"},"classes":[]},{"id":150570,"url":"https:\/\/www.hoymercedes.com.ar\/principal\/2022\/07\/11\/el-concejo-deliberante-se-reune-en-gowland\/","url_meta":{"origin":42530,"position":1},"title":"El Concejo Deliberante se re\u00fane en Gowland","author":"hoymercedes","date":"11 julio, 2022","format":false,"excerpt":"El Concejo Deliberante se re\u00fane en Gowland. El orden del d\u00eda previsto contiene un total de 11 proyectos presentados, dos despachos para su aprobaci\u00f3n, dos divididos y 6 peticiones particulares.","rel":"","context":"En \u00abHCD Mercedes\u00bb","block_context":{"text":"HCD Mercedes","link":"https:\/\/www.hoymercedes.com.ar\/principal\/category\/hcd-mercedes\/"},"img":{"alt_text":"","src":"","width":0,"height":0},"classes":[]},{"id":185547,"url":"https:\/\/www.hoymercedes.com.ar\/principal\/2025\/06\/23\/concejo-deliberante-mira-en-vivo-la-sesion\/","url_meta":{"origin":42530,"position":2},"title":"Concejo Deliberante: mir\u00e1 en vivo la sesi\u00f3n","author":"hoymercedes","date":"23 junio, 2025","format":false,"excerpt":"Este lunes vuelve a sesionar el Honorable Concejo Deliberante de Mercedes. Una reuni\u00f3n varios temas pol\u00e9micos para tratar. Mir\u00e1 el vivo la reuni\u00f3n. https:\/\/www.youtube.com\/live\/bQGZ7w-Je4c?si=9GexmKa5CJCEE5C9","rel":"","context":"En \u00abPol\u00edtica\u00bb","block_context":{"text":"Pol\u00edtica","link":"https:\/\/www.hoymercedes.com.ar\/principal\/category\/politica\/"},"img":{"alt_text":"Concejo Deliberante 2025","src":"https:\/\/i0.wp.com\/www.hoymercedes.com.ar\/principal\/wp-content\/uploads\/2025\/04\/ConcejoDeliberante.Mercedes.2025.jpg?resize=350%2C200&ssl=1","width":350,"height":200,"srcset":"https:\/\/i0.wp.com\/www.hoymercedes.com.ar\/principal\/wp-content\/uploads\/2025\/04\/ConcejoDeliberante.Mercedes.2025.jpg?resize=350%2C200&ssl=1 1x, https:\/\/i0.wp.com\/www.hoymercedes.com.ar\/principal\/wp-content\/uploads\/2025\/04\/ConcejoDeliberante.Mercedes.2025.jpg?resize=525%2C300&ssl=1 1.5x, https:\/\/i0.wp.com\/www.hoymercedes.com.ar\/principal\/wp-content\/uploads\/2025\/04\/ConcejoDeliberante.Mercedes.2025.jpg?resize=700%2C400&ssl=1 2x, https:\/\/i0.wp.com\/www.hoymercedes.com.ar\/principal\/wp-content\/uploads\/2025\/04\/ConcejoDeliberante.Mercedes.2025.jpg?resize=1050%2C600&ssl=1 3x, https:\/\/i0.wp.com\/www.hoymercedes.com.ar\/principal\/wp-content\/uploads\/2025\/04\/ConcejoDeliberante.Mercedes.2025.jpg?resize=1400%2C800&ssl=1 4x"},"classes":[]},{"id":178639,"url":"https:\/\/www.hoymercedes.com.ar\/principal\/2024\/09\/09\/por-corte-de-energia-se-posterga-el-concejo-deliberante\/","url_meta":{"origin":42530,"position":3},"title":"Por corte de energ\u00eda se posterga sesi\u00f3n del Concejo Deliberante","author":"hoymercedes","date":"9 septiembre, 2024","format":false,"excerpt":"Este lunes estaba programada la sesi\u00f3n que inicia el mes del Honorable Concejo Deliberante. La reuni\u00f3n estaba programada y a punto de iniciarse, pero el corte de energ\u00eda y el anuncio de que durar\u00e1 varias horas m\u00e1s hizo se reprograme. La situaci\u00f3n l\u00f3gicamente impide el funcionamiento del parlamento local dado\u2026","rel":"","context":"En \u00abSociedad\u00bb","block_context":{"text":"Sociedad","link":"https:\/\/www.hoymercedes.com.ar\/principal\/category\/sociedad\/"},"img":{"alt_text":"","src":"https:\/\/i0.wp.com\/www.hoymercedes.com.ar\/principal\/wp-content\/uploads\/2018\/10\/26-recinto-HCD.jpg?resize=350%2C200&ssl=1","width":350,"height":200,"srcset":"https:\/\/i0.wp.com\/www.hoymercedes.com.ar\/principal\/wp-content\/uploads\/2018\/10\/26-recinto-HCD.jpg?resize=350%2C200&ssl=1 1x, https:\/\/i0.wp.com\/www.hoymercedes.com.ar\/principal\/wp-content\/uploads\/2018\/10\/26-recinto-HCD.jpg?resize=525%2C300&ssl=1 1.5x, https:\/\/i0.wp.com\/www.hoymercedes.com.ar\/principal\/wp-content\/uploads\/2018\/10\/26-recinto-HCD.jpg?resize=700%2C400&ssl=1 2x"},"classes":[]},{"id":132537,"url":"https:\/\/www.hoymercedes.com.ar\/principal\/2021\/06\/28\/lunes-de-sesion-del-concejo-deliberante\/","url_meta":{"origin":42530,"position":4},"title":"Lunes de sesi\u00f3n del Concejo Deliberante","author":"hoymercedes","date":"28 junio, 2021","format":false,"excerpt":"A la hora 17, el Concejo Deliberante llevar\u00e1 adelante una nueva sesi\u00f3n ordinaria del cuerpo legislativo. Se tratar\u00e1n diferentes expedientes. Entre ellos, hay un despacho un\u00e1nime que permite el incremento de la planta permanente municipal en 30 trabajadores, de los cuales 20 son para Servicios P\u00fablicos y los otros diez\u2026","rel":"","context":"En \u00abPol\u00edtica\u00bb","block_context":{"text":"Pol\u00edtica","link":"https:\/\/www.hoymercedes.com.ar\/principal\/category\/politica\/"},"img":{"alt_text":"","src":"https:\/\/i0.wp.com\/www.hoymercedes.com.ar\/principal\/wp-content\/uploads\/2020\/06\/22-recinto-vacio.jpeg?resize=350%2C200&ssl=1","width":350,"height":200,"srcset":"https:\/\/i0.wp.com\/www.hoymercedes.com.ar\/principal\/wp-content\/uploads\/2020\/06\/22-recinto-vacio.jpeg?resize=350%2C200&ssl=1 1x, https:\/\/i0.wp.com\/www.hoymercedes.com.ar\/principal\/wp-content\/uploads\/2020\/06\/22-recinto-vacio.jpeg?resize=525%2C300&ssl=1 1.5x, https:\/\/i0.wp.com\/www.hoymercedes.com.ar\/principal\/wp-content\/uploads\/2020\/06\/22-recinto-vacio.jpeg?resize=700%2C400&ssl=1 2x"},"classes":[]},{"id":44869,"url":"https:\/\/www.hoymercedes.com.ar\/principal\/2015\/09\/28\/limpiezas-desmalezamientos-y-luminaria-copan-orden-del-dia-del-concejo-deliberante\/","url_meta":{"origin":42530,"position":5},"title":"Limpiezas, desmalezamientos y luminaria \u00abcopan\u00bb orden del d\u00eda del Concejo Deliberante","author":"hoymercedes","date":"28 septiembre, 2015","format":false,"excerpt":"Este lunes 28 se realiza una nueva sesi\u00f3n del Concejo Deliberante de Mercedes. Se estima ser\u00eda una r\u00e1pida sesi\u00f3n dado el orden del d\u00eda que est\u00e1 repleto de peque\u00f1as acciones propias de Servicios P\u00fablicos, como limpiezas, luminarias y desmalezamientos. En \u00e9pocas de campa\u00f1a lo que tratar\u00e1n en el concejo es\u2026","rel":"","context":"En \u00abPol\u00edtica\u00bb","block_context":{"text":"Pol\u00edtica","link":"https:\/\/www.hoymercedes.com.ar\/principal\/category\/politica\/"},"img":{"alt_text":"","src":"https:\/\/i0.wp.com\/www.hoymercedes.com.ar\/principal\/wp-content\/uploads\/2015\/09\/sesion-28.09.2015.jpg?resize=350%2C200&ssl=1","width":350,"height":200,"srcset":"https:\/\/i0.wp.com\/www.hoymercedes.com.ar\/principal\/wp-content\/uploads\/2015\/09\/sesion-28.09.2015.jpg?resize=350%2C200&ssl=1 1x, https:\/\/i0.wp.com\/www.hoymercedes.com.ar\/principal\/wp-content\/uploads\/2015\/09\/sesion-28.09.2015.jpg?resize=525%2C300&ssl=1 1.5x"},"classes":[]}],"_links":{"self":[{"href":"https:\/\/www.hoymercedes.com.ar\/principal\/wp-json\/wp\/v2\/posts\/42530","targetHints":{"allow":["GET"]}}],"collection":[{"href":"https:\/\/www.hoymercedes.com.ar\/principal\/wp-json\/wp\/v2\/posts"}],"about":[{"href":"https:\/\/www.hoymercedes.com.ar\/principal\/wp-json\/wp\/v2\/types\/post"}],"author":[{"embeddable":true,"href":"https:\/\/www.hoymercedes.com.ar\/principal\/wp-json\/wp\/v2\/users\/1"}],"replies":[{"embeddable":true,"href":"https:\/\/www.hoymercedes.com.ar\/principal\/wp-json\/wp\/v2\/comments?post=42530"}],"version-history":[{"count":0,"href":"https:\/\/www.hoymercedes.com.ar\/principal\/wp-json\/wp\/v2\/posts\/42530\/revisions"}],"wp:featuredmedia":[{"embeddable":true,"href":"https:\/\/www.hoymercedes.com.ar\/principal\/wp-json\/wp\/v2\/media\/42531"}],"wp:attachment":[{"href":"https:\/\/www.hoymercedes.com.ar\/principal\/wp-json\/wp\/v2\/media?parent=42530"}],"wp:term":[{"taxonomy":"category","embeddable":true,"href":"https:\/\/www.hoymercedes.com.ar\/principal\/wp-json\/wp\/v2\/categories?post=42530"},{"taxonomy":"post_tag","embeddable":true,"href":"https:\/\/www.hoymercedes.com.ar\/principal\/wp-json\/wp\/v2\/tags?post=42530"}],"curies":[{"name":"wp","href":"https:\/\/api.w.org\/{rel}","templated":true}]}}