{"id":42555,"date":"2015-06-22T16:22:33","date_gmt":"2015-06-22T19:22:33","guid":{"rendered":"http:\/\/www.hoymercedes.com.ar\/principal\/?p=42555"},"modified":"2015-06-22T16:22:33","modified_gmt":"2015-06-22T19:22:33","slug":"cuento-del-tio-allanamiento-y-detenciones","status":"publish","type":"post","link":"https:\/\/www.hoymercedes.com.ar\/principal\/2015\/06\/22\/cuento-del-tio-allanamiento-y-detenciones\/","title":{"rendered":"Cuento del t\u00edo, allanamiento y detenciones"},"content":{"rendered":"<p><strong>\u00a0<\/strong><\/p>\n<p><strong><em>Dos importantes hechos dejo la \u00faltima semana. Una vecina padeci\u00f3 el cuento del t\u00edo y por otro lado se concret\u00f3 un allanamiento por delitos cometidos en Mercedes. <\/em><\/strong><\/p>\n<p>Una vecina de nuestra ciudad sufri\u00f3 lo que se conoce como \u201ccuento del t\u00edo\u201d. Fue la semana pasada y le robaron 53 mil pesos. La polic\u00eda y la justicia investigan el hecho. Seg\u00fan se supo la mujer estaba barriendo la vereda cuando un joven se le acerca y afirma ten\u00eda un problema el\u00e9ctrico en su vivienda. Le da acceso y lo deja trabajar en el interior. El sujeto parte tiempo despu\u00e9s sin ning\u00fan impedimento. Horas m\u00e1s tarde la se\u00f1ora advierte que le faltaba dinero y ah\u00ed logra comprender que fue v\u00edctima del famoso \u201ccuento del t\u00edo\u201d.<\/p>\n<p><strong>Allanamiento<\/strong><\/p>\n<p>Fue en el Gran Buenos Aires y permiti\u00f3, tal como sucedi\u00f3 hace casi quince d\u00edas atr\u00e1s, detener personas sobre actos delictivos vividos en nuestra comunidad. En Ciudad Evita y en Hurlingham fueron las actuaciones policiales. Los detenidos son de apellido Pereyra y Requejo, ninguno de Mercedes y ambos con antecedentes penales. Se le atribuye el robo vivido el pasado 28 de mayo en la calle 4 entre 15 y 17.<\/p>\n<p>La polic\u00eda de Mercedes particip\u00f3 del esclarecimiento.<\/p>\n","protected":false},"excerpt":{"rendered":"<p>\u00a0 Dos importantes hechos dejo la \u00faltima semana. Una vecina padeci\u00f3 el cuento del t\u00edo y por otro lado se &#8230; <a title=\"Cuento del t\u00edo, allanamiento y detenciones\" class=\"read-more\" href=\"https:\/\/www.hoymercedes.com.ar\/principal\/2015\/06\/22\/cuento-del-tio-allanamiento-y-detenciones\/\" aria-label=\"Leer m\u00e1s sobre Cuento del t\u00edo, allanamiento y detenciones\">Leer m\u00e1s<\/a><\/p>\n","protected":false},"author":1,"featured_media":41413,"comment_status":"open","ping_status":"open","sticky":false,"template":"","format":"standard","meta":{"_monsterinsights_skip_tracking":false,"_monsterinsights_sitenote_active":false,"_monsterinsights_sitenote_note":"","_monsterinsights_sitenote_category":0,"jetpack_post_was_ever_published":false,"_jetpack_newsletter_access":"","_jetpack_dont_email_post_to_subs":false,"_jetpack_newsletter_tier_id":0,"_jetpack_memberships_contains_paywalled_content":false,"_jetpack_memberships_contains_paid_content":false,"footnotes":"","jetpack_publicize_message":"","jetpack_publicize_feature_enabled":true,"jetpack_social_post_already_shared":true,"jetpack_social_options":{"image_generator_settings":{"template":"highway","default_image_id":0,"font":"","enabled":false},"version":2},"_wpas_customize_per_network":false},"categories":[85],"tags":[3761],"class_list":["post-42555","post","type-post","status-publish","format-standard","has-post-thumbnail","hentry","category-policial","tag-cuento-del-tio","generate-columns","tablet-grid-50","mobile-grid-100","grid-parent","grid-50"],"jetpack_publicize_connections":[],"jetpack_featured_media_url":"https:\/\/www.hoymercedes.com.ar\/principal\/wp-content\/uploads\/2015\/05\/bonaerense-policia.jpg","wps_subtitle":"Acci\u00f3n policial","jetpack_sharing_enabled":true,"_links":{"self":[{"href":"https:\/\/www.hoymercedes.com.ar\/principal\/wp-json\/wp\/v2\/posts\/42555","targetHints":{"allow":["GET"]}}],"collection":[{"href":"https:\/\/www.hoymercedes.com.ar\/principal\/wp-json\/wp\/v2\/posts"}],"about":[{"href":"https:\/\/www.hoymercedes.com.ar\/principal\/wp-json\/wp\/v2\/types\/post"}],"author":[{"embeddable":true,"href":"https:\/\/www.hoymercedes.com.ar\/principal\/wp-json\/wp\/v2\/users\/1"}],"replies":[{"embeddable":true,"href":"https:\/\/www.hoymercedes.com.ar\/principal\/wp-json\/wp\/v2\/comments?post=42555"}],"version-history":[{"count":0,"href":"https:\/\/www.hoymercedes.com.ar\/principal\/wp-json\/wp\/v2\/posts\/42555\/revisions"}],"wp:featuredmedia":[{"embeddable":true,"href":"https:\/\/www.hoymercedes.com.ar\/principal\/wp-json\/wp\/v2\/media\/41413"}],"wp:attachment":[{"href":"https:\/\/www.hoymercedes.com.ar\/principal\/wp-json\/wp\/v2\/media?parent=42555"}],"wp:term":[{"taxonomy":"category","embeddable":true,"href":"https:\/\/www.hoymercedes.com.ar\/principal\/wp-json\/wp\/v2\/categories?post=42555"},{"taxonomy":"post_tag","embeddable":true,"href":"https:\/\/www.hoymercedes.com.ar\/principal\/wp-json\/wp\/v2\/tags?post=42555"}],"curies":[{"name":"wp","href":"https:\/\/api.w.org\/{rel}","templated":true}]}}