{"id":42558,"date":"2015-06-22T19:33:03","date_gmt":"2015-06-22T22:33:03","guid":{"rendered":"http:\/\/www.hoymercedes.com.ar\/principal\/?p=42558"},"modified":"2015-06-23T13:40:57","modified_gmt":"2015-06-23T16:40:57","slug":"lista-compromiso-federal-daniel-bernal-intendente-carlos-cisneros-primer-concejal","status":"publish","type":"post","link":"https:\/\/www.hoymercedes.com.ar\/principal\/2015\/06\/22\/lista-compromiso-federal-daniel-bernal-intendente-carlos-cisneros-primer-concejal\/","title":{"rendered":"Lista Compromiso Federal: Daniel Bernal intendente, Carlos Cisneros primer concejal"},"content":{"rendered":"<p><a href=\"https:\/\/www.hoymercedes.com.ar\/principal\/wp-content\/uploads\/2015\/06\/danielbernal-CompromisoFederal.jpg\"><img loading=\"lazy\" decoding=\"async\" data-attachment-id=\"42559\" data-permalink=\"https:\/\/www.hoymercedes.com.ar\/principal\/2015\/06\/22\/lista-compromiso-federal-daniel-bernal-intendente-carlos-cisneros-primer-concejal\/danielbernal-compromisofederal\/#main\" data-orig-file=\"https:\/\/www.hoymercedes.com.ar\/principal\/wp-content\/uploads\/2015\/06\/danielbernal-CompromisoFederal.jpg\" data-orig-size=\"620,465\" data-comments-opened=\"1\" data-image-meta=\"{&quot;aperture&quot;:&quot;0&quot;,&quot;credit&quot;:&quot;&quot;,&quot;camera&quot;:&quot;&quot;,&quot;caption&quot;:&quot;&quot;,&quot;created_timestamp&quot;:&quot;0&quot;,&quot;copyright&quot;:&quot;&quot;,&quot;focal_length&quot;:&quot;0&quot;,&quot;iso&quot;:&quot;0&quot;,&quot;shutter_speed&quot;:&quot;0&quot;,&quot;title&quot;:&quot;&quot;,&quot;orientation&quot;:&quot;0&quot;}\" data-image-title=\"danielbernal-CompromisoFederal\" data-image-description=\"\" data-image-caption=\"\" data-large-file=\"https:\/\/www.hoymercedes.com.ar\/principal\/wp-content\/uploads\/2015\/06\/danielbernal-CompromisoFederal.jpg\" class=\"Img2014 aligncenter wp-image-42559 size-full\" title=\"Daniel Bernal, pre candidato intendente, Compromiso Federal, Rodriguez S\u00e1a\" src=\"https:\/\/www.hoymercedes.com.ar\/principal\/wp-content\/uploads\/2015\/06\/danielbernal-CompromisoFederal.jpg\" alt=\"danielbernal-CompromisoFederal\" width=\"620\" height=\"465\" srcset=\"https:\/\/www.hoymercedes.com.ar\/principal\/wp-content\/uploads\/2015\/06\/danielbernal-CompromisoFederal.jpg 620w, https:\/\/www.hoymercedes.com.ar\/principal\/wp-content\/uploads\/2015\/06\/danielbernal-CompromisoFederal-150x113.jpg 150w, https:\/\/www.hoymercedes.com.ar\/principal\/wp-content\/uploads\/2015\/06\/danielbernal-CompromisoFederal-290x218.jpg 290w, https:\/\/www.hoymercedes.com.ar\/principal\/wp-content\/uploads\/2015\/06\/danielbernal-CompromisoFederal-50x38.jpg 50w\" sizes=\"auto, (max-width: 620px) 100vw, 620px\" \/><\/a><\/p>\n<p><em><strong>El cierre de listas para pre candidatos a intendente de Mercedes dej\u00f3\u00a0 la novedad de contar con representaci\u00f3n de Rodr\u00edguez S\u00e1a en lo que ser\u00e1 \u201cCompromiso Federal\u201d en Mercedes encabezados por el comerciante Daniel Bernal.<\/strong><\/em><\/p>\n<p>La lista, como se mencion\u00f3, tiene como referente m\u00e1ximo a Daniel Bernal qui\u00e9n ir\u00e1 como pre candidato a intendente por el partido del puntano Adolfo Rodriguez S\u00e1a en nuestra ciudad.<\/p>\n<p>La lista completa es la siguiente:<\/p>\n<p>Intendente: Daniel Bernal<\/p>\n<p>Concejales:<br \/>\n1 \u2013 Cisneros, Carlos<\/p>\n<p>2 \u2013 Bernal, Pablo<\/p>\n<p>3 \u2013 Leonart, Gabriel<\/p>\n<p>4 \u2013 Fredes, Sebasti\u00e1n<\/p>\n<p>5 &#8211; Rodriguez, Mariana<\/p>\n<p>6 \u2013 Gutierrez, Bautista<\/p>\n<p>7 \u2013 Cabuccio, Fernando<\/p>\n<p>8 \u2013 Emanuel Bernal<\/p>\n<p>9 \u2013 Taborda, Nazareno<\/p>\n<p>Consejeros escolares<\/p>\n<p>1 &#8211; Guzmai, Paola<\/p>\n<p>2 &#8211; Pera, Mar\u00eda Carolina<\/p>\n<p>3 &#8211; Guti\u00e9rrez, Fernando<\/p>\n","protected":false},"excerpt":{"rendered":"<p>El cierre de listas para pre candidatos a intendente de Mercedes dej\u00f3\u00a0 la novedad de contar con representaci\u00f3n de Rodr\u00edguez &#8230; <a title=\"Lista Compromiso Federal: Daniel Bernal intendente, Carlos Cisneros primer concejal\" class=\"read-more\" href=\"https:\/\/www.hoymercedes.com.ar\/principal\/2015\/06\/22\/lista-compromiso-federal-daniel-bernal-intendente-carlos-cisneros-primer-concejal\/\" aria-label=\"Leer m\u00e1s sobre Lista Compromiso Federal: Daniel Bernal intendente, Carlos Cisneros primer concejal\">Leer m\u00e1s<\/a><\/p>\n","protected":false},"author":1,"featured_media":42559,"comment_status":"open","ping_status":"open","sticky":false,"template":"","format":"standard","meta":{"_monsterinsights_skip_tracking":false,"_monsterinsights_sitenote_active":false,"_monsterinsights_sitenote_note":"","_monsterinsights_sitenote_category":0,"jetpack_post_was_ever_published":false,"_jetpack_newsletter_access":"","_jetpack_dont_email_post_to_subs":false,"_jetpack_newsletter_tier_id":0,"_jetpack_memberships_contains_paywalled_content":false,"_jetpack_memberships_contains_paid_content":false,"footnotes":"","jetpack_publicize_message":"","jetpack_publicize_feature_enabled":true,"jetpack_social_post_already_shared":true,"jetpack_social_options":{"image_generator_settings":{"template":"highway","default_image_id":0,"font":"","enabled":false},"version":2},"_wpas_customize_per_network":false},"categories":[85],"tags":[7478,7476,7477,7479],"class_list":["post-42558","post","type-post","status-publish","format-standard","has-post-thumbnail","hentry","category-policial","tag-compromiso-federal","tag-daniel-bernal","tag-pre-candidato-intendente","tag-rodriguez-saa","generate-columns","tablet-grid-50","mobile-grid-100","grid-parent","grid-50"],"jetpack_publicize_connections":[],"jetpack_featured_media_url":"https:\/\/www.hoymercedes.com.ar\/principal\/wp-content\/uploads\/2015\/06\/danielbernal-CompromisoFederal.jpg","wps_subtitle":"Elecciones 2015 - Pre candidatos","jetpack_sharing_enabled":true,"_links":{"self":[{"href":"https:\/\/www.hoymercedes.com.ar\/principal\/wp-json\/wp\/v2\/posts\/42558","targetHints":{"allow":["GET"]}}],"collection":[{"href":"https:\/\/www.hoymercedes.com.ar\/principal\/wp-json\/wp\/v2\/posts"}],"about":[{"href":"https:\/\/www.hoymercedes.com.ar\/principal\/wp-json\/wp\/v2\/types\/post"}],"author":[{"embeddable":true,"href":"https:\/\/www.hoymercedes.com.ar\/principal\/wp-json\/wp\/v2\/users\/1"}],"replies":[{"embeddable":true,"href":"https:\/\/www.hoymercedes.com.ar\/principal\/wp-json\/wp\/v2\/comments?post=42558"}],"version-history":[{"count":0,"href":"https:\/\/www.hoymercedes.com.ar\/principal\/wp-json\/wp\/v2\/posts\/42558\/revisions"}],"wp:featuredmedia":[{"embeddable":true,"href":"https:\/\/www.hoymercedes.com.ar\/principal\/wp-json\/wp\/v2\/media\/42559"}],"wp:attachment":[{"href":"https:\/\/www.hoymercedes.com.ar\/principal\/wp-json\/wp\/v2\/media?parent=42558"}],"wp:term":[{"taxonomy":"category","embeddable":true,"href":"https:\/\/www.hoymercedes.com.ar\/principal\/wp-json\/wp\/v2\/categories?post=42558"},{"taxonomy":"post_tag","embeddable":true,"href":"https:\/\/www.hoymercedes.com.ar\/principal\/wp-json\/wp\/v2\/tags?post=42558"}],"curies":[{"name":"wp","href":"https:\/\/api.w.org\/{rel}","templated":true}]}}