{"id":4259,"date":"2011-05-16T02:29:04","date_gmt":"2011-05-16T02:29:04","guid":{"rendered":"http:\/\/www.hoymercedes.com.ar\/principal\/?p=4259"},"modified":"2011-05-16T02:29:04","modified_gmt":"2011-05-16T02:29:04","slug":"se-llevo-a-cabo-la-reunion-por-seguridad-en-barrio-san-antonio","status":"publish","type":"post","link":"https:\/\/www.hoymercedes.com.ar\/principal\/2011\/05\/16\/se-llevo-a-cabo-la-reunion-por-seguridad-en-barrio-san-antonio\/","title":{"rendered":"Se llev\u00f3 a cabo la reuni\u00f3n por Seguridad en Barrio San Antonio"},"content":{"rendered":"<p>Como estaba pautado,se llev\u00f3 a cabo la reuni\u00f3n de seguridad en el barrio San Antonio, con la presencia de Director de Seguridad , Sr. Esteban Rossi.<\/p>\n<p>A pesar del mal tiempo, se hicieron presentes varios vecinos , los que pudieron expresar su preocupacion por algunos hechos delictivos, pero lo mas importante es que se lleg\u00f3 a un acuerdo para trabajar mancomunadamente vecinos y director, y asi entre todos budcar las mejores herramientas que se pueden utilizar para  disminuir paulatinamente con el delito si es posible hata ternimar con el mismo.<\/p>\n<p>Los integrantes de la Sociedad de Fomento que preside la Se\u00f1ora Nora Alvarado de Otero con un grupo de vecino se comprometi\u00f3 a estar de manera permanete con el Director de Seguridad  para poder concrertar dicho trabajo en conjunto.<\/p>\n<div align=\"center\">\n<figure id=\"attachment_4261\" aria-describedby=\"caption-attachment-4261\" style=\"width: 490px\" class=\"wp-caption aligncenter\"><a href=\"https:\/\/www.hoymercedes.com.ar\/principal\/wp-content\/uploads\/2011\/05\/charlaseguridad.jpg\"><img loading=\"lazy\" decoding=\"async\" data-attachment-id=\"4261\" data-permalink=\"https:\/\/www.hoymercedes.com.ar\/principal\/2011\/05\/16\/se-llevo-a-cabo-la-reunion-por-seguridad-en-barrio-san-antonio\/charlaseguridad\/#main\" data-orig-file=\"https:\/\/www.hoymercedes.com.ar\/principal\/wp-content\/uploads\/2011\/05\/charlaseguridad.jpg\" data-orig-size=\"500,400\" data-comments-opened=\"1\" data-image-meta=\"{&quot;aperture&quot;:&quot;0&quot;,&quot;credit&quot;:&quot;&quot;,&quot;camera&quot;:&quot;SGH-F250L&quot;,&quot;caption&quot;:&quot;&quot;,&quot;created_timestamp&quot;:&quot;1305307788&quot;,&quot;copyright&quot;:&quot;&quot;,&quot;focal_length&quot;:&quot;0&quot;,&quot;iso&quot;:&quot;0&quot;,&quot;shutter_speed&quot;:&quot;0&quot;,&quot;title&quot;:&quot;&quot;}\" data-image-title=\"charlaseguridad\" data-image-description=\"&lt;p&gt;Charla sobre Seguridad&lt;\/p&gt;\n\" data-image-caption=\"&lt;p&gt;Charla sobre Seguridad&lt;\/p&gt;\n\" data-large-file=\"https:\/\/www.hoymercedes.com.ar\/principal\/wp-content\/uploads\/2011\/05\/charlaseguridad.jpg\" class=\"size-full wp-image-4261\" title=\"charlaseguridad\" src=\"https:\/\/www.hoymercedes.com.ar\/principal\/wp-content\/uploads\/2011\/05\/charlaseguridad.jpg\" alt=\"Charla sobre Seguridad\" width=\"500\" height=\"400\" \/><\/a><figcaption id=\"caption-attachment-4261\" class=\"wp-caption-text\">Charla sobre Seguridad<\/figcaption><\/figure><\/div>\n<p>&nbsp;<\/p>\n","protected":false},"excerpt":{"rendered":"<p>Como estaba pautado,se llev\u00f3 a cabo la reuni\u00f3n de seguridad en el barrio San Antonio, con la presencia de Director &#8230; <a title=\"Se llev\u00f3 a cabo la reuni\u00f3n por Seguridad en Barrio San Antonio\" class=\"read-more\" href=\"https:\/\/www.hoymercedes.com.ar\/principal\/2011\/05\/16\/se-llevo-a-cabo-la-reunion-por-seguridad-en-barrio-san-antonio\/\" aria-label=\"Leer m\u00e1s sobre Se llev\u00f3 a cabo la reuni\u00f3n por Seguridad en Barrio San Antonio\">Leer m\u00e1s<\/a><\/p>\n","protected":false},"author":1,"featured_media":0,"comment_status":"open","ping_status":"open","sticky":false,"template":"","format":"standard","meta":{"_monsterinsights_skip_tracking":false,"_monsterinsights_sitenote_active":false,"_monsterinsights_sitenote_note":"","_monsterinsights_sitenote_category":0,"jetpack_post_was_ever_published":false,"_jetpack_newsletter_access":"","_jetpack_dont_email_post_to_subs":false,"_jetpack_newsletter_tier_id":0,"_jetpack_memberships_contains_paywalled_content":false,"_jetpack_memberships_contains_paid_content":false,"footnotes":"","jetpack_publicize_message":"","jetpack_publicize_feature_enabled":true,"jetpack_social_post_already_shared":false,"jetpack_social_options":{"image_generator_settings":{"template":"highway","default_image_id":0,"font":"","enabled":false},"version":2},"_wpas_customize_per_network":false},"categories":[8],"tags":[526,333,802],"class_list":["post-4259","post","type-post","status-publish","format-standard","hentry","category-sociedad","tag-barrio-san-antonio","tag-esteban-rossi","tag-seguridad","generate-columns","tablet-grid-50","mobile-grid-100","grid-parent","grid-50"],"jetpack_publicize_connections":[],"jetpack_featured_media_url":"","wps_subtitle":"","jetpack_sharing_enabled":true,"_links":{"self":[{"href":"https:\/\/www.hoymercedes.com.ar\/principal\/wp-json\/wp\/v2\/posts\/4259","targetHints":{"allow":["GET"]}}],"collection":[{"href":"https:\/\/www.hoymercedes.com.ar\/principal\/wp-json\/wp\/v2\/posts"}],"about":[{"href":"https:\/\/www.hoymercedes.com.ar\/principal\/wp-json\/wp\/v2\/types\/post"}],"author":[{"embeddable":true,"href":"https:\/\/www.hoymercedes.com.ar\/principal\/wp-json\/wp\/v2\/users\/1"}],"replies":[{"embeddable":true,"href":"https:\/\/www.hoymercedes.com.ar\/principal\/wp-json\/wp\/v2\/comments?post=4259"}],"version-history":[{"count":0,"href":"https:\/\/www.hoymercedes.com.ar\/principal\/wp-json\/wp\/v2\/posts\/4259\/revisions"}],"wp:attachment":[{"href":"https:\/\/www.hoymercedes.com.ar\/principal\/wp-json\/wp\/v2\/media?parent=4259"}],"wp:term":[{"taxonomy":"category","embeddable":true,"href":"https:\/\/www.hoymercedes.com.ar\/principal\/wp-json\/wp\/v2\/categories?post=4259"},{"taxonomy":"post_tag","embeddable":true,"href":"https:\/\/www.hoymercedes.com.ar\/principal\/wp-json\/wp\/v2\/tags?post=4259"}],"curies":[{"name":"wp","href":"https:\/\/api.w.org\/{rel}","templated":true}]}}