{"id":42595,"date":"2015-06-24T14:00:20","date_gmt":"2015-06-24T17:00:20","guid":{"rendered":"http:\/\/www.hoymercedes.com.ar\/principal\/?p=42595"},"modified":"2015-06-25T22:36:35","modified_gmt":"2015-06-26T01:36:35","slug":"nueva-reunion-entre-oficina-de-empleo-y-empresas-de-mercedes","status":"publish","type":"post","link":"https:\/\/www.hoymercedes.com.ar\/principal\/2015\/06\/24\/nueva-reunion-entre-oficina-de-empleo-y-empresas-de-mercedes\/","title":{"rendered":"Nueva reuni\u00f3n entre Oficina de Empleo y empresas de Mercedes"},"content":{"rendered":"<p><a href=\"https:\/\/www.hoymercedes.com.ar\/principal\/wp-content\/uploads\/2015\/06\/desayuno.empresas.empleomercedes.jpg\"><img loading=\"lazy\" decoding=\"async\" data-attachment-id=\"42596\" data-permalink=\"https:\/\/www.hoymercedes.com.ar\/principal\/2015\/06\/24\/nueva-reunion-entre-oficina-de-empleo-y-empresas-de-mercedes\/desayuno-empresas-empleomercedes\/#main\" data-orig-file=\"https:\/\/www.hoymercedes.com.ar\/principal\/wp-content\/uploads\/2015\/06\/desayuno.empresas.empleomercedes.jpg\" data-orig-size=\"620,465\" data-comments-opened=\"1\" data-image-meta=\"{&quot;aperture&quot;:&quot;0&quot;,&quot;credit&quot;:&quot;&quot;,&quot;camera&quot;:&quot;&quot;,&quot;caption&quot;:&quot;&quot;,&quot;created_timestamp&quot;:&quot;0&quot;,&quot;copyright&quot;:&quot;&quot;,&quot;focal_length&quot;:&quot;0&quot;,&quot;iso&quot;:&quot;0&quot;,&quot;shutter_speed&quot;:&quot;0&quot;,&quot;title&quot;:&quot;&quot;,&quot;orientation&quot;:&quot;0&quot;}\" data-image-title=\"desayuno.empresas.empleomercedes\" data-image-description=\"\" data-image-caption=\"\" data-large-file=\"https:\/\/www.hoymercedes.com.ar\/principal\/wp-content\/uploads\/2015\/06\/desayuno.empresas.empleomercedes.jpg\" class=\"Img2014 aligncenter wp-image-42596 size-full\" src=\"https:\/\/www.hoymercedes.com.ar\/principal\/wp-content\/uploads\/2015\/06\/desayuno.empresas.empleomercedes.jpg\" alt=\"desayuno.empresas.empleomercedes\" width=\"620\" height=\"465\" srcset=\"https:\/\/www.hoymercedes.com.ar\/principal\/wp-content\/uploads\/2015\/06\/desayuno.empresas.empleomercedes.jpg 620w, https:\/\/www.hoymercedes.com.ar\/principal\/wp-content\/uploads\/2015\/06\/desayuno.empresas.empleomercedes-150x113.jpg 150w, https:\/\/www.hoymercedes.com.ar\/principal\/wp-content\/uploads\/2015\/06\/desayuno.empresas.empleomercedes-290x218.jpg 290w, https:\/\/www.hoymercedes.com.ar\/principal\/wp-content\/uploads\/2015\/06\/desayuno.empresas.empleomercedes-50x38.jpg 50w\" sizes=\"auto, (max-width: 620px) 100vw, 620px\" \/><\/a><\/p>\n<p><em><strong>La Oficina de Empleo de la Municipalidad de Mercedes contin\u00faa buscando la mejor vinculaci\u00f3n entre las empresas y la sociedad con el objetivo de mejorar las posibilidades de contrataci\u00f3n de personal y para ello llev\u00f3 adelante el segundo encuentro de trabajo.<\/strong><\/em><\/p>\n<p>Se realiz\u00f3 el segundo desayuno de trabajo en las instalaciones del Sector Industrial Planificado con las empresas de nuestra ciudad.<\/p>\n<p>En \u00e9sta ocasi\u00f3n participaron Empresas como Aceros Borroni, Karavell, Magromer, NC Mecanizados, La Parmesana, San Mart\u00edn, Parque Log\u00edstico Mercedes, internegocios, Merplac, YPF gas (ex comsergas), Qu\u00edmica JP, JP servicios, Mundo Helado y Cromados Porfido. Todos ellos participaron en las dos propuestas de trabajo denominadas \u201cdesayunos de trabajo\u201d<\/p>\n<p>La propuesta se viene realizando un trabajo en conjunto con la Direcci\u00f3n de Producci\u00f3n para la mejora de selecci\u00f3n de personal, capacitaciones y la decisi\u00f3n de centralizar distintas cuestiones de inter\u00e9s para las empresas desde la \u201cOficina de Empleo\u201d de la Municipalidad de Mercedes.<\/p>\n","protected":false},"excerpt":{"rendered":"<p>La Oficina de Empleo de la Municipalidad de Mercedes contin\u00faa buscando la mejor vinculaci\u00f3n entre las empresas y la sociedad &#8230; <a title=\"Nueva reuni\u00f3n entre Oficina de Empleo y empresas de Mercedes\" class=\"read-more\" href=\"https:\/\/www.hoymercedes.com.ar\/principal\/2015\/06\/24\/nueva-reunion-entre-oficina-de-empleo-y-empresas-de-mercedes\/\" aria-label=\"Leer m\u00e1s sobre Nueva reuni\u00f3n entre Oficina de Empleo y empresas de Mercedes\">Leer m\u00e1s<\/a><\/p>\n","protected":false},"author":1,"featured_media":42596,"comment_status":"open","ping_status":"open","sticky":false,"template":"","format":"standard","meta":{"_monsterinsights_skip_tracking":false,"_monsterinsights_sitenote_active":false,"_monsterinsights_sitenote_note":"","_monsterinsights_sitenote_category":0,"jetpack_post_was_ever_published":false,"_jetpack_newsletter_access":"","_jetpack_dont_email_post_to_subs":false,"_jetpack_newsletter_tier_id":0,"_jetpack_memberships_contains_paywalled_content":false,"_jetpack_memberships_contains_paid_content":false,"footnotes":"","jetpack_publicize_message":"","jetpack_publicize_feature_enabled":true,"jetpack_social_post_already_shared":true,"jetpack_social_options":{"image_generator_settings":{"template":"highway","default_image_id":0,"font":"","enabled":false},"version":2},"_wpas_customize_per_network":false},"categories":[30],"tags":[1200],"class_list":["post-42595","post","type-post","status-publish","format-standard","has-post-thumbnail","hentry","category-municipio","tag-oficina-de-empleo-mercedes","generate-columns","tablet-grid-50","mobile-grid-100","grid-parent","grid-50"],"jetpack_publicize_connections":[],"jetpack_featured_media_url":"https:\/\/www.hoymercedes.com.ar\/principal\/wp-content\/uploads\/2015\/06\/desayuno.empresas.empleomercedes.jpg","wps_subtitle":"Capacitaci\u00f3n y empleo","jetpack_sharing_enabled":true,"_links":{"self":[{"href":"https:\/\/www.hoymercedes.com.ar\/principal\/wp-json\/wp\/v2\/posts\/42595","targetHints":{"allow":["GET"]}}],"collection":[{"href":"https:\/\/www.hoymercedes.com.ar\/principal\/wp-json\/wp\/v2\/posts"}],"about":[{"href":"https:\/\/www.hoymercedes.com.ar\/principal\/wp-json\/wp\/v2\/types\/post"}],"author":[{"embeddable":true,"href":"https:\/\/www.hoymercedes.com.ar\/principal\/wp-json\/wp\/v2\/users\/1"}],"replies":[{"embeddable":true,"href":"https:\/\/www.hoymercedes.com.ar\/principal\/wp-json\/wp\/v2\/comments?post=42595"}],"version-history":[{"count":0,"href":"https:\/\/www.hoymercedes.com.ar\/principal\/wp-json\/wp\/v2\/posts\/42595\/revisions"}],"wp:featuredmedia":[{"embeddable":true,"href":"https:\/\/www.hoymercedes.com.ar\/principal\/wp-json\/wp\/v2\/media\/42596"}],"wp:attachment":[{"href":"https:\/\/www.hoymercedes.com.ar\/principal\/wp-json\/wp\/v2\/media?parent=42595"}],"wp:term":[{"taxonomy":"category","embeddable":true,"href":"https:\/\/www.hoymercedes.com.ar\/principal\/wp-json\/wp\/v2\/categories?post=42595"},{"taxonomy":"post_tag","embeddable":true,"href":"https:\/\/www.hoymercedes.com.ar\/principal\/wp-json\/wp\/v2\/tags?post=42595"}],"curies":[{"name":"wp","href":"https:\/\/api.w.org\/{rel}","templated":true}]}}