{"id":42610,"date":"2015-06-25T22:27:16","date_gmt":"2015-06-26T01:27:16","guid":{"rendered":"http:\/\/www.hoymercedes.com.ar\/principal\/?p=42610"},"modified":"2015-06-28T19:28:17","modified_gmt":"2015-06-28T22:28:17","slug":"lucas-fal-con-criticas-e-ideas-de-gestion-se-lanzo-a-la-intendencia","status":"publish","type":"post","link":"https:\/\/www.hoymercedes.com.ar\/principal\/2015\/06\/25\/lucas-fal-con-criticas-e-ideas-de-gestion-se-lanzo-a-la-intendencia\/","title":{"rendered":"Lucas Fal, con cr\u00edticas, ideas de gesti\u00f3n e importante visita se lanz\u00f3 a la intendencia"},"content":{"rendered":"<p><a href=\"https:\/\/www.hoymercedes.com.ar\/principal\/wp-content\/uploads\/2015\/06\/FAL024.jpg\"><img loading=\"lazy\" decoding=\"async\" data-attachment-id=\"42611\" data-permalink=\"https:\/\/www.hoymercedes.com.ar\/principal\/2015\/06\/25\/lucas-fal-con-criticas-e-ideas-de-gestion-se-lanzo-a-la-intendencia\/fal024\/#main\" data-orig-file=\"https:\/\/www.hoymercedes.com.ar\/principal\/wp-content\/uploads\/2015\/06\/FAL024.jpg\" data-orig-size=\"620,349\" data-comments-opened=\"1\" data-image-meta=\"{&quot;aperture&quot;:&quot;2.5&quot;,&quot;credit&quot;:&quot;&quot;,&quot;camera&quot;:&quot;ST64&quot;,&quot;caption&quot;:&quot;&quot;,&quot;created_timestamp&quot;:&quot;1435158054&quot;,&quot;copyright&quot;:&quot;COPYRIGHT, 2011&quot;,&quot;focal_length&quot;:&quot;4.5&quot;,&quot;iso&quot;:&quot;400&quot;,&quot;shutter_speed&quot;:&quot;0.05&quot;,&quot;title&quot;:&quot;&quot;,&quot;orientation&quot;:&quot;0&quot;}\" data-image-title=\"FAL024\" data-image-description=\"\" data-image-caption=\"\" data-large-file=\"https:\/\/www.hoymercedes.com.ar\/principal\/wp-content\/uploads\/2015\/06\/FAL024.jpg\" class=\"Img2014 aligncenter wp-image-42611 size-full\" title=\"Lucas Fal 2015\" src=\"https:\/\/www.hoymercedes.com.ar\/principal\/wp-content\/uploads\/2015\/06\/FAL024.jpg\" alt=\"FAL024\" width=\"620\" height=\"349\" srcset=\"https:\/\/www.hoymercedes.com.ar\/principal\/wp-content\/uploads\/2015\/06\/FAL024.jpg 620w, https:\/\/www.hoymercedes.com.ar\/principal\/wp-content\/uploads\/2015\/06\/FAL024-150x84.jpg 150w, https:\/\/www.hoymercedes.com.ar\/principal\/wp-content\/uploads\/2015\/06\/FAL024-290x163.jpg 290w, https:\/\/www.hoymercedes.com.ar\/principal\/wp-content\/uploads\/2015\/06\/FAL024-50x28.jpg 50w\" sizes=\"auto, (max-width: 620px) 100vw, 620px\" \/><\/a><\/p>\n<p><strong>\u00a0<\/strong><\/p>\n<p>Desde el \u201cFrente Cambiemos\u201d y en la Uni\u00f3n C\u00edvica Radical el pre candidato Lucas Fal se lanz\u00f3 con miras a las PASO que lo tendr\u00e1 como protagonista en las pr\u00f3ximas elecciones de agosto. En el acto, con m\u00e1s de 300 asistentes, estuvieron todos los integrantes de la lista y se cont\u00f3 con la visita del pre candidato a vice gobernador de la Provincia de Buenos Aires Daniel Salvador<\/p>\n<p>La interna m\u00e1s caliente de Mercedes se vivir\u00e1 en el \u201cFrente Cambiemos\u201d que incluye Jos\u00e9 Cestari, Jorge Pirotta y Juan Carlos Ben\u00edtez adem\u00e1s del mencionado Lucas Fal que expuso todo su equipo de trabajo y un amplio apoyo en el Club Comunicaciones donde lanz\u00f3 oficialmente su candidatura tras las presentaciones de listas. En la noche se dirigieron al p\u00fablico Esteban Biaggini, presidente de la juventud radical, Oscar Albini, primer candidato a concejal y Ana Darritch\u00f3n primera candidata al consejo escolar.<\/p>\n<p>A la hora de tomar la palabra Oscar Albini efectu\u00f3 un repaso por las diferentes cuestiones que deber\u00edan atenderse en la ciudad, realizando fuertes cr\u00edticas a distintas expresiones pol\u00edticas y al Concejo Deliberante, que actualmente \u201c<em>se la pasa contando focos\u201d<\/em>. Tambi\u00e9n coment\u00f3 sobre Salvador diciendo que: \u201cfue un militante de las \u00e9pocas m\u00e1s duras, fue secretario de la CONADEP acompa\u00f1ando a Graciela Fern\u00e1ndez Meijide, Alfredo Bravo y tantos otros en aquel primer decreto que hiciera Ra\u00fal Alfons\u00edn. \u00c9l s\u00ed que la pele\u00f3, no como otros que ordenaban bajar cuadros cuando lucraban en la \u00e9poca m\u00e1s dif\u00edcil con la 1050 en el Sur\u201d. El primer candidato sostuvo que \u201csiento un orgullo muy grande (\u2026) encabezo una lista para concejal, pero, detr\u00e1s hay un gran equipo (\u2026) tenemos una lista amplia con la intenci\u00f3n de llegar a todos los sectores de nuestra comunidad\u201d, remarc\u00f3 para luego presentar a todos los integrantes de la lista. Oscar Albini expuso con seguridad que: \u201csomos la fuerza que podemos ganarle al Frente Mercedino, ellos que dicen primero mercedes, pero, vemos que no debaten sobre la ciudad, sino todo lo vinculado al gobierno nacional (\u2026) queremos discutir el futuro, la planificaci\u00f3n, qu\u00e9 ciudad queremos (\u2026) a \u00e9sta gesti\u00f3n les queda seis meses de gobierno, van a tener que dejar el poder (\u2026) ahora se habla del Procrear, siempre pasa en \u00e9pocas de elecciones, nosotros queremos que se hagan vivienda, pero no con 400 lotes, sino planificando 5000 viviendas que es lo que necesita la ciudad, debemos hacerlo planificando, no como lo que quisieron hacer frente a las v\u00edas donde tenemos las obras clausuradas (\u2026) no puedo dejar pasar que cuando conocimos la lista del Frente Mercedino para la Victoria vimos que quien es el primer candidato a concejal, Mat\u00edas Dematei, con quien me une una relaci\u00f3n de afecto de hace much\u00edsimos a\u00f1os, ahora es concejal con dos a\u00f1os m\u00e1s de mandato con lo cual deber\u00eda renunciar para ser electo y ocupar el mismo cargo. Esto nos est\u00e1 demostrando una estafa electoral y la debilidad que tiene La C\u00e1mpora para enfrentar la elecci\u00f3n\u201d, coment\u00f3 cerrando con un agradecimiento \u201ca todos los que d\u00eda a d\u00eda nos vienen acompa\u00f1ando, a los j\u00f3venes que son important\u00edsimos para nosotros, las ganas, el entusiasmo. Nosotros no tenemos billeteras, no tenemos cargos pol\u00edticos, tenemos ideales, muchas gracias. Lucas Fal tiene la capacidad, la idoneidad y la visi\u00f3n de futuro para gobernar nuestra ciudad\u201d, expres\u00f3.<\/p>\n<p><a href=\"https:\/\/www.hoymercedes.com.ar\/principal\/wp-content\/uploads\/2015\/06\/FAL007.jpg\"><img loading=\"lazy\" decoding=\"async\" data-attachment-id=\"42612\" data-permalink=\"https:\/\/www.hoymercedes.com.ar\/principal\/2015\/06\/25\/lucas-fal-con-criticas-e-ideas-de-gestion-se-lanzo-a-la-intendencia\/fal007\/#main\" data-orig-file=\"https:\/\/www.hoymercedes.com.ar\/principal\/wp-content\/uploads\/2015\/06\/FAL007.jpg\" data-orig-size=\"620,349\" data-comments-opened=\"1\" data-image-meta=\"{&quot;aperture&quot;:&quot;2.5&quot;,&quot;credit&quot;:&quot;&quot;,&quot;camera&quot;:&quot;ST64&quot;,&quot;caption&quot;:&quot;&quot;,&quot;created_timestamp&quot;:&quot;1435155994&quot;,&quot;copyright&quot;:&quot;COPYRIGHT, 2011&quot;,&quot;focal_length&quot;:&quot;4.5&quot;,&quot;iso&quot;:&quot;640&quot;,&quot;shutter_speed&quot;:&quot;0.066666666666667&quot;,&quot;title&quot;:&quot;&quot;,&quot;orientation&quot;:&quot;0&quot;}\" data-image-title=\"FAL007\" data-image-description=\"\" data-image-caption=\"\" data-large-file=\"https:\/\/www.hoymercedes.com.ar\/principal\/wp-content\/uploads\/2015\/06\/FAL007.jpg\" class=\"Img2014 aligncenter wp-image-42612 size-full\" src=\"https:\/\/www.hoymercedes.com.ar\/principal\/wp-content\/uploads\/2015\/06\/FAL007.jpg\" alt=\"FAL007\" width=\"620\" height=\"349\" srcset=\"https:\/\/www.hoymercedes.com.ar\/principal\/wp-content\/uploads\/2015\/06\/FAL007.jpg 620w, https:\/\/www.hoymercedes.com.ar\/principal\/wp-content\/uploads\/2015\/06\/FAL007-150x84.jpg 150w, https:\/\/www.hoymercedes.com.ar\/principal\/wp-content\/uploads\/2015\/06\/FAL007-290x163.jpg 290w, https:\/\/www.hoymercedes.com.ar\/principal\/wp-content\/uploads\/2015\/06\/FAL007-50x28.jpg 50w\" sizes=\"auto, (max-width: 620px) 100vw, 620px\" \/><\/a><\/p>\n<p>Luego lleg\u00f3 el momento en que el pre candidato a intendente, Lucas Fal, tomara la palabra y expresara, entre otros conceptos: \u201cnos hemos acostumbrado en \u00e9stos 12 a\u00f1os que el poder se ejerce a dedo, donde se dice que en la Argentina no hay pobres, donde las cifras del Indec dejan de medir, donde el f\u00fatbol para todos no deja de pasar propaganda del gobierno de turno, cuando las rutas y los hospitales necesitan fondos la provincia de Buenos Aires es la segunda en gastar dinero en publicidad, tras la Naci\u00f3n (\u2026) nosotros eso lo queremos cambiar. Esto no va a ser f\u00e1cil, no ser\u00e1 enfrentar la elecci\u00f3n y si nos toca ganar a nivel nacional, nivel provincial y nivel local construir es mucho m\u00e1s dif\u00edcil que destruir, pero, alg\u00fan d\u00eda queremos empezar y tiene que ser \u00e9ste 2015 ganando las primarias de agosto y luego el 25 de octubre a ambos peronismos que se disfrazan de un color y del otro y no hablamos de todos los peronistas, sino de los que eran amigos y estaban todos juntos y ahora se disfrazan de alternativa. Tanto el Frente Renovador como el Frente para la Victoria que son dos cara de la misma moneda. Nuestro desaf\u00edo pol\u00edtico es empezar y queremos que sea \u00e9ste 2015. No podemos dejar pasar \u00e9sta oportunidad (\u2026) a m\u00ed me gusta discutir ideas, decir c\u00f3mo se va a gobernar, como se van a hacer las cosas. Porque hoy todo est\u00e1 de colores, que son muy lindos, los globos, pero, hay que llenar de contenidos (\u2026) hoy el que est\u00e1 primero en las encuestas es el peor gobernador de la historia de la provincia (\u2026) es indispensable que actuemos en la salud, con condiciones en los hospitales. No puede ser que choquen dos autos en las rutas aleda\u00f1as y colapse el sistema de salud. No hay ambulancias para socorrer. Me propongo que al terminar mis cuatro a\u00f1os la gente vuelva a confiar en el sistema p\u00fablico de salud (\u2026) vamos a pedir plan de vivienda, de salud, todos, pero no pretendemos ser delegados del gobierno nacional (\u2026) ac\u00e1 hay candidatos que s\u00f3lo saben hablar del proyecto personal y del proyecto nacional, o de chicanas, nada m\u00e1s, se tiene que terminar, hay que pensar y planificar desde y para Mercedes\u201d afirm\u00f3 entre otros conceptos Lucas Fal, pre candidato a intendente desde la Uni\u00f3n C\u00edvica Radical por el Frente Cambiemos<\/p>\n<p><a href=\"https:\/\/www.hoymercedes.com.ar\/principal\/wp-content\/uploads\/2015\/06\/FAL039.jpg\"><img loading=\"lazy\" decoding=\"async\" data-attachment-id=\"42613\" data-permalink=\"https:\/\/www.hoymercedes.com.ar\/principal\/2015\/06\/25\/lucas-fal-con-criticas-e-ideas-de-gestion-se-lanzo-a-la-intendencia\/fal039\/#main\" data-orig-file=\"https:\/\/www.hoymercedes.com.ar\/principal\/wp-content\/uploads\/2015\/06\/FAL039.jpg\" data-orig-size=\"620,349\" data-comments-opened=\"1\" data-image-meta=\"{&quot;aperture&quot;:&quot;2.5&quot;,&quot;credit&quot;:&quot;&quot;,&quot;camera&quot;:&quot;ST64&quot;,&quot;caption&quot;:&quot;&quot;,&quot;created_timestamp&quot;:&quot;1435159548&quot;,&quot;copyright&quot;:&quot;COPYRIGHT, 2011&quot;,&quot;focal_length&quot;:&quot;4.5&quot;,&quot;iso&quot;:&quot;400&quot;,&quot;shutter_speed&quot;:&quot;0.05&quot;,&quot;title&quot;:&quot;&quot;,&quot;orientation&quot;:&quot;0&quot;}\" data-image-title=\"FAL039\" data-image-description=\"\" data-image-caption=\"\" data-large-file=\"https:\/\/www.hoymercedes.com.ar\/principal\/wp-content\/uploads\/2015\/06\/FAL039.jpg\" class=\"Img2014 aligncenter wp-image-42613 size-full\" title=\"Daniel Salvador, PRO-UCR\" src=\"https:\/\/www.hoymercedes.com.ar\/principal\/wp-content\/uploads\/2015\/06\/FAL039.jpg\" alt=\"FAL039\" width=\"620\" height=\"349\" srcset=\"https:\/\/www.hoymercedes.com.ar\/principal\/wp-content\/uploads\/2015\/06\/FAL039.jpg 620w, https:\/\/www.hoymercedes.com.ar\/principal\/wp-content\/uploads\/2015\/06\/FAL039-150x84.jpg 150w, https:\/\/www.hoymercedes.com.ar\/principal\/wp-content\/uploads\/2015\/06\/FAL039-290x163.jpg 290w, https:\/\/www.hoymercedes.com.ar\/principal\/wp-content\/uploads\/2015\/06\/FAL039-50x28.jpg 50w\" sizes=\"auto, (max-width: 620px) 100vw, 620px\" \/><\/a><\/p>\n<p>En el Club Comunicaciones, con m\u00e1s de 300 personas presentes, cerr\u00f3 el acto Daniel Salvador, pre candidato junto a Mar\u00eda Eugenia Vidal a vice gobernador de la Provincia de Buenos Aires quien dej\u00f3 todo su apoyo a Lucas Fal: \u201cqui\u00e9n ser\u00e1 sin duda el pr\u00f3ximo intendente de Mercedes, porque tiene capacidad demostrada, conocimientos y decisi\u00f3n adem\u00e1s de un gran equipo de trabajo que conoce la ciudad, tal como pudimos escuchar de cada uno de ellos durante \u00e9sta noche\u201d.<\/p>\n<p>&nbsp;<\/p>\n","protected":false},"excerpt":{"rendered":"<p>\u00a0 Desde el \u201cFrente Cambiemos\u201d y en la Uni\u00f3n C\u00edvica Radical el pre candidato Lucas Fal se lanz\u00f3 con miras &#8230; <a title=\"Lucas Fal, con cr\u00edticas, ideas de gesti\u00f3n e importante visita se lanz\u00f3 a la intendencia\" class=\"read-more\" href=\"https:\/\/www.hoymercedes.com.ar\/principal\/2015\/06\/25\/lucas-fal-con-criticas-e-ideas-de-gestion-se-lanzo-a-la-intendencia\/\" aria-label=\"Leer m\u00e1s sobre Lucas Fal, con cr\u00edticas, ideas de gesti\u00f3n e importante visita se lanz\u00f3 a la intendencia\">Leer m\u00e1s<\/a><\/p>\n","protected":false},"author":1,"featured_media":42611,"comment_status":"open","ping_status":"open","sticky":false,"template":"","format":"standard","meta":{"_monsterinsights_skip_tracking":false,"_monsterinsights_sitenote_active":false,"_monsterinsights_sitenote_note":"","_monsterinsights_sitenote_category":0,"jetpack_post_was_ever_published":false,"_jetpack_newsletter_access":"","_jetpack_dont_email_post_to_subs":false,"_jetpack_newsletter_tier_id":0,"_jetpack_memberships_contains_paywalled_content":false,"_jetpack_memberships_contains_paid_content":false,"footnotes":"","jetpack_publicize_message":"","jetpack_publicize_feature_enabled":true,"jetpack_social_post_already_shared":true,"jetpack_social_options":{"image_generator_settings":{"template":"highway","default_image_id":0,"font":"","enabled":false},"version":2},"_wpas_customize_per_network":false},"categories":[5],"tags":[7492,2008,7463],"class_list":["post-42610","post","type-post","status-publish","format-standard","has-post-thumbnail","hentry","category-politica","tag-frente-cambiemos","tag-lucas-fal","tag-paso-2015","generate-columns","tablet-grid-50","mobile-grid-100","grid-parent","grid-50"],"jetpack_publicize_connections":[],"jetpack_featured_media_url":"https:\/\/www.hoymercedes.com.ar\/principal\/wp-content\/uploads\/2015\/06\/FAL024.jpg","wps_subtitle":"Pensando en las PASO","jetpack_sharing_enabled":true,"jetpack-related-posts":[{"id":128866,"url":"https:\/\/www.hoymercedes.com.ar\/principal\/2021\/04\/25\/el-centro-de-ingenieros-recuerda-a-lucas-fal\/","url_meta":{"origin":42610,"position":0},"title":"El Centro de Ingenieros recuerda a Lucas Fal","author":"hoymercedes","date":"25 abril, 2021","format":false,"excerpt":"El venidero 29 de abril se cumplen cinco a\u00f1os del fallecimiento del Ingeniero Lucas Fal. Desde el Centro de Ingenieros de Mercedes hicieron p\u00fablico un recuerdo que resalta \"el amor a la familia\", su \"capacidad profesional\" y su \"enorme vocaci\u00f3n de servicio\". Cabe recordar que Lucas Fal falleci\u00f3 en abril\u2026","rel":"","context":"En \u00abSociedad\u00bb","block_context":{"text":"Sociedad","link":"https:\/\/www.hoymercedes.com.ar\/principal\/category\/sociedad\/"},"img":{"alt_text":"","src":"https:\/\/i0.wp.com\/www.hoymercedes.com.ar\/principal\/wp-content\/uploads\/2016\/04\/LucasFal.jpg?resize=350%2C200&ssl=1","width":350,"height":200,"srcset":"https:\/\/i0.wp.com\/www.hoymercedes.com.ar\/principal\/wp-content\/uploads\/2016\/04\/LucasFal.jpg?resize=350%2C200&ssl=1 1x, https:\/\/i0.wp.com\/www.hoymercedes.com.ar\/principal\/wp-content\/uploads\/2016\/04\/LucasFal.jpg?resize=525%2C300&ssl=1 1.5x"},"classes":[]},{"id":46778,"url":"https:\/\/www.hoymercedes.com.ar\/principal\/2016\/01\/09\/lucas-fal-es-el-nuevo-director-de-la-competitividad-y-la-innovacion-en-la-provincia\/","url_meta":{"origin":42610,"position":1},"title":"Lucas Fal es el nuevo Director de la Competitividad y la innovaci\u00f3n en la Provincia","author":"hoymercedes","date":"9 enero, 2016","format":false,"excerpt":"\u00a0 Lucas Fal, el ex candidato a intendente por el Frente Cambiemos confirm\u00f3 que ser\u00e1 parte del gabinete de Mar\u00eda Eugenia Vidal dado que confirm\u00f3 la aceptaci\u00f3n de la Direcci\u00f3n de Competitividad e Innovaci\u00f3n. Uno de los m\u00e1ximos referentes del Frente Cambiemos en Mercedes confirm\u00f3 que se suma al Ministerio\u2026","rel":"","context":"En \u00abPol\u00edtica\u00bb","block_context":{"text":"Pol\u00edtica","link":"https:\/\/www.hoymercedes.com.ar\/principal\/category\/politica\/"},"img":{"alt_text":"","src":"https:\/\/i0.wp.com\/www.hoymercedes.com.ar\/principal\/wp-content\/uploads\/2015\/09\/LucasFal-2015.jpg?resize=350%2C200&ssl=1","width":350,"height":200,"srcset":"https:\/\/i0.wp.com\/www.hoymercedes.com.ar\/principal\/wp-content\/uploads\/2015\/09\/LucasFal-2015.jpg?resize=350%2C200&ssl=1 1x, https:\/\/i0.wp.com\/www.hoymercedes.com.ar\/principal\/wp-content\/uploads\/2015\/09\/LucasFal-2015.jpg?resize=525%2C300&ssl=1 1.5x"},"classes":[]},{"id":44803,"url":"https:\/\/www.hoymercedes.com.ar\/principal\/2015\/09\/24\/lucas-fal-recorre-la-ciudad-junto-a-su-equipo-del-frente-cambiemos\/","url_meta":{"origin":42610,"position":2},"title":"Lucas Fal recorre la ciudad junto a su equipo del \u00abFrente Cambiemos\u00bb","author":"hoymercedes","date":"24 septiembre, 2015","format":false,"excerpt":"El candidato a intendente por el Frente Cambiemos, el ing. Lucas Fal, recorre desde hace unas semanas distintos barrios de la ciudad. Junto a los candidatos a concejales y consejeros escolares escuchando las demandas de los vecinos y explicando su plan de gesti\u00f3n que llevaran adelante si ganan la elecci\u00f3n\u2026","rel":"","context":"En \u00abPol\u00edtica\u00bb","block_context":{"text":"Pol\u00edtica","link":"https:\/\/www.hoymercedes.com.ar\/principal\/category\/politica\/"},"img":{"alt_text":"","src":"https:\/\/i0.wp.com\/www.hoymercedes.com.ar\/principal\/wp-content\/uploads\/2015\/09\/fal.recorrida-2jpg.jpg?resize=350%2C200&ssl=1","width":350,"height":200,"srcset":"https:\/\/i0.wp.com\/www.hoymercedes.com.ar\/principal\/wp-content\/uploads\/2015\/09\/fal.recorrida-2jpg.jpg?resize=350%2C200&ssl=1 1x, https:\/\/i0.wp.com\/www.hoymercedes.com.ar\/principal\/wp-content\/uploads\/2015\/09\/fal.recorrida-2jpg.jpg?resize=525%2C300&ssl=1 1.5x"},"classes":[]},{"id":45514,"url":"https:\/\/www.hoymercedes.com.ar\/principal\/2015\/10\/22\/lucas-fal-propone-cambiemos-va-a-ganar-en-mercedes\/","url_meta":{"origin":42610,"position":3},"title":"Lucas Fal propone: \u201cCambiemos va a ganar en Mercedes\u201d","author":"hoymercedes","date":"22 octubre, 2015","format":false,"excerpt":"\u00a0 A solo tres d\u00edas de las elecciones, el candidato del Frente Cambiemos, Lucas Fal, se muestra muy optimista de cara al domingo, \u201cestamos muy contentos de como est\u00e1 finalizando la campa\u00f1a. Hemos dado nuestro m\u00e1ximo esfuerzo, realmente caminamos toda la ciudad y sentimos el acompa\u00f1amiento de la gente\u201d sostuvo.\u2026","rel":"","context":"En \u00abPol\u00edtica\u00bb","block_context":{"text":"Pol\u00edtica","link":"https:\/\/www.hoymercedes.com.ar\/principal\/category\/politica\/"},"img":{"alt_text":"","src":"https:\/\/i0.wp.com\/www.hoymercedes.com.ar\/principal\/wp-content\/uploads\/2015\/10\/LucasFal-Cambiemos.jpg?resize=350%2C200&ssl=1","width":350,"height":200,"srcset":"https:\/\/i0.wp.com\/www.hoymercedes.com.ar\/principal\/wp-content\/uploads\/2015\/10\/LucasFal-Cambiemos.jpg?resize=350%2C200&ssl=1 1x, https:\/\/i0.wp.com\/www.hoymercedes.com.ar\/principal\/wp-content\/uploads\/2015\/10\/LucasFal-Cambiemos.jpg?resize=525%2C300&ssl=1 1.5x"},"classes":[]},{"id":44294,"url":"https:\/\/www.hoymercedes.com.ar\/principal\/2015\/08\/30\/lucas-fal-vamos-a-gobernar-con-ideas-decencia-y-honradez\/","url_meta":{"origin":42610,"position":4},"title":"Lucas Fal: \u201cVamos a gobernar con ideas, decencia y honradez\u201d","author":"hoymercedes","date":"30 agosto, 2015","format":false,"excerpt":"\u00a0 \u201cVamos a gobernar con ideas, decencia y honradez\u201d, Lo dijo el candidato a Intendente Lucas Fal, quien a menos de 60\u00a0idas\u00a0de las elecciones generales se\u00a0muestra confiado, que el trabajo que viene realizando lo llevara a ser el pr\u00f3ximo Jefe Comunal. El Frente Cambiemos, sumados los votos de los cuatro\u2026","rel":"","context":"En \u00abPol\u00edtica\u00bb","block_context":{"text":"Pol\u00edtica","link":"https:\/\/www.hoymercedes.com.ar\/principal\/category\/politica\/"},"img":{"alt_text":"","src":"https:\/\/i0.wp.com\/www.hoymercedes.com.ar\/principal\/wp-content\/uploads\/2015\/07\/lucasfal.jpg?resize=350%2C200&ssl=1","width":350,"height":200,"srcset":"https:\/\/i0.wp.com\/www.hoymercedes.com.ar\/principal\/wp-content\/uploads\/2015\/07\/lucasfal.jpg?resize=350%2C200&ssl=1 1x, https:\/\/i0.wp.com\/www.hoymercedes.com.ar\/principal\/wp-content\/uploads\/2015\/07\/lucasfal.jpg?resize=525%2C300&ssl=1 1.5x"},"classes":[]},{"id":45668,"url":"https:\/\/www.hoymercedes.com.ar\/principal\/2015\/10\/29\/lucas-fal-no-vamos-a-crear-un-municipio-paralelo\/","url_meta":{"origin":42610,"position":5},"title":"Lucas Fal: \u00abno vamos a crear un municipio paralelo\u00bb","author":"hoymercedes","date":"29 octubre, 2015","format":false,"excerpt":"El ex candidato a intendente por el Frente Cambiemo, Lucas Fal, brind\u00f3 una conferencia de prensa junto a los concejales electos Albini,\u00a0 Repetto,\u00a0Killmeate y\u00a0Aida \u201cPetty\u201d Laporta y la consejera electa\u00a0Ana Darritchon a los que se sumaron quienes pasar\u00e1n a conformar un bloque desde el 2016 en Cambiemos Ben\u00edtez y Badano.\u2026","rel":"","context":"En \u00abPol\u00edtica\u00bb","block_context":{"text":"Pol\u00edtica","link":"https:\/\/www.hoymercedes.com.ar\/principal\/category\/politica\/"},"img":{"alt_text":"","src":"https:\/\/i0.wp.com\/www.hoymercedes.com.ar\/principal\/wp-content\/uploads\/2015\/10\/LucasFal.jpg?resize=350%2C200&ssl=1","width":350,"height":200,"srcset":"https:\/\/i0.wp.com\/www.hoymercedes.com.ar\/principal\/wp-content\/uploads\/2015\/10\/LucasFal.jpg?resize=350%2C200&ssl=1 1x, https:\/\/i0.wp.com\/www.hoymercedes.com.ar\/principal\/wp-content\/uploads\/2015\/10\/LucasFal.jpg?resize=525%2C300&ssl=1 1.5x"},"classes":[]}],"_links":{"self":[{"href":"https:\/\/www.hoymercedes.com.ar\/principal\/wp-json\/wp\/v2\/posts\/42610","targetHints":{"allow":["GET"]}}],"collection":[{"href":"https:\/\/www.hoymercedes.com.ar\/principal\/wp-json\/wp\/v2\/posts"}],"about":[{"href":"https:\/\/www.hoymercedes.com.ar\/principal\/wp-json\/wp\/v2\/types\/post"}],"author":[{"embeddable":true,"href":"https:\/\/www.hoymercedes.com.ar\/principal\/wp-json\/wp\/v2\/users\/1"}],"replies":[{"embeddable":true,"href":"https:\/\/www.hoymercedes.com.ar\/principal\/wp-json\/wp\/v2\/comments?post=42610"}],"version-history":[{"count":0,"href":"https:\/\/www.hoymercedes.com.ar\/principal\/wp-json\/wp\/v2\/posts\/42610\/revisions"}],"wp:featuredmedia":[{"embeddable":true,"href":"https:\/\/www.hoymercedes.com.ar\/principal\/wp-json\/wp\/v2\/media\/42611"}],"wp:attachment":[{"href":"https:\/\/www.hoymercedes.com.ar\/principal\/wp-json\/wp\/v2\/media?parent=42610"}],"wp:term":[{"taxonomy":"category","embeddable":true,"href":"https:\/\/www.hoymercedes.com.ar\/principal\/wp-json\/wp\/v2\/categories?post=42610"},{"taxonomy":"post_tag","embeddable":true,"href":"https:\/\/www.hoymercedes.com.ar\/principal\/wp-json\/wp\/v2\/tags?post=42610"}],"curies":[{"name":"wp","href":"https:\/\/api.w.org\/{rel}","templated":true}]}}