{"id":42651,"date":"2015-06-28T03:07:53","date_gmt":"2015-06-28T06:07:53","guid":{"rendered":"http:\/\/www.hoymercedes.com.ar\/principal\/?p=42651"},"modified":"2015-06-29T20:28:02","modified_gmt":"2015-06-29T23:28:02","slug":"oficializada-la-lista-carlos-selva-cerca-de-una-diputacion-nacional","status":"publish","type":"post","link":"https:\/\/www.hoymercedes.com.ar\/principal\/2015\/06\/28\/oficializada-la-lista-carlos-selva-cerca-de-una-diputacion-nacional\/","title":{"rendered":"Oficializada la lista,  Selva cerca de la diputaci\u00f3n nacional"},"content":{"rendered":"<p>&nbsp;<\/p>\n<p><em><strong>El Frente Renovador present\u00f3 oficialmente las listas a diputados nacionales y, tal como se hab\u00eda dicho a principio de la semana pasada, el intendente Carlos Selva qued\u00f3 en 4to lugar. Se trata de la presentaci\u00f3n oficial de la lista que encabeza en la Presidencia Sergio Massa.<\/strong><\/em><\/p>\n<p><strong>Carlos Selva<\/strong> se encuentra muy cerca de ser un Diputado Nacional. El cuatro lugar sin duda es un excelente lugar para acceder a la C\u00e1mara Baja.<\/p>\n<p>La lista completa del Frente Renovador es la siguiente:<\/p>\n<ol>\n<li>Moyano, Juan Facundo<\/li>\n<li>Cama\u00f1o, Graciela<\/li>\n<li>Roberti, Alberto Oscar<\/li>\n<li>\n<h3><strong> Selva, Carlos Am\u00e9rico<\/strong><\/h3>\n<\/li>\n<li>Passo, Marcela Fabiana<\/li>\n<li>Bevilacqua, Gustavo Jos\u00e9<\/li>\n<li>P\u00e9rez Ra\u00fal, Joaqu\u00edn<\/li>\n<li>Moreau, Cecilia<\/li>\n<li>Asencio, Fernando Rodrigo<\/li>\n<li>S\u00e1nchez, Marcelo Fabi\u00e1n<\/li>\n<li>Marconi, Mar\u00eda Paula<\/li>\n<li>Lopresti, Jorge Alberto<\/li>\n<li>Delgado, Ricardo Ra\u00fal<\/li>\n<li>Acu\u00f1a, Marcela Eliana<\/li>\n<li>Rasso, Rub\u00e9n Alberto<\/li>\n<li>Gonz\u00e1lez, Alfredo<\/li>\n<li>Esper, Laura Rene\u00e9<\/li>\n<li>Ben\u00edtez, Hugo Enrique<\/li>\n<li>Bertinat, Humberto Francisco<\/li>\n<li>Cure, Mirtha Gloria<\/li>\n<li>Machado, Pedro Orlando<\/li>\n<li>Gambino, Carlos Daniel<\/li>\n<li>Biaggioni, Ra\u00fal Germ\u00e1n<\/li>\n<li>C\u00e1mpora, Carlos Santiago<\/li>\n<li>De Rentis, Lorena Florencia<\/li>\n<li>Razetto, Norberto Enrique<\/li>\n<li>Silva, N\u00e9stor Mauricio<\/li>\n<li>Bauz\u00e1 Anabela, Anah\u00ed<\/li>\n<li>D\u00edaz, Alberto Carlos<\/li>\n<li>Villagra, Sonia Del Carmen<\/li>\n<li>Malpeli, Juan Mart\u00edn<\/li>\n<li>Sacco, Mariano Ariel<\/li>\n<li>Santeusanio, Magal\u00ed Emilia<\/li>\n<li>De La Torre, Pablo Mar\u00eda<\/li>\n<li>Hourbeigt, Carlos Mart\u00edn<\/li>\n<\/ol>\n<p>Suplentes<\/p>\n<ol>\n<li>G\u00f3mez, Silvia Gabriela<\/li>\n<li>Sprovieri, Luis Eduardo<\/li>\n<li>Klein, Silvio Franco<\/li>\n<li>Giudici, J\u00e9sica<\/li>\n<li>Fern\u00e1ndez, Carlos Antonio<\/li>\n<li>Gonz\u00e1lez, Martina Karina<\/li>\n<li>M\u00e9ndez, Cristian<\/li>\n<li>Piteo, Sergio Luis<\/li>\n<li>Cuervo, Gustavo Sergio<\/li>\n<li>D\u00edaz, Carlos Alberto<\/li>\n<\/ol>\n<p>PARLASUR<\/p>\n<p>1- Jos\u00e9 Ignacio de Mendigure<\/p>\n<p>2- Jorge Alberto Solmi<\/p>\n<p>3- Mayra Lorena Mariani<\/p>\n","protected":false},"excerpt":{"rendered":"<p>&nbsp; El Frente Renovador present\u00f3 oficialmente las listas a diputados nacionales y, tal como se hab\u00eda dicho a principio de &#8230; <a title=\"Oficializada la lista,  Selva cerca de la diputaci\u00f3n nacional\" class=\"read-more\" href=\"https:\/\/www.hoymercedes.com.ar\/principal\/2015\/06\/28\/oficializada-la-lista-carlos-selva-cerca-de-una-diputacion-nacional\/\" aria-label=\"Leer m\u00e1s sobre Oficializada la lista,  Selva cerca de la diputaci\u00f3n nacional\">Leer m\u00e1s<\/a><\/p>\n","protected":false},"author":1,"featured_media":42533,"comment_status":"open","ping_status":"open","sticky":false,"template":"","format":"standard","meta":{"_monsterinsights_skip_tracking":false,"_monsterinsights_sitenote_active":false,"_monsterinsights_sitenote_note":"","_monsterinsights_sitenote_category":0,"jetpack_post_was_ever_published":false,"_jetpack_newsletter_access":"","_jetpack_dont_email_post_to_subs":false,"_jetpack_newsletter_tier_id":0,"_jetpack_memberships_contains_paywalled_content":false,"_jetpack_memberships_contains_paid_content":false,"footnotes":"","jetpack_publicize_message":"","jetpack_publicize_feature_enabled":true,"jetpack_social_post_already_shared":true,"jetpack_social_options":{"image_generator_settings":{"template":"highway","default_image_id":0,"font":"","enabled":false},"version":2},"_wpas_customize_per_network":false},"categories":[5],"tags":[39,7500],"class_list":["post-42651","post","type-post","status-publish","format-standard","has-post-thumbnail","hentry","category-politica","tag-carlos-selva","tag-diputado-nacional","generate-columns","tablet-grid-50","mobile-grid-100","grid-parent","grid-50"],"jetpack_publicize_connections":[],"jetpack_featured_media_url":"https:\/\/www.hoymercedes.com.ar\/principal\/wp-content\/uploads\/2015\/06\/selva-moyano-massa.jpg","wps_subtitle":"Frente Renovador ","jetpack_sharing_enabled":true,"jetpack-related-posts":[{"id":141081,"url":"https:\/\/www.hoymercedes.com.ar\/principal\/2021\/12\/06\/selva-fue-parte-del-encuentro-del-frente-renovador\/","url_meta":{"origin":42651,"position":0},"title":"Selva fue parte del encuentro del Frente Renovador","author":"hoymercedes","date":"6 diciembre, 2021","format":false,"excerpt":"El Frente Renovador que comanda\u00a0Sergio Massa\u00a0reuni\u00f3 a su mesa provincial de intendentes y diputados, y entre los convocados estuvo el mercedino\u00a0Carlos Selva. El \"c\u00f3nclave\" tuvo lugar este fin de semana. El l\u00edder del espacio, Sergio Massa, convoc\u00f3 a sus referentes bonaerenses con el objetivo de sentar posiciones para los pr\u00f3ximos\u2026","rel":"","context":"En \u00abPol\u00edtica\u00bb","block_context":{"text":"Pol\u00edtica","link":"https:\/\/www.hoymercedes.com.ar\/principal\/category\/politica\/"},"img":{"alt_text":"","src":"https:\/\/i0.wp.com\/www.hoymercedes.com.ar\/principal\/wp-content\/uploads\/2021\/12\/selva-en-FR.jpg?resize=350%2C200&ssl=1","width":350,"height":200,"srcset":"https:\/\/i0.wp.com\/www.hoymercedes.com.ar\/principal\/wp-content\/uploads\/2021\/12\/selva-en-FR.jpg?resize=350%2C200&ssl=1 1x, https:\/\/i0.wp.com\/www.hoymercedes.com.ar\/principal\/wp-content\/uploads\/2021\/12\/selva-en-FR.jpg?resize=525%2C300&ssl=1 1.5x, https:\/\/i0.wp.com\/www.hoymercedes.com.ar\/principal\/wp-content\/uploads\/2021\/12\/selva-en-FR.jpg?resize=700%2C400&ssl=1 2x"},"classes":[]},{"id":134871,"url":"https:\/\/www.hoymercedes.com.ar\/principal\/2021\/08\/07\/frente-renovador-presento-a-sus-candidatos-que-integran-la-lista-local-de-frente-de-todos\/","url_meta":{"origin":42651,"position":1},"title":"Frente Renovador present\u00f3 a sus candidatos que integran la lista local de Frente de Todos","author":"hoymercedes","date":"7 agosto, 2021","format":false,"excerpt":"Se trata de los docentes Ramiro Piccone, que est\u00e1 en cuarto t\u00e9rmino para ocupar una banca en el HCD, y de Ver\u00f3nica Durand, que est\u00e1 en segundo t\u00e9rmino en la lista de Consejeros Escolares. El dirigente de la Agrupaci\u00f3n \"17 de Octubre\", el Diputado Carlos Selva, estuvo acompa\u00f1ado de los\u2026","rel":"","context":"En \u00abPASO 2021\u00bb","block_context":{"text":"PASO 2021","link":"https:\/\/www.hoymercedes.com.ar\/principal\/category\/paso-2021\/"},"img":{"alt_text":"","src":"https:\/\/i0.wp.com\/www.hoymercedes.com.ar\/principal\/wp-content\/uploads\/2021\/08\/Selva-1.jpg?resize=350%2C200&ssl=1","width":350,"height":200,"srcset":"https:\/\/i0.wp.com\/www.hoymercedes.com.ar\/principal\/wp-content\/uploads\/2021\/08\/Selva-1.jpg?resize=350%2C200&ssl=1 1x, https:\/\/i0.wp.com\/www.hoymercedes.com.ar\/principal\/wp-content\/uploads\/2021\/08\/Selva-1.jpg?resize=525%2C300&ssl=1 1.5x, https:\/\/i0.wp.com\/www.hoymercedes.com.ar\/principal\/wp-content\/uploads\/2021\/08\/Selva-1.jpg?resize=700%2C400&ssl=1 2x"},"classes":[]},{"id":90918,"url":"https:\/\/www.hoymercedes.com.ar\/principal\/2019\/04\/07\/carlos-selva-estuvo-en-tapalque-apoyando-a-candidato-local\/","url_meta":{"origin":42651,"position":2},"title":"Carlos Selva estuvo en Tapalqu\u00e9 apoyando a candidato local","author":"hoymercedes","date":"7 abril, 2019","format":false,"excerpt":"Junto a otros referentes del Frente Renovador, el diputado nacional Carlos Selva estuvo en la localidad bonaerense de Tapalqu\u00e9, el viernes por la tarde, para apuntalar la candidatura del concejal Guillermo D\u00edaz. Es as\u00ed que los diputados nacionales Ra\u00fal P\u00e9rez, Mirta Tundis, Marcela Passo y Carlos Selva se acercaron para\u2026","rel":"","context":"En \u00abPol\u00edtica Nacional\u00bb","block_context":{"text":"Pol\u00edtica Nacional","link":"https:\/\/www.hoymercedes.com.ar\/principal\/category\/politica-nacional\/"},"img":{"alt_text":"","src":"https:\/\/i0.wp.com\/www.hoymercedes.com.ar\/principal\/wp-content\/uploads\/2019\/04\/07-selva-tapalque.jpg?resize=350%2C200&ssl=1","width":350,"height":200,"srcset":"https:\/\/i0.wp.com\/www.hoymercedes.com.ar\/principal\/wp-content\/uploads\/2019\/04\/07-selva-tapalque.jpg?resize=350%2C200&ssl=1 1x, https:\/\/i0.wp.com\/www.hoymercedes.com.ar\/principal\/wp-content\/uploads\/2019\/04\/07-selva-tapalque.jpg?resize=525%2C300&ssl=1 1.5x, https:\/\/i0.wp.com\/www.hoymercedes.com.ar\/principal\/wp-content\/uploads\/2019\/04\/07-selva-tapalque.jpg?resize=700%2C400&ssl=1 2x"},"classes":[]},{"id":100240,"url":"https:\/\/www.hoymercedes.com.ar\/principal\/2019\/09\/22\/necesitamos-que-la-provincia-de-buenos-aires-vuelva-a-tener-como-prioridad-la-industria\/","url_meta":{"origin":42651,"position":3},"title":"\u201cNecesitamos que la provincia de Buenos Aires vuelva a tener como prioridad la industria\u201d","author":"hoymercedes","date":"22 septiembre, 2019","format":false,"excerpt":"Junto a Sergio Massa, el diputado nacional Carlos Selva fue parte de distintas reuniones con empresarios, en la precia de las elecciones generales y en el marco de la campa\u00f1a que lleva adelante el Frente de Todos. Es as\u00ed que estuvo en estos d\u00edas en el Parque Industrial de Pilar\u2026","rel":"","context":"En \u00abPol\u00edtica Nacional\u00bb","block_context":{"text":"Pol\u00edtica Nacional","link":"https:\/\/www.hoymercedes.com.ar\/principal\/category\/politica-nacional\/"},"img":{"alt_text":"","src":"https:\/\/i0.wp.com\/www.hoymercedes.com.ar\/principal\/wp-content\/uploads\/2019\/09\/22-selva-industria.jpg?resize=350%2C200&ssl=1","width":350,"height":200,"srcset":"https:\/\/i0.wp.com\/www.hoymercedes.com.ar\/principal\/wp-content\/uploads\/2019\/09\/22-selva-industria.jpg?resize=350%2C200&ssl=1 1x, https:\/\/i0.wp.com\/www.hoymercedes.com.ar\/principal\/wp-content\/uploads\/2019\/09\/22-selva-industria.jpg?resize=525%2C300&ssl=1 1.5x, https:\/\/i0.wp.com\/www.hoymercedes.com.ar\/principal\/wp-content\/uploads\/2019\/09\/22-selva-industria.jpg?resize=700%2C400&ssl=1 2x"},"classes":[]},{"id":43174,"url":"https:\/\/www.hoymercedes.com.ar\/principal\/2015\/07\/18\/carlos-selva-acompano-a-sandra-jara-en-lanzamiento-por-intendente-de-suipacha\/","url_meta":{"origin":42651,"position":4},"title":"Carlos Selva acompa\u00f1\u00f3 a Sandra Jara en lanzamiento por intendencia de Suipacha","author":"hoymercedes","date":"18 julio, 2015","format":false,"excerpt":"El intendente Carlos Selva fue parte del lanzamiento a la candidatura por la intendencia de Suipacha de la ex concejal Sandra Jara. El 4to candidato a Diputado Nacional e intendente dio su apoyo a la lista que lleva como primer candidato a concejal a Damian Caputo. Sandra Jara acompa\u00f1ada por\u2026","rel":"","context":"En \u00abPol\u00edtica\u00bb","block_context":{"text":"Pol\u00edtica","link":"https:\/\/www.hoymercedes.com.ar\/principal\/category\/politica\/"},"img":{"alt_text":"","src":"https:\/\/i0.wp.com\/www.hoymercedes.com.ar\/principal\/wp-content\/uploads\/2015\/07\/selva-sandrajara.jpg?resize=350%2C200&ssl=1","width":350,"height":200,"srcset":"https:\/\/i0.wp.com\/www.hoymercedes.com.ar\/principal\/wp-content\/uploads\/2015\/07\/selva-sandrajara.jpg?resize=350%2C200&ssl=1 1x, https:\/\/i0.wp.com\/www.hoymercedes.com.ar\/principal\/wp-content\/uploads\/2015\/07\/selva-sandrajara.jpg?resize=525%2C300&ssl=1 1.5x"},"classes":[]},{"id":75576,"url":"https:\/\/www.hoymercedes.com.ar\/principal\/2018\/05\/10\/apoyo-del-frente-renovador-al-reclamo-de-los-bancarios\/","url_meta":{"origin":42651,"position":5},"title":"Apoyo del Frente Renovador al reclamo de los bancarios","author":"hoymercedes","date":"10 mayo, 2018","format":false,"excerpt":"El diputado Carlos Selva junto a otros de sus pares como Marcela Passo, Graciela Cama\u00f1o, Cecilia Moreau y Norberto Abel Aguiar, recibieron a representantes gremiales de La Bancaria de distintas seccionales. \u201cPudimos escucharlos sobre lo que implica para ellos la reforma a la Caja de Jubilaciones a ra\u00edz de la\u2026","rel":"","context":"En \u00abPol\u00edtica Nacional\u00bb","block_context":{"text":"Pol\u00edtica Nacional","link":"https:\/\/www.hoymercedes.com.ar\/principal\/category\/politica-nacional\/"},"img":{"alt_text":"","src":"https:\/\/i0.wp.com\/www.hoymercedes.com.ar\/principal\/wp-content\/uploads\/2018\/05\/09-lacaja_selva.jpg?resize=350%2C200&ssl=1","width":350,"height":200,"srcset":"https:\/\/i0.wp.com\/www.hoymercedes.com.ar\/principal\/wp-content\/uploads\/2018\/05\/09-lacaja_selva.jpg?resize=350%2C200&ssl=1 1x, https:\/\/i0.wp.com\/www.hoymercedes.com.ar\/principal\/wp-content\/uploads\/2018\/05\/09-lacaja_selva.jpg?resize=525%2C300&ssl=1 1.5x, https:\/\/i0.wp.com\/www.hoymercedes.com.ar\/principal\/wp-content\/uploads\/2018\/05\/09-lacaja_selva.jpg?resize=700%2C400&ssl=1 2x"},"classes":[]}],"_links":{"self":[{"href":"https:\/\/www.hoymercedes.com.ar\/principal\/wp-json\/wp\/v2\/posts\/42651","targetHints":{"allow":["GET"]}}],"collection":[{"href":"https:\/\/www.hoymercedes.com.ar\/principal\/wp-json\/wp\/v2\/posts"}],"about":[{"href":"https:\/\/www.hoymercedes.com.ar\/principal\/wp-json\/wp\/v2\/types\/post"}],"author":[{"embeddable":true,"href":"https:\/\/www.hoymercedes.com.ar\/principal\/wp-json\/wp\/v2\/users\/1"}],"replies":[{"embeddable":true,"href":"https:\/\/www.hoymercedes.com.ar\/principal\/wp-json\/wp\/v2\/comments?post=42651"}],"version-history":[{"count":0,"href":"https:\/\/www.hoymercedes.com.ar\/principal\/wp-json\/wp\/v2\/posts\/42651\/revisions"}],"wp:featuredmedia":[{"embeddable":true,"href":"https:\/\/www.hoymercedes.com.ar\/principal\/wp-json\/wp\/v2\/media\/42533"}],"wp:attachment":[{"href":"https:\/\/www.hoymercedes.com.ar\/principal\/wp-json\/wp\/v2\/media?parent=42651"}],"wp:term":[{"taxonomy":"category","embeddable":true,"href":"https:\/\/www.hoymercedes.com.ar\/principal\/wp-json\/wp\/v2\/categories?post=42651"},{"taxonomy":"post_tag","embeddable":true,"href":"https:\/\/www.hoymercedes.com.ar\/principal\/wp-json\/wp\/v2\/tags?post=42651"}],"curies":[{"name":"wp","href":"https:\/\/api.w.org\/{rel}","templated":true}]}}