{"id":42696,"date":"2015-06-28T19:23:10","date_gmt":"2015-06-28T22:23:10","guid":{"rendered":"http:\/\/www.hoymercedes.com.ar\/principal\/?p=42696"},"modified":"2015-06-28T19:23:10","modified_gmt":"2015-06-28T22:23:10","slug":"bomberos-actuaron-en-supuesto-intento-de-suicidio","status":"publish","type":"post","link":"https:\/\/www.hoymercedes.com.ar\/principal\/2015\/06\/28\/bomberos-actuaron-en-supuesto-intento-de-suicidio\/","title":{"rendered":"Bomberos actuaron en supuesto intento de suicidio"},"content":{"rendered":"<p><a href=\"https:\/\/www.hoymercedes.com.ar\/principal\/wp-content\/uploads\/2015\/06\/bomberos-28.05.2015-1.jpg\"><img loading=\"lazy\" decoding=\"async\" data-attachment-id=\"42697\" data-permalink=\"https:\/\/www.hoymercedes.com.ar\/principal\/2015\/06\/28\/bomberos-actuaron-en-supuesto-intento-de-suicidio\/bomberos-28-05-2015-1\/#main\" data-orig-file=\"https:\/\/www.hoymercedes.com.ar\/principal\/wp-content\/uploads\/2015\/06\/bomberos-28.05.2015-1.jpg\" data-orig-size=\"620,465\" data-comments-opened=\"1\" data-image-meta=\"{&quot;aperture&quot;:&quot;0&quot;,&quot;credit&quot;:&quot;&quot;,&quot;camera&quot;:&quot;&quot;,&quot;caption&quot;:&quot;&quot;,&quot;created_timestamp&quot;:&quot;0&quot;,&quot;copyright&quot;:&quot;&quot;,&quot;focal_length&quot;:&quot;0&quot;,&quot;iso&quot;:&quot;0&quot;,&quot;shutter_speed&quot;:&quot;0&quot;,&quot;title&quot;:&quot;&quot;,&quot;orientation&quot;:&quot;0&quot;}\" data-image-title=\"bomberos-28.05.2015-1\" data-image-description=\"\" data-image-caption=\"\" data-large-file=\"https:\/\/www.hoymercedes.com.ar\/principal\/wp-content\/uploads\/2015\/06\/bomberos-28.05.2015-1.jpg\" class=\"Img2014 aligncenter wp-image-42697 size-full\" src=\"https:\/\/www.hoymercedes.com.ar\/principal\/wp-content\/uploads\/2015\/06\/bomberos-28.05.2015-1.jpg\" alt=\"bomberos-28.05.2015-1\" width=\"620\" height=\"465\" srcset=\"https:\/\/www.hoymercedes.com.ar\/principal\/wp-content\/uploads\/2015\/06\/bomberos-28.05.2015-1.jpg 620w, https:\/\/www.hoymercedes.com.ar\/principal\/wp-content\/uploads\/2015\/06\/bomberos-28.05.2015-1-150x113.jpg 150w, https:\/\/www.hoymercedes.com.ar\/principal\/wp-content\/uploads\/2015\/06\/bomberos-28.05.2015-1-290x218.jpg 290w, https:\/\/www.hoymercedes.com.ar\/principal\/wp-content\/uploads\/2015\/06\/bomberos-28.05.2015-1-50x38.jpg 50w\" sizes=\"auto, (max-width: 620px) 100vw, 620px\" \/><\/a><\/p>\n<p>Los Bomberos Voluntarios de Mercedes y el Hospital Dubarry actuaron en la tarde de \u00e9ste domingo en las atenciones que requiri\u00f3 un vecino que habr\u00eda intentado quitarse la vida a trav\u00e9s del uso del gas. La situaci\u00f3n se vivi\u00f3 en calle 119 entre 316 y 318.<\/p>\n<p>El asunto logr\u00f3 encauzarse dado que alguien dio un alerta a los bomberos. Extra oficialmente y siendo las primeras versiones ser\u00edan que la persona, un masculino de joven edad se quiso quitar la vida abriendo el gas en su domicilio. Luego alguien lleg\u00f3 y dio alerta a las fuerzas de seguridad y protecci\u00f3n de la vida.<\/p>\n<p>El joven fue trasladado al Hospital Dubarry donde se lo atiende al cierre de \u00e9stas l\u00edneas. <a href=\"https:\/\/www.hoymercedes.com.ar\/principal\/wp-content\/uploads\/2015\/06\/bomberos-28.05.2015-2.jpg\"><img loading=\"lazy\" decoding=\"async\" data-attachment-id=\"42698\" data-permalink=\"https:\/\/www.hoymercedes.com.ar\/principal\/2015\/06\/28\/bomberos-actuaron-en-supuesto-intento-de-suicidio\/bomberos-28-05-2015-2\/#main\" data-orig-file=\"https:\/\/www.hoymercedes.com.ar\/principal\/wp-content\/uploads\/2015\/06\/bomberos-28.05.2015-2.jpg\" data-orig-size=\"620,465\" data-comments-opened=\"1\" data-image-meta=\"{&quot;aperture&quot;:&quot;0&quot;,&quot;credit&quot;:&quot;&quot;,&quot;camera&quot;:&quot;&quot;,&quot;caption&quot;:&quot;&quot;,&quot;created_timestamp&quot;:&quot;0&quot;,&quot;copyright&quot;:&quot;&quot;,&quot;focal_length&quot;:&quot;0&quot;,&quot;iso&quot;:&quot;0&quot;,&quot;shutter_speed&quot;:&quot;0&quot;,&quot;title&quot;:&quot;&quot;,&quot;orientation&quot;:&quot;0&quot;}\" data-image-title=\"bomberos-28.05.2015-2\" data-image-description=\"\" data-image-caption=\"\" data-large-file=\"https:\/\/www.hoymercedes.com.ar\/principal\/wp-content\/uploads\/2015\/06\/bomberos-28.05.2015-2.jpg\" class=\"Img2014 aligncenter wp-image-42698 size-full\" src=\"https:\/\/www.hoymercedes.com.ar\/principal\/wp-content\/uploads\/2015\/06\/bomberos-28.05.2015-2.jpg\" alt=\"bomberos-28.05.2015-2\" width=\"620\" height=\"465\" srcset=\"https:\/\/www.hoymercedes.com.ar\/principal\/wp-content\/uploads\/2015\/06\/bomberos-28.05.2015-2.jpg 620w, https:\/\/www.hoymercedes.com.ar\/principal\/wp-content\/uploads\/2015\/06\/bomberos-28.05.2015-2-150x113.jpg 150w, https:\/\/www.hoymercedes.com.ar\/principal\/wp-content\/uploads\/2015\/06\/bomberos-28.05.2015-2-290x218.jpg 290w, https:\/\/www.hoymercedes.com.ar\/principal\/wp-content\/uploads\/2015\/06\/bomberos-28.05.2015-2-50x38.jpg 50w\" sizes=\"auto, (max-width: 620px) 100vw, 620px\" \/><\/a><\/p>\n<p>&nbsp;<\/p>\n","protected":false},"excerpt":{"rendered":"<p>Los Bomberos Voluntarios de Mercedes y el Hospital Dubarry actuaron en la tarde de \u00e9ste domingo en las atenciones que &#8230; <a title=\"Bomberos actuaron en supuesto intento de suicidio\" class=\"read-more\" href=\"https:\/\/www.hoymercedes.com.ar\/principal\/2015\/06\/28\/bomberos-actuaron-en-supuesto-intento-de-suicidio\/\" aria-label=\"Leer m\u00e1s sobre Bomberos actuaron en supuesto intento de suicidio\">Leer m\u00e1s<\/a><\/p>\n","protected":false},"author":1,"featured_media":42698,"comment_status":"open","ping_status":"open","sticky":false,"template":"","format":"standard","meta":{"_monsterinsights_skip_tracking":false,"_monsterinsights_sitenote_active":false,"_monsterinsights_sitenote_note":"","_monsterinsights_sitenote_category":0,"jetpack_post_was_ever_published":false,"_jetpack_newsletter_access":"","_jetpack_dont_email_post_to_subs":false,"_jetpack_newsletter_tier_id":0,"_jetpack_memberships_contains_paywalled_content":false,"_jetpack_memberships_contains_paid_content":false,"footnotes":"","jetpack_publicize_message":"","jetpack_publicize_feature_enabled":true,"jetpack_social_post_already_shared":true,"jetpack_social_options":{"image_generator_settings":{"template":"highway","default_image_id":0,"font":"","enabled":false},"version":2},"_wpas_customize_per_network":false},"categories":[85],"tags":[287],"class_list":["post-42696","post","type-post","status-publish","format-standard","has-post-thumbnail","hentry","category-policial","tag-bomberos-mercedes","generate-columns","tablet-grid-50","mobile-grid-100","grid-parent","grid-50"],"jetpack_publicize_connections":[],"jetpack_featured_media_url":"https:\/\/www.hoymercedes.com.ar\/principal\/wp-content\/uploads\/2015\/06\/bomberos-28.05.2015-2.jpg","wps_subtitle":"R\u00e1pida atenci\u00f3n al vecino","jetpack_sharing_enabled":true,"_links":{"self":[{"href":"https:\/\/www.hoymercedes.com.ar\/principal\/wp-json\/wp\/v2\/posts\/42696","targetHints":{"allow":["GET"]}}],"collection":[{"href":"https:\/\/www.hoymercedes.com.ar\/principal\/wp-json\/wp\/v2\/posts"}],"about":[{"href":"https:\/\/www.hoymercedes.com.ar\/principal\/wp-json\/wp\/v2\/types\/post"}],"author":[{"embeddable":true,"href":"https:\/\/www.hoymercedes.com.ar\/principal\/wp-json\/wp\/v2\/users\/1"}],"replies":[{"embeddable":true,"href":"https:\/\/www.hoymercedes.com.ar\/principal\/wp-json\/wp\/v2\/comments?post=42696"}],"version-history":[{"count":0,"href":"https:\/\/www.hoymercedes.com.ar\/principal\/wp-json\/wp\/v2\/posts\/42696\/revisions"}],"wp:featuredmedia":[{"embeddable":true,"href":"https:\/\/www.hoymercedes.com.ar\/principal\/wp-json\/wp\/v2\/media\/42698"}],"wp:attachment":[{"href":"https:\/\/www.hoymercedes.com.ar\/principal\/wp-json\/wp\/v2\/media?parent=42696"}],"wp:term":[{"taxonomy":"category","embeddable":true,"href":"https:\/\/www.hoymercedes.com.ar\/principal\/wp-json\/wp\/v2\/categories?post=42696"},{"taxonomy":"post_tag","embeddable":true,"href":"https:\/\/www.hoymercedes.com.ar\/principal\/wp-json\/wp\/v2\/tags?post=42696"}],"curies":[{"name":"wp","href":"https:\/\/api.w.org\/{rel}","templated":true}]}}