{"id":42702,"date":"2015-06-29T08:36:29","date_gmt":"2015-06-29T11:36:29","guid":{"rendered":"http:\/\/www.hoymercedes.com.ar\/principal\/?p=42702"},"modified":"2015-06-29T08:36:29","modified_gmt":"2015-06-29T11:36:29","slug":"salomone-hay-que-alertar-a-los-vecinos-que-si-los-gobiernos-nacionales-y-provinciales-continuan-gobernando-nos-vamos-a-seguir-inundando","status":"publish","type":"post","link":"https:\/\/www.hoymercedes.com.ar\/principal\/2015\/06\/29\/salomone-hay-que-alertar-a-los-vecinos-que-si-los-gobiernos-nacionales-y-provinciales-continuan-gobernando-nos-vamos-a-seguir-inundando\/","title":{"rendered":"Salomone: \u201cHay que alertar a los vecinos que si los gobiernos nacionales y provinciales contin\u00faan gobernando, nos vamos a seguir inundando\u201d"},"content":{"rendered":"<p><a href=\"https:\/\/www.hoymercedes.com.ar\/principal\/wp-content\/uploads\/2015\/06\/puentejauregui2.jpg\"><img loading=\"lazy\" decoding=\"async\" data-attachment-id=\"42703\" data-permalink=\"https:\/\/www.hoymercedes.com.ar\/principal\/2015\/06\/29\/salomone-hay-que-alertar-a-los-vecinos-que-si-los-gobiernos-nacionales-y-provinciales-continuan-gobernando-nos-vamos-a-seguir-inundando\/puentejauregui2\/#main\" data-orig-file=\"https:\/\/www.hoymercedes.com.ar\/principal\/wp-content\/uploads\/2015\/06\/puentejauregui2.jpg\" data-orig-size=\"620,465\" data-comments-opened=\"1\" data-image-meta=\"{&quot;aperture&quot;:&quot;0&quot;,&quot;credit&quot;:&quot;&quot;,&quot;camera&quot;:&quot;BlackBerry 9300&quot;,&quot;caption&quot;:&quot;&quot;,&quot;created_timestamp&quot;:&quot;0&quot;,&quot;copyright&quot;:&quot;&quot;,&quot;focal_length&quot;:&quot;0&quot;,&quot;iso&quot;:&quot;0&quot;,&quot;shutter_speed&quot;:&quot;0&quot;,&quot;title&quot;:&quot;&quot;,&quot;orientation&quot;:&quot;0&quot;}\" data-image-title=\"puentejauregui2\" data-image-description=\"\" data-image-caption=\"\" data-large-file=\"https:\/\/www.hoymercedes.com.ar\/principal\/wp-content\/uploads\/2015\/06\/puentejauregui2.jpg\" class=\"Img2014 aligncenter wp-image-42703 size-full\" title=\"Anegamiento R\u00edo Luj\u00e1n\" src=\"https:\/\/www.hoymercedes.com.ar\/principal\/wp-content\/uploads\/2015\/06\/puentejauregui2.jpg\" alt=\"puentejauregui2\" width=\"620\" height=\"465\" srcset=\"https:\/\/www.hoymercedes.com.ar\/principal\/wp-content\/uploads\/2015\/06\/puentejauregui2.jpg 620w, https:\/\/www.hoymercedes.com.ar\/principal\/wp-content\/uploads\/2015\/06\/puentejauregui2-150x113.jpg 150w, https:\/\/www.hoymercedes.com.ar\/principal\/wp-content\/uploads\/2015\/06\/puentejauregui2-290x218.jpg 290w, https:\/\/www.hoymercedes.com.ar\/principal\/wp-content\/uploads\/2015\/06\/puentejauregui2-50x38.jpg 50w\" sizes=\"auto, (max-width: 620px) 100vw, 620px\" \/><\/a><\/p>\n<p><em><strong>Nuevamente desde el Frente Renovador de Mercedes nos alertan sobre la necesidad de efectuar responsablemente las obras que necesita el R\u00edo Luj\u00e1n siendo las mismas una responsabilidad de la Provincia de Buenos Aires y su Ministerio de Infraestructura.<\/strong><\/em><\/p>\n<p>El Secretario de Obras P\u00fablicas, Gustavo Salomone, sali\u00f3 nuevamente al debate p\u00fablico tras las declaraciones de la concejal Marianela Arenillas, integrante de La C\u00e1mpora en Mercedes. Salome, recordemos, es el encargado local del seguimiento de las obras de todo orden institucional, as\u00ed como de los pedidos y reclamos sobre las que nunca se realizaron, que son la mayor\u00eda, en especial desde el orden provincial.<\/p>\n<p>\u201cHay que alertar a los vecinos que si los gobiernos nacionales y provinciales\u00a0contin\u00faan gobernando, nos vamos a seguir inundando\u201d, afirm\u00f3 sin dudarlo el Ingeniero.<\/p>\n<p>Tras el pedido de informaci\u00f3n efectuado por Arenillas el referente de Obras P\u00fablicas local manifest\u00f3 que: \u201cme sorprende profundamente ya que no nos podemos permitir otra cat\u00e1strofe como la vivida en octubre del 2014, parece que la concejala\u00a0\u00a0sabe que va a volver a pasar\u201d, sostuvo tras recordar que Arenillas hab\u00eda dicho: \u201cque la idea del bloque de concejales del Frente Mercedino es sentar bases de datos que sirva para pr\u00f3ximas emergencias\u201c,\u00a0 dejando el camino abierto a futuras tragedias, \u201cEs como si supiesen que Provincia no har\u00e1 nada\u201d, recalc\u00f3 el funcionario remarcando que le preocupa: \u201cla inacci\u00f3n de la Provincia de Buenos Aires en atender los reclamos que el municipio viene realizando sobre las obras h\u00eddricas que al gobernador Scioli\u00a0le compete \u00ab<strong>Puede volver a ocurrir<\/strong>\u00bb, ya que entre Lujan y Mercedes no han hecho nada, y como muestra de ello es el estado del cauce del rio lujan, hoy taponado notablemente por acacias, produciendo inundaciones en la zona norte y oeste de la ciudad, y el canal paralelo a la Ruta Nacional 5 desde calle 11 al arroyo Las Pulgas, actualmente sin realizar y produciendo anegamientos en la zona sur de la ciudad\u201d, sostuvo.<\/p>\n<p>Gustavo Salomone, que en varias ocasiones expuso sobre la actualidad de nuestro R\u00edo Luj\u00e1n, expres\u00f3 que: \u201cEl bloque de concejales del Frente Mercedino deber\u00eda ponerse los pantalones largos y usar las te\u00f3ricas influencias que tienen a nivel provincial y nacional para ayudar a aportar soluciones de fondo a estos temas trascendentales para los vecinos, y no\u00a0\u00a0pidiendo informes para armar bases de datos para pr\u00f3ximas emergencias, ni demandando\u00a0al Municipio por estragos en las \u00faltimas inundaciones y llevando de la mano a vecinos afectados, confundi\u00e9ndolos y haci\u00e9ndolos denunciar en la justicia\u201d coment\u00f3 para luego remarcar que se trata de una: \u201cpol\u00edtica barata a costas del dinero de todos los mercedinos\u201d<\/p>\n<p>\u201cConsidero que deber\u00edan\u00a0\u00a0ayudar a la causa, reforzando los pedidos que el municipio viene solicitando desde el 2010, pidiendo\u00a0\u00a0informes al Gobernador Scioli y al Ministro Arlia por su inacci\u00f3n en este tema, para que brinde explicaciones del estado de abandono del rio lujan, y por qu\u00e9 en Mercedes no se hacen las obras hidr\u00e1ulicas solicitadas por el Intendente Selva\u201d manifest\u00f3 el ingeniero.<\/p>\n<p>En 2010 tras la inundaci\u00f3n, Daniel Scioli declar\u00f3 la emergencia h\u00eddrica donde nuestra comuna adhiri\u00f3 solicitando la limpieza y desmalezado de las m\u00e1rgenes del rio lujan entre los puentes amarillo y del ca\u00f1\u00f3n, ingresado al Ministerio de Infraestructura de la Provincia de \u00a0Buenos Aires el 12 de Marzo del 2010, conform\u00e1ndose el expediente n\u00b0 2400-217\/2010.<\/p>\n<p>\u201cDesde entonces, y reclamado en toda reuni\u00f3n y visita al Ministerio por parte del ntendente, reiterado el pedido al Ministro Arlia con nota ingresada el d\u00eda 4 de agosto del 2012, y en diversas reuniones del comit\u00e9 de cuenca del Rio Lujan, pues de haberse atendido este trabajo por parte de la Provincia de Buenos Aires se podr\u00eda haber evitado y\/o minimizado los da\u00f1os producidos en la zona y las inundaciones en estos barrios. Como es de p\u00fablico conocimiento, los Intendentes de la Cuenca del Rio Lujan despu\u00e9s de haber reclamado en varias oportunidades ante las autoridades de Hidr\u00e1ulica bonaerense y ante la Autoridad del Agua del Ministerio provincial lograron que el Ministro de Infraestructura Alejandro Arlia gestionara ante el PROFIDE una obra de desmalezamiento de acacias en los m\u00e1rgenes del rio lujan de toda la cuenca, por un valor de $ 70.000.000, para trabajos de unos 30 km cuenca abajo quedando la promesa de atender los reclamos puntuales de cada distrito involucrado. (Reuni\u00f3n efectuada en las oficinas del Profide el d\u00eda 16 de abril del 2014). El d\u00eda 8 de junio del 2014, el propio Ministro de Infraestructura, visit\u00f3 el inicio de las obras en la ciudad de Lujan, junto al Intendente Luciani de Lujan y al Intendente Selva de Mercedes, reuni\u00f3n efectuada en el Museo de Bellas Artes de la ciudad, junto a funcionarios provinciales y el propio Ministro\u201d, afirm\u00f3 Salomone comentando que: \u201cdesde entonces se suman los pedidos, los reclamos, las necesidades y nada sucede. Continuamos esperando\u201d.<\/p>\n<p>Salomone entreg\u00f3 a la prensa un breve repaso de la historia reciente de las gestiones y acciones:<\/p>\n<p>&#8211;\u00a0 En el a\u00f1o 2005 el Comit\u00e9 de Cuenca del Rio Lujan y la Secretaria de Recursos H\u00eddricos de la Naci\u00f3n\u00a0 se concret\u00f3 un estudio con el Instituto Nacional del Agua (INA).<br \/>\n&#8211; En junio del 2007 el INA emiti\u00f3 las conclusiones sobre los trabajos que deb\u00edan hacerse en el rio para evitar las inundaciones.<br \/>\n&#8211; En el a\u00f1o 2011\u00a0 la Direcci\u00f3n de Hidr\u00e1ulica de la Provincia de Buenos Aires llama a Licitaci\u00f3n para un estudio integral y proyecto de las obras de saneamiento del rio.<br \/>\n&#8211; En el a\u00f1o 2014 se adjudican los estudios que una consultora va a realizar en un tiempo de 1 a\u00f1o, con fecha de culminaci\u00f3n en julio del 2015<\/p>\n<p>Vale recordar que hasta la fecha en el distrito de Mercedes no han comenzado con ninguna tarea sobre el Rio Luj\u00e1n que haga minimizar los riesgos de futuras inundaciones.<\/p>\n<p>&nbsp;<\/p>\n","protected":false},"excerpt":{"rendered":"<p>Nuevamente desde el Frente Renovador de Mercedes nos alertan sobre la necesidad de efectuar responsablemente las obras que necesita el &#8230; <a title=\"Salomone: \u201cHay que alertar a los vecinos que si los gobiernos nacionales y provinciales contin\u00faan gobernando, nos vamos a seguir inundando\u201d\" class=\"read-more\" href=\"https:\/\/www.hoymercedes.com.ar\/principal\/2015\/06\/29\/salomone-hay-que-alertar-a-los-vecinos-que-si-los-gobiernos-nacionales-y-provinciales-continuan-gobernando-nos-vamos-a-seguir-inundando\/\" aria-label=\"Leer m\u00e1s sobre Salomone: \u201cHay que alertar a los vecinos que si los gobiernos nacionales y provinciales contin\u00faan gobernando, nos vamos a seguir inundando\u201d\">Leer m\u00e1s<\/a><\/p>\n","protected":false},"author":1,"featured_media":42703,"comment_status":"open","ping_status":"open","sticky":false,"template":"","format":"standard","meta":{"_monsterinsights_skip_tracking":false,"_monsterinsights_sitenote_active":false,"_monsterinsights_sitenote_note":"","_monsterinsights_sitenote_category":0,"jetpack_post_was_ever_published":false,"_jetpack_newsletter_access":"","_jetpack_dont_email_post_to_subs":false,"_jetpack_newsletter_tier_id":0,"_jetpack_memberships_contains_paywalled_content":false,"_jetpack_memberships_contains_paid_content":false,"footnotes":"","jetpack_publicize_message":"","jetpack_publicize_feature_enabled":true,"jetpack_social_post_already_shared":true,"jetpack_social_options":{"image_generator_settings":{"template":"highway","default_image_id":0,"font":"","enabled":false},"version":2},"_wpas_customize_per_network":false},"categories":[1],"tags":[229,2651,402],"class_list":["post-42702","post","type-post","status-publish","format-standard","has-post-thumbnail","hentry","category-opinion","tag-gustavo-salomone","tag-inundacion-mercedes","tag-rio-lujan","generate-columns","tablet-grid-50","mobile-grid-100","grid-parent","grid-50"],"jetpack_publicize_connections":[],"jetpack_featured_media_url":"https:\/\/www.hoymercedes.com.ar\/principal\/wp-content\/uploads\/2015\/06\/puentejauregui2.jpg","wps_subtitle":"R\u00edo Luj\u00e1n y una preocupaci\u00f3n constante","jetpack_sharing_enabled":true,"_links":{"self":[{"href":"https:\/\/www.hoymercedes.com.ar\/principal\/wp-json\/wp\/v2\/posts\/42702","targetHints":{"allow":["GET"]}}],"collection":[{"href":"https:\/\/www.hoymercedes.com.ar\/principal\/wp-json\/wp\/v2\/posts"}],"about":[{"href":"https:\/\/www.hoymercedes.com.ar\/principal\/wp-json\/wp\/v2\/types\/post"}],"author":[{"embeddable":true,"href":"https:\/\/www.hoymercedes.com.ar\/principal\/wp-json\/wp\/v2\/users\/1"}],"replies":[{"embeddable":true,"href":"https:\/\/www.hoymercedes.com.ar\/principal\/wp-json\/wp\/v2\/comments?post=42702"}],"version-history":[{"count":0,"href":"https:\/\/www.hoymercedes.com.ar\/principal\/wp-json\/wp\/v2\/posts\/42702\/revisions"}],"wp:featuredmedia":[{"embeddable":true,"href":"https:\/\/www.hoymercedes.com.ar\/principal\/wp-json\/wp\/v2\/media\/42703"}],"wp:attachment":[{"href":"https:\/\/www.hoymercedes.com.ar\/principal\/wp-json\/wp\/v2\/media?parent=42702"}],"wp:term":[{"taxonomy":"category","embeddable":true,"href":"https:\/\/www.hoymercedes.com.ar\/principal\/wp-json\/wp\/v2\/categories?post=42702"},{"taxonomy":"post_tag","embeddable":true,"href":"https:\/\/www.hoymercedes.com.ar\/principal\/wp-json\/wp\/v2\/tags?post=42702"}],"curies":[{"name":"wp","href":"https:\/\/api.w.org\/{rel}","templated":true}]}}