{"id":4272,"date":"2011-05-16T02:47:52","date_gmt":"2011-05-16T02:47:52","guid":{"rendered":"http:\/\/www.hoymercedes.com.ar\/principal\/?p=4272"},"modified":"2011-05-16T02:49:57","modified_gmt":"2011-05-16T02:49:57","slug":"%c2%bfempleados-enojados-habrian-manifestado-que-%e2%80%9ctodos-viene-a-buscar-cosas-porque-los-envia-la-campora%e2%80%9d","status":"publish","type":"post","link":"https:\/\/www.hoymercedes.com.ar\/principal\/2011\/05\/16\/%c2%bfempleados-enojados-habrian-manifestado-que-%e2%80%9ctodos-viene-a-buscar-cosas-porque-los-envia-la-campora%e2%80%9d\/","title":{"rendered":"\u00bfEmpleados enojados? Habr\u00edan manifestado que \u201ctodos vienen a buscar cosas porque los env\u00eda La Campora\u201d"},"content":{"rendered":"<p>El Estado es uno, complejo, amplio, con diferencias en el acto de vincularse con la sociedad en Estado Nacional, Provincial y Municipal. En una ciudad, como Mercedes, se pueden encontrar oficinas y \u00e1mbitos de gesti\u00f3n de las tres instancias y conviven vincul\u00e1ndose en muchas ocasiones.<\/p>\n<div align=\"center\">\n<a href=\"https:\/\/www.hoymercedes.com.ar\/principal\/wp-content\/uploads\/2011\/05\/Silla-espera.jpg\"><img loading=\"lazy\" decoding=\"async\" data-attachment-id=\"4274\" data-permalink=\"https:\/\/www.hoymercedes.com.ar\/principal\/2011\/05\/16\/%c2%bfempleados-enojados-habrian-manifestado-que-%e2%80%9ctodos-viene-a-buscar-cosas-porque-los-envia-la-campora%e2%80%9d\/silla-espera\/#main\" data-orig-file=\"https:\/\/www.hoymercedes.com.ar\/principal\/wp-content\/uploads\/2011\/05\/Silla-espera.jpg\" data-orig-size=\"500,375\" data-comments-opened=\"1\" data-image-meta=\"{&quot;aperture&quot;:&quot;4.7&quot;,&quot;credit&quot;:&quot;&quot;,&quot;camera&quot;:&quot;COOLPIX L10&quot;,&quot;caption&quot;:&quot;&quot;,&quot;created_timestamp&quot;:&quot;1305011442&quot;,&quot;copyright&quot;:&quot;Copyright 2006&quot;,&quot;focal_length&quot;:&quot;15.3&quot;,&quot;iso&quot;:&quot;64&quot;,&quot;shutter_speed&quot;:&quot;0.016666666666667&quot;,&quot;title&quot;:&quot;&quot;}\" data-image-title=\"Silla-espera\" data-image-description=\"&lt;p&gt;Silla pol\u00e9mica&lt;\/p&gt;\n\" data-image-caption=\"\" data-large-file=\"https:\/\/www.hoymercedes.com.ar\/principal\/wp-content\/uploads\/2011\/05\/Silla-espera.jpg\" class=\"aligncenter size-full wp-image-4274\" title=\"Silla-espera\" src=\"https:\/\/www.hoymercedes.com.ar\/principal\/wp-content\/uploads\/2011\/05\/Silla-espera.jpg\" alt=\"\" width=\"500\" height=\"375\" \/><\/a><\/div>\n<p>En una de dichas instancias los empleados elevaron un argumento para llevar a cabo una suerte de broma con mezcla de protesta y chicana pol\u00edtica. Seg\u00fan ellos se cansaron de personas que iban diciendo arribaban a realizar tr\u00e1mites enviados por \u00abLa C\u00e1mpora\u00bb con lo cual deban ser atendidos. Eso es lo que manifestaban los empleados.<\/p>\n<p>La cuesti\u00f3n es que colocaron en el pasillo una silla con el cartel que ilusta la foto con la leyenda \u00a0\u201cSi Ud es de La Campora si\u00e9ntese y espere aqu\u00ed\u201d.<\/p>\n<p>Podr\u00eda o no ser real lo que los empleados manifiestan. Podr\u00edan ser todos o simplemente uno de ellos y el resto lo toma a broma. Podr\u00edan ser muchas cosas, incluso, una mentira con el objetivo de estigmatizar. Lo cierto, lo concreto y lo real es que la silla apareci\u00f3 y termin\u00f3 siendo, para muchos, un acto de picard\u00eda criolla, pero, para otros, algo de p\u00e9simo gusto.<\/p>\n<div align=\"center\">\n<a href=\"https:\/\/www.hoymercedes.com.ar\/principal\/wp-content\/uploads\/2011\/05\/Silla-esperaII.jpg\"><img loading=\"lazy\" decoding=\"async\" data-attachment-id=\"4275\" data-permalink=\"https:\/\/www.hoymercedes.com.ar\/principal\/2011\/05\/16\/%c2%bfempleados-enojados-habrian-manifestado-que-%e2%80%9ctodos-viene-a-buscar-cosas-porque-los-envia-la-campora%e2%80%9d\/silla-esperaii\/#main\" data-orig-file=\"https:\/\/www.hoymercedes.com.ar\/principal\/wp-content\/uploads\/2011\/05\/Silla-esperaII.jpg\" data-orig-size=\"500,375\" data-comments-opened=\"1\" data-image-meta=\"{&quot;aperture&quot;:&quot;2.8&quot;,&quot;credit&quot;:&quot;&quot;,&quot;camera&quot;:&quot;COOLPIX L10&quot;,&quot;caption&quot;:&quot;&quot;,&quot;created_timestamp&quot;:&quot;1305011458&quot;,&quot;copyright&quot;:&quot;Copyright 2006&quot;,&quot;focal_length&quot;:&quot;6.2&quot;,&quot;iso&quot;:&quot;64&quot;,&quot;shutter_speed&quot;:&quot;0.016666666666667&quot;,&quot;title&quot;:&quot;&quot;}\" data-image-title=\"Silla-esperaII\" data-image-description=\"\" data-image-caption=\"\" data-large-file=\"https:\/\/www.hoymercedes.com.ar\/principal\/wp-content\/uploads\/2011\/05\/Silla-esperaII.jpg\" class=\"aligncenter size-full wp-image-4275\" title=\"Silla-esperaII\" src=\"https:\/\/www.hoymercedes.com.ar\/principal\/wp-content\/uploads\/2011\/05\/Silla-esperaII.jpg\" alt=\"\" width=\"500\" height=\"375\" srcset=\"https:\/\/www.hoymercedes.com.ar\/principal\/wp-content\/uploads\/2011\/05\/Silla-esperaII.jpg 500w, https:\/\/www.hoymercedes.com.ar\/principal\/wp-content\/uploads\/2011\/05\/Silla-esperaII-300x225.jpg 300w\" sizes=\"auto, (max-width: 500px) 100vw, 500px\" \/><\/a><\/div>\n<p>&nbsp;<\/p>\n","protected":false},"excerpt":{"rendered":"<p>El Estado es uno, complejo, amplio, con diferencias en el acto de vincularse con la sociedad en Estado Nacional, Provincial &#8230; <a title=\"\u00bfEmpleados enojados? Habr\u00edan manifestado que \u201ctodos vienen a buscar cosas porque los env\u00eda La Campora\u201d\" class=\"read-more\" href=\"https:\/\/www.hoymercedes.com.ar\/principal\/2011\/05\/16\/%c2%bfempleados-enojados-habrian-manifestado-que-%e2%80%9ctodos-viene-a-buscar-cosas-porque-los-envia-la-campora%e2%80%9d\/\" aria-label=\"Leer m\u00e1s sobre \u00bfEmpleados enojados? Habr\u00edan manifestado que \u201ctodos vienen a buscar cosas porque los env\u00eda La Campora\u201d\">Leer m\u00e1s<\/a><\/p>\n","protected":false},"author":1,"featured_media":0,"comment_status":"open","ping_status":"open","sticky":false,"template":"","format":"standard","meta":{"_monsterinsights_skip_tracking":false,"_monsterinsights_sitenote_active":false,"_monsterinsights_sitenote_note":"","_monsterinsights_sitenote_category":0,"jetpack_post_was_ever_published":false,"_jetpack_newsletter_access":"","_jetpack_dont_email_post_to_subs":false,"_jetpack_newsletter_tier_id":0,"_jetpack_memberships_contains_paywalled_content":false,"_jetpack_memberships_contains_paid_content":false,"footnotes":"","jetpack_publicize_message":"","jetpack_publicize_feature_enabled":true,"jetpack_social_post_already_shared":false,"jetpack_social_options":{"image_generator_settings":{"template":"highway","default_image_id":0,"font":"","enabled":false},"version":2},"_wpas_customize_per_network":false},"categories":[5],"tags":[542],"class_list":["post-4272","post","type-post","status-publish","format-standard","hentry","category-politica","tag-la-campora-mercedes","generate-columns","tablet-grid-50","mobile-grid-100","grid-parent","grid-50"],"jetpack_publicize_connections":[],"jetpack_featured_media_url":"","wps_subtitle":"","jetpack_sharing_enabled":true,"_links":{"self":[{"href":"https:\/\/www.hoymercedes.com.ar\/principal\/wp-json\/wp\/v2\/posts\/4272","targetHints":{"allow":["GET"]}}],"collection":[{"href":"https:\/\/www.hoymercedes.com.ar\/principal\/wp-json\/wp\/v2\/posts"}],"about":[{"href":"https:\/\/www.hoymercedes.com.ar\/principal\/wp-json\/wp\/v2\/types\/post"}],"author":[{"embeddable":true,"href":"https:\/\/www.hoymercedes.com.ar\/principal\/wp-json\/wp\/v2\/users\/1"}],"replies":[{"embeddable":true,"href":"https:\/\/www.hoymercedes.com.ar\/principal\/wp-json\/wp\/v2\/comments?post=4272"}],"version-history":[{"count":0,"href":"https:\/\/www.hoymercedes.com.ar\/principal\/wp-json\/wp\/v2\/posts\/4272\/revisions"}],"wp:attachment":[{"href":"https:\/\/www.hoymercedes.com.ar\/principal\/wp-json\/wp\/v2\/media?parent=4272"}],"wp:term":[{"taxonomy":"category","embeddable":true,"href":"https:\/\/www.hoymercedes.com.ar\/principal\/wp-json\/wp\/v2\/categories?post=4272"},{"taxonomy":"post_tag","embeddable":true,"href":"https:\/\/www.hoymercedes.com.ar\/principal\/wp-json\/wp\/v2\/tags?post=4272"}],"curies":[{"name":"wp","href":"https:\/\/api.w.org\/{rel}","templated":true}]}}