{"id":42783,"date":"2015-07-01T00:17:42","date_gmt":"2015-07-01T03:17:42","guid":{"rendered":"http:\/\/www.hoymercedes.com.ar\/principal\/?p=42783"},"modified":"2015-07-01T23:27:28","modified_gmt":"2015-07-02T02:27:28","slug":"policia-logra-desbaratar-banda-en-mercedes-que-robaba-autos-en-chivilcoy","status":"publish","type":"post","link":"https:\/\/www.hoymercedes.com.ar\/principal\/2015\/07\/01\/policia-logra-desbaratar-banda-en-mercedes-que-robaba-autos-en-chivilcoy\/","title":{"rendered":"Polic\u00eda logra desbaratar banda en Mercedes que robaba autos en Chivilcoy"},"content":{"rendered":"<p><a href=\"https:\/\/www.hoymercedes.com.ar\/principal\/wp-content\/uploads\/2015\/07\/detenido-robos.chivilcoy.jpg\"><img loading=\"lazy\" decoding=\"async\" data-attachment-id=\"42786\" data-permalink=\"https:\/\/www.hoymercedes.com.ar\/principal\/2015\/07\/01\/policia-logra-desbaratar-banda-en-mercedes-que-robaba-autos-en-chivilcoy\/detenido-robos-chivilcoy\/#main\" data-orig-file=\"https:\/\/www.hoymercedes.com.ar\/principal\/wp-content\/uploads\/2015\/07\/detenido-robos.chivilcoy.jpg\" data-orig-size=\"620,345\" data-comments-opened=\"1\" data-image-meta=\"{&quot;aperture&quot;:&quot;0&quot;,&quot;credit&quot;:&quot;&quot;,&quot;camera&quot;:&quot;&quot;,&quot;caption&quot;:&quot;&quot;,&quot;created_timestamp&quot;:&quot;0&quot;,&quot;copyright&quot;:&quot;&quot;,&quot;focal_length&quot;:&quot;0&quot;,&quot;iso&quot;:&quot;0&quot;,&quot;shutter_speed&quot;:&quot;0&quot;,&quot;title&quot;:&quot;&quot;,&quot;orientation&quot;:&quot;0&quot;}\" data-image-title=\"detenido-robos.chivilcoy\" data-image-description=\"\" data-image-caption=\"\" data-large-file=\"https:\/\/www.hoymercedes.com.ar\/principal\/wp-content\/uploads\/2015\/07\/detenido-robos.chivilcoy.jpg\" class=\"Img2014 aligncenter wp-image-42786 size-full\" src=\"https:\/\/www.hoymercedes.com.ar\/principal\/wp-content\/uploads\/2015\/07\/detenido-robos.chivilcoy.jpg\" alt=\"detenido-robos.chivilcoy\" width=\"620\" height=\"345\" srcset=\"https:\/\/www.hoymercedes.com.ar\/principal\/wp-content\/uploads\/2015\/07\/detenido-robos.chivilcoy.jpg 620w, https:\/\/www.hoymercedes.com.ar\/principal\/wp-content\/uploads\/2015\/07\/detenido-robos.chivilcoy-150x83.jpg 150w, https:\/\/www.hoymercedes.com.ar\/principal\/wp-content\/uploads\/2015\/07\/detenido-robos.chivilcoy-290x161.jpg 290w, https:\/\/www.hoymercedes.com.ar\/principal\/wp-content\/uploads\/2015\/07\/detenido-robos.chivilcoy-50x28.jpg 50w\" sizes=\"auto, (max-width: 620px) 100vw, 620px\" \/><\/a><\/p>\n<p><em><strong>La banda robaba en otras localidades, fundamentalmente en Chivicoy y se desas\u00eda de los veh\u00edculos en Mercedes tras realizarle cambios en la patente y la chapa. La investigaci\u00f3n se inici\u00f3 el domingo tras detener al que entienden desde esferas policiales es el cabecilla, un joven de apellido Arias de 32 a\u00f1os de edad.<\/strong><\/em><\/p>\n<p>Las acciones se dieron en Mercedes con participaci\u00f3n de polic\u00edas de Chivilcoy, inform\u00f3 el Diario La Raz\u00f3n de la mencionada localidad.<\/p>\n<p><strong><a href=\"http:\/\/www.larazondechivilcoy.com.ar\/locales\/2015\/6\/30\/adelanto-desbaratan-banda-mercedes-robaba-autos-chivilcoy-66379.html\" target=\"_blank\" rel=\"noopener\">La Raz\u00f3n<\/a><\/strong> afirm\u00f3 que: \u201cLa Polic\u00eda de Chivilcoy procedi\u00f3 esta madrugada (por el 30 de junio) a desbaratar a una banda en la ciudad de Mercedes que operaba en Chivilcoy. La misma se dedicaba a robar veh\u00edculos marcas Fiat Uno y Fiat Duna. La investigaci\u00f3n se inici\u00f3 por la detenci\u00f3n de Gustavo Oscar Arias, de 32 a\u00f1os, que se concret\u00f3 el domingo cuando circulaba con un Fiat Uno robado en Moreno el a\u00f1o pasado.<\/p>\n<p>Arias, con domicilio en Mercedes y radicado en Chivilcoy desde hace un tiempo, era quien marcaba los autos y dos personas, que por el momento no fueron dadas a conocer las identidades, ven\u00edan robaban el rodado y lo vend\u00edan particularmente en Mercedes despu\u00e9s de cambiarles el dominio.\u201d<\/p>\n<p>Sobre la causa act\u00faa la justicia mercedina<\/p>\n<p>&nbsp;<\/p>\n","protected":false},"excerpt":{"rendered":"<p>La banda robaba en otras localidades, fundamentalmente en Chivicoy y se desas\u00eda de los veh\u00edculos en Mercedes tras realizarle cambios &#8230; <a title=\"Polic\u00eda logra desbaratar banda en Mercedes que robaba autos en Chivilcoy\" class=\"read-more\" href=\"https:\/\/www.hoymercedes.com.ar\/principal\/2015\/07\/01\/policia-logra-desbaratar-banda-en-mercedes-que-robaba-autos-en-chivilcoy\/\" aria-label=\"Leer m\u00e1s sobre Polic\u00eda logra desbaratar banda en Mercedes que robaba autos en Chivilcoy\">Leer m\u00e1s<\/a><\/p>\n","protected":false},"author":1,"featured_media":42786,"comment_status":"open","ping_status":"open","sticky":false,"template":"","format":"standard","meta":{"_monsterinsights_skip_tracking":false,"_monsterinsights_sitenote_active":false,"_monsterinsights_sitenote_note":"","_monsterinsights_sitenote_category":0,"jetpack_post_was_ever_published":false,"_jetpack_newsletter_access":"","_jetpack_dont_email_post_to_subs":false,"_jetpack_newsletter_tier_id":0,"_jetpack_memberships_contains_paywalled_content":false,"_jetpack_memberships_contains_paid_content":false,"footnotes":"","jetpack_publicize_message":"","jetpack_publicize_feature_enabled":true,"jetpack_social_post_already_shared":true,"jetpack_social_options":{"image_generator_settings":{"template":"highway","default_image_id":0,"font":"","enabled":false},"version":2},"_wpas_customize_per_network":false},"categories":[85],"tags":[7522,7521,126],"class_list":["post-42783","post","type-post","status-publish","format-standard","has-post-thumbnail","hentry","category-policial","tag-delincuencia-mercedes","tag-policia-de-chivilcoy","tag-policia-mercedes","generate-columns","tablet-grid-50","mobile-grid-100","grid-parent","grid-50"],"jetpack_publicize_connections":[],"jetpack_featured_media_url":"https:\/\/www.hoymercedes.com.ar\/principal\/wp-content\/uploads\/2015\/07\/detenido-robos.chivilcoy.jpg","wps_subtitle":"Tres sujetos involucrados","jetpack_sharing_enabled":true,"_links":{"self":[{"href":"https:\/\/www.hoymercedes.com.ar\/principal\/wp-json\/wp\/v2\/posts\/42783","targetHints":{"allow":["GET"]}}],"collection":[{"href":"https:\/\/www.hoymercedes.com.ar\/principal\/wp-json\/wp\/v2\/posts"}],"about":[{"href":"https:\/\/www.hoymercedes.com.ar\/principal\/wp-json\/wp\/v2\/types\/post"}],"author":[{"embeddable":true,"href":"https:\/\/www.hoymercedes.com.ar\/principal\/wp-json\/wp\/v2\/users\/1"}],"replies":[{"embeddable":true,"href":"https:\/\/www.hoymercedes.com.ar\/principal\/wp-json\/wp\/v2\/comments?post=42783"}],"version-history":[{"count":0,"href":"https:\/\/www.hoymercedes.com.ar\/principal\/wp-json\/wp\/v2\/posts\/42783\/revisions"}],"wp:featuredmedia":[{"embeddable":true,"href":"https:\/\/www.hoymercedes.com.ar\/principal\/wp-json\/wp\/v2\/media\/42786"}],"wp:attachment":[{"href":"https:\/\/www.hoymercedes.com.ar\/principal\/wp-json\/wp\/v2\/media?parent=42783"}],"wp:term":[{"taxonomy":"category","embeddable":true,"href":"https:\/\/www.hoymercedes.com.ar\/principal\/wp-json\/wp\/v2\/categories?post=42783"},{"taxonomy":"post_tag","embeddable":true,"href":"https:\/\/www.hoymercedes.com.ar\/principal\/wp-json\/wp\/v2\/tags?post=42783"}],"curies":[{"name":"wp","href":"https:\/\/api.w.org\/{rel}","templated":true}]}}