{"id":42792,"date":"2015-07-01T22:37:34","date_gmt":"2015-07-02T01:37:34","guid":{"rendered":"http:\/\/www.hoymercedes.com.ar\/principal\/?p=42792"},"modified":"2015-07-01T22:38:14","modified_gmt":"2015-07-02T01:38:14","slug":"ustarroz-repaso-la-actualidad-de-estudiantes-locales-con-secretario-de-bienestar-de-la-unlu","status":"publish","type":"post","link":"https:\/\/www.hoymercedes.com.ar\/principal\/2015\/07\/01\/ustarroz-repaso-la-actualidad-de-estudiantes-locales-con-secretario-de-bienestar-de-la-unlu\/","title":{"rendered":"Ustarroz repaso  la actualidad de estudiantes locales con Secretario de Bienestar de la UNLu"},"content":{"rendered":"<p><em><strong>El presidente del bloque de concejales y precandidato a intendente del Frente Mercedino para la Victoria, Juan Ignacio Ustarroz, se reuni\u00f3 con el Secretario de Bienestar Universitario de la Universidad Nacional de Luj\u00e1n, el contador Fabi\u00e1n Cabo, con quien repas\u00f3 distintos aspectos de la realidad de los estudiantes de nuestra ciudad y profundiz\u00f3 sobre los proyectos para el segundo cuatrimestre del a\u00f1o.<\/strong><\/em><\/p>\n<p>En el encuentro, Juani se inform\u00f3 sobre los beneficios que la UNLu gestiona para los educandos locales, as\u00ed como las becas otorgadas y las tareas en conjunto que pueden y que se realizan actualmente con el Estado Nacional y el Municipio, como es la carrera de T\u00e9cnico en Sistemas gestionada por el propio Ustarroz para Mercedes y se sustenta a trav\u00e9s de la Secretar\u00eda de Pol\u00edticas Universitaria.<\/p>\n<p>Juani coment\u00f3: \u201cFue un encuentro realmente muy positivo. Buscamos terminar de conocer algunos aspectos que acompa\u00f1an la nueva carrera que se lanza en Mercedes, la Tecnicatura en Sistemas de la Informaci\u00f3n, y sobre la cual recordamos a los mercedinos que se pueden inscribir muy f\u00e1cilmente desde la p\u00e1gina de la UNLu\u201d.<\/p>\n<p>\u201cEl Secretario de Bienestar nos explic\u00f3 que los estudiantes, si bien por ahora no tendr\u00e1n obligaci\u00f3n de viajar a la Sede Central, s\u00ed pueden, por ser estudiantes activos, tener acceso a solicitar todos los beneficios y derechos que da la universidad y que se pueden gestionar desde el primer d\u00eda de clases\u201d, agreg\u00f3.<\/p>\n<p>Entre los ejemplos, Ustarroz enumer\u00f3: \u201cEl descuento a pasajes de la l\u00ednea 57, las becas de ayuda econ\u00f3mica, dedicaci\u00f3n exclusiva, beca especial por discapacidad, el acceso total a los pr\u00e9stamos de biblioteca, las prestaciones deportivas y culturales, las pasant\u00edas internas rentadas que llevan a ser parte de procesos educativos amplios como lo es la investigaci\u00f3n y extensi\u00f3n, participar de los programas del Estado Nacional como es el Voluntariado Universitario o las becas como Bicentenario, Progresar, la colonia de vacaciones o el servicio de orientaci\u00f3n psicol\u00f3gica y orientaci\u00f3n vocacional al estudiante\u201d.<\/p>\n<p>El candidato a intendente del Frente Mercedino tambi\u00e9n manifest\u00f3: \u201cAhora los mercedinos tenemos una nueva carrera con amplia salida laboral que hace m\u00e1s de un a\u00f1o ven\u00edamos gestionando con el Estado Nacional. El resultado fue el mejor y es por eso que decidimos informarnos plenamente de todo lo que implica ser parte activa de la comunidad universitaria de la UNLu, todas cuestiones que desde el primer d\u00eda de clase deseamos queden claras para todos los mercedinos, que, insisto, tienen una gran oportunidad para cursar la carrera de T\u00e9cnico en Sistemas en nuestra ciudad\u201d.<\/p>\n<p>Por su parte, el contador Fabi\u00e1n Cabo y Secretario de Bienestar Universitario de la UNLu dijo: \u201cLos estudiantes tienen muchos derechos y obligaciones desde que se convierten en miembros de la comunidad. Acceso a diversas instancias que le har\u00e1n la vida universitaria m\u00e1s plena. Es un orgullo para nosotros poder decirlo y facilitarle todos los caminos\u201d.<\/p>\n<p>\u201cEl hecho de cursar en Mercedes no les quita ni un solo derecho sino todo lo \u00a0contrario \u2013a\u00f1adi\u00f3-, nos obliga cada d\u00eda a tenerlos m\u00e1s cerca y es una excelente idea que actores sociales como Ustarroz se acerquen y se informen para acompa\u00f1ar el proceso de sus vecinos. Nosotros estaremos presentes desde el primer d\u00eda del lanzamiento de la carrera desde nuestra \u00e1rea de Bienestar y queremos que los mercedinos lo sepan, la UNLU, desde la gesti\u00f3n del rector Osvaldo Arizio, los acompa\u00f1ar\u00e1 todo los d\u00edas. Es vital que los estudiantes sepan que la instituci\u00f3n los acompa\u00f1a en muchos sentidos\u201d<\/p>\n<p>Ustarroz tambi\u00e9n explic\u00f3: \u201cEstaremos reiterando esta informaci\u00f3n y viendo que le llegue a cada estudiante. Para nosotros el proceso educativo es integral, tanto por lo que hace el alumno como por lo que la instituci\u00f3n brinda, por eso buscamos este encuentro y agradecemos nos vuelvan a recibir\u201d.<\/p>\n<p>\u201cQueremos recordar a los mercedinos que se abre una nueva carrera, con amplia salida laboral, libre, p\u00fablica y gratuita y que el Estado Nacional financia, desde la UNLu, para todo Mercedes y la regi\u00f3n, porque es a t\u00e9rmino y con una atenci\u00f3n a necesidades concretas de la ciudad y la zona que requiere una cantidad de profesionales en el \u00e1rea que a\u00fan no se satisface. El \u00a0pa\u00eds est\u00e1 requiriendo cerca de 5.000 nuevos profesionales vinculados a las \u00e1reas de sistemas de la informaci\u00f3n para cubrir la amplia demanda de personal formado en la tem\u00e1tica\u201d, cerr\u00f3.<\/p>\n<p>&nbsp;<\/p>\n<p>&nbsp;<\/p>\n","protected":false},"excerpt":{"rendered":"<p>El presidente del bloque de concejales y precandidato a intendente del Frente Mercedino para la Victoria, Juan Ignacio Ustarroz, se &#8230; <a title=\"Ustarroz repaso  la actualidad de estudiantes locales con Secretario de Bienestar de la UNLu\" class=\"read-more\" href=\"https:\/\/www.hoymercedes.com.ar\/principal\/2015\/07\/01\/ustarroz-repaso-la-actualidad-de-estudiantes-locales-con-secretario-de-bienestar-de-la-unlu\/\" aria-label=\"Leer m\u00e1s sobre Ustarroz repaso  la actualidad de estudiantes locales con Secretario de Bienestar de la UNLu\">Leer m\u00e1s<\/a><\/p>\n","protected":false},"author":1,"featured_media":34522,"comment_status":"open","ping_status":"open","sticky":false,"template":"","format":"standard","meta":{"_monsterinsights_skip_tracking":false,"_monsterinsights_sitenote_active":false,"_monsterinsights_sitenote_note":"","_monsterinsights_sitenote_category":0,"jetpack_post_was_ever_published":false,"_jetpack_newsletter_access":"","_jetpack_dont_email_post_to_subs":false,"_jetpack_newsletter_tier_id":0,"_jetpack_memberships_contains_paywalled_content":false,"_jetpack_memberships_contains_paid_content":false,"footnotes":"","jetpack_publicize_message":"","jetpack_publicize_feature_enabled":true,"jetpack_social_post_already_shared":true,"jetpack_social_options":{"image_generator_settings":{"template":"highway","default_image_id":0,"font":"","enabled":false},"version":2},"_wpas_customize_per_network":false},"categories":[23],"tags":[7524,7523,585,54],"class_list":["post-42792","post","type-post","status-publish","format-standard","has-post-thumbnail","hentry","category-educacion","tag-bienestar-universitario","tag-fabian-cabo-unlu","tag-juan-ustarroz","tag-unlu","generate-columns","tablet-grid-50","mobile-grid-100","grid-parent","grid-50"],"jetpack_publicize_connections":[],"jetpack_featured_media_url":"https:\/\/www.hoymercedes.com.ar\/principal\/wp-content\/uploads\/2014\/07\/UNLu.jpg","wps_subtitle":"Cientos de mercedinos participan de la Casa de Altos Estudios","jetpack_sharing_enabled":true,"_links":{"self":[{"href":"https:\/\/www.hoymercedes.com.ar\/principal\/wp-json\/wp\/v2\/posts\/42792","targetHints":{"allow":["GET"]}}],"collection":[{"href":"https:\/\/www.hoymercedes.com.ar\/principal\/wp-json\/wp\/v2\/posts"}],"about":[{"href":"https:\/\/www.hoymercedes.com.ar\/principal\/wp-json\/wp\/v2\/types\/post"}],"author":[{"embeddable":true,"href":"https:\/\/www.hoymercedes.com.ar\/principal\/wp-json\/wp\/v2\/users\/1"}],"replies":[{"embeddable":true,"href":"https:\/\/www.hoymercedes.com.ar\/principal\/wp-json\/wp\/v2\/comments?post=42792"}],"version-history":[{"count":0,"href":"https:\/\/www.hoymercedes.com.ar\/principal\/wp-json\/wp\/v2\/posts\/42792\/revisions"}],"wp:featuredmedia":[{"embeddable":true,"href":"https:\/\/www.hoymercedes.com.ar\/principal\/wp-json\/wp\/v2\/media\/34522"}],"wp:attachment":[{"href":"https:\/\/www.hoymercedes.com.ar\/principal\/wp-json\/wp\/v2\/media?parent=42792"}],"wp:term":[{"taxonomy":"category","embeddable":true,"href":"https:\/\/www.hoymercedes.com.ar\/principal\/wp-json\/wp\/v2\/categories?post=42792"},{"taxonomy":"post_tag","embeddable":true,"href":"https:\/\/www.hoymercedes.com.ar\/principal\/wp-json\/wp\/v2\/tags?post=42792"}],"curies":[{"name":"wp","href":"https:\/\/api.w.org\/{rel}","templated":true}]}}