{"id":42794,"date":"2015-07-01T22:43:57","date_gmt":"2015-07-02T01:43:57","guid":{"rendered":"http:\/\/www.hoymercedes.com.ar\/principal\/?p=42794"},"modified":"2015-07-03T09:47:23","modified_gmt":"2015-07-03T12:47:23","slug":"gestiones-de-ustarroz-para-regularizar-la-situacion-del-predio-del-club-defendores","status":"publish","type":"post","link":"https:\/\/www.hoymercedes.com.ar\/principal\/2015\/07\/01\/gestiones-de-ustarroz-para-regularizar-la-situacion-del-predio-del-club-defendores\/","title":{"rendered":"Gestiones de Ustarroz para regularizar la situaci\u00f3n del predio del Club Defendores"},"content":{"rendered":"<p><a href=\"https:\/\/www.hoymercedes.com.ar\/principal\/wp-content\/uploads\/2015\/07\/club-defensores-frentemercedino.jpg\"><img loading=\"lazy\" decoding=\"async\" data-attachment-id=\"42795\" data-permalink=\"https:\/\/www.hoymercedes.com.ar\/principal\/2015\/07\/01\/gestiones-de-ustarroz-para-regularizar-la-situacion-del-predio-del-club-defendores\/club-defensores-frentemercedino\/#main\" data-orig-file=\"https:\/\/www.hoymercedes.com.ar\/principal\/wp-content\/uploads\/2015\/07\/club-defensores-frentemercedino.jpg\" data-orig-size=\"620,413\" data-comments-opened=\"1\" data-image-meta=\"{&quot;aperture&quot;:&quot;0&quot;,&quot;credit&quot;:&quot;SEBASTIAN_AMBROSSIO&quot;,&quot;camera&quot;:&quot;&quot;,&quot;caption&quot;:&quot;&quot;,&quot;created_timestamp&quot;:&quot;0&quot;,&quot;copyright&quot;:&quot;Sebastian Ambrossio_&quot;,&quot;focal_length&quot;:&quot;0&quot;,&quot;iso&quot;:&quot;0&quot;,&quot;shutter_speed&quot;:&quot;0&quot;,&quot;title&quot;:&quot;&quot;,&quot;orientation&quot;:&quot;0&quot;}\" data-image-title=\"club-defensores-frentemercedino\" data-image-description=\"\" data-image-caption=\"\" data-large-file=\"https:\/\/www.hoymercedes.com.ar\/principal\/wp-content\/uploads\/2015\/07\/club-defensores-frentemercedino.jpg\" class=\"Img2014 aligncenter wp-image-42795 size-full\" src=\"https:\/\/www.hoymercedes.com.ar\/principal\/wp-content\/uploads\/2015\/07\/club-defensores-frentemercedino.jpg\" alt=\"club-defensores-frentemercedino\" width=\"620\" height=\"413\" srcset=\"https:\/\/www.hoymercedes.com.ar\/principal\/wp-content\/uploads\/2015\/07\/club-defensores-frentemercedino.jpg 620w, https:\/\/www.hoymercedes.com.ar\/principal\/wp-content\/uploads\/2015\/07\/club-defensores-frentemercedino-150x100.jpg 150w, https:\/\/www.hoymercedes.com.ar\/principal\/wp-content\/uploads\/2015\/07\/club-defensores-frentemercedino-290x193.jpg 290w, https:\/\/www.hoymercedes.com.ar\/principal\/wp-content\/uploads\/2015\/07\/club-defensores-frentemercedino-50x33.jpg 50w\" sizes=\"auto, (max-width: 620px) 100vw, 620px\" \/><\/a><\/p>\n<p><em><strong>El presidente del bloque de concejales y precandidato a intendente del Frente Mercedino para la Victoria, Juan Ignacio Ustarroz, y un funcionario del Ministerio del Interior y Transporte, Alejandro Biancosino, visitaron el club Defensores Juniors, donde se reunieron con su presidente, Jorge Gil, para hablar sobre la posesi\u00f3n del terreno que ocupa la instituci\u00f3n, la posibilidad de transferir la titularidad y lograr, de esta manera, que puedan trabajar con mayor tranquilidad.<\/strong><\/em><\/p>\n<p>\u00abHemos visto en este tiempo el esfuerzo del presidente del club, de mucha gente que trabaja ac\u00e1 y tambi\u00e9n de los chicos para poder sostenerlo, por eso tenemos en claro que necesita del apoyo de todos. Entendemos que hay un tema fundamental que es la de la regularizaci\u00f3n de los terrenos, que se dio con los cambios en las leyes de los \u00faltimos tiempos, principalmente la \u00faltima ley ferroviaria\u201d, declar\u00f3 Juani Ustarroz.<\/p>\n<p>Desde el club, el presidente se mostr\u00f3 interesado en poder contar con el predio y reconoci\u00f3 la importancia de esto ya que alrededor de 200 chicos realizan actividades deportivas a diario.<\/p>\n<p>Adem\u00e1s, Ustarroz reconoci\u00f3 que hay una necesidad en com\u00fan que tienen todos los clubes, que es la de tener canchas de f\u00fatbol, y agreg\u00f3 que en la ciudad hay muchos terrenos para que esto sea posible.<\/p>\n<p>\u201cLo que estamos haciendo en conjunto con el Ministerio de Interior y Transporte es ir identificando y regularizando. Es decir, poder brindarles la posesi\u00f3n de manera totalmente legal para que esto les d\u00e9 la posibilidad de poder acceder a importantes subsidios que otorga hoy el Estado Nacional en materia de deporte. Creemos que los clubes que todav\u00eda no cuentan con este beneficio necesitan de la ayuda del Ministerio, desde este punto podemos gestionar, articular, ver la necesidad del pueblo de Mercedes de contar con m\u00e1s espacio para el deporte\u201d, agreg\u00f3.<\/p>\n<p>Alejandro Biancosino culmin\u00f3 la jornada expresando que se va a analizar el pedido y el convenio se estar\u00eda firmando en las pr\u00f3ximas semanas. \u201cLa idea es realizar una gesti\u00f3n \u00e1gil para dar una respuesta al pedido, se viene trabajando en conjunto con Juani para llegar con soluciones ante demandas certeras para ponernos a disposici\u00f3n del pueblo. Estamos seguros de que a estos espacios hay que cuidarlos y no hay mejor manera que devolv\u00e9rselos a la ciudad\u201d, cerr\u00f3.<\/p>\n","protected":false},"excerpt":{"rendered":"<p>El presidente del bloque de concejales y precandidato a intendente del Frente Mercedino para la Victoria, Juan Ignacio Ustarroz, y &#8230; <a title=\"Gestiones de Ustarroz para regularizar la situaci\u00f3n del predio del Club Defendores\" class=\"read-more\" href=\"https:\/\/www.hoymercedes.com.ar\/principal\/2015\/07\/01\/gestiones-de-ustarroz-para-regularizar-la-situacion-del-predio-del-club-defendores\/\" aria-label=\"Leer m\u00e1s sobre Gestiones de Ustarroz para regularizar la situaci\u00f3n del predio del Club Defendores\">Leer m\u00e1s<\/a><\/p>\n","protected":false},"author":1,"featured_media":42795,"comment_status":"open","ping_status":"open","sticky":false,"template":"","format":"standard","meta":{"_monsterinsights_skip_tracking":false,"_monsterinsights_sitenote_active":false,"_monsterinsights_sitenote_note":"","_monsterinsights_sitenote_category":0,"jetpack_post_was_ever_published":false,"_jetpack_newsletter_access":"","_jetpack_dont_email_post_to_subs":false,"_jetpack_newsletter_tier_id":0,"_jetpack_memberships_contains_paywalled_content":false,"_jetpack_memberships_contains_paid_content":false,"footnotes":"","jetpack_publicize_message":"","jetpack_publicize_feature_enabled":true,"jetpack_social_post_already_shared":true,"jetpack_social_options":{"image_generator_settings":{"template":"highway","default_image_id":0,"font":"","enabled":false},"version":2},"_wpas_customize_per_network":false},"categories":[5608],"tags":[1873,585],"class_list":["post-42794","post","type-post","status-publish","format-standard","has-post-thumbnail","hentry","category-sin-categoria","tag-club-defensores-de-belgrano","tag-juan-ustarroz","generate-columns","tablet-grid-50","mobile-grid-100","grid-parent","grid-50"],"jetpack_publicize_connections":[],"jetpack_featured_media_url":"https:\/\/www.hoymercedes.com.ar\/principal\/wp-content\/uploads\/2015\/07\/club-defensores-frentemercedino.jpg","wps_subtitle":"Deporte y bienestar social en Mercedes","jetpack_sharing_enabled":true,"_links":{"self":[{"href":"https:\/\/www.hoymercedes.com.ar\/principal\/wp-json\/wp\/v2\/posts\/42794","targetHints":{"allow":["GET"]}}],"collection":[{"href":"https:\/\/www.hoymercedes.com.ar\/principal\/wp-json\/wp\/v2\/posts"}],"about":[{"href":"https:\/\/www.hoymercedes.com.ar\/principal\/wp-json\/wp\/v2\/types\/post"}],"author":[{"embeddable":true,"href":"https:\/\/www.hoymercedes.com.ar\/principal\/wp-json\/wp\/v2\/users\/1"}],"replies":[{"embeddable":true,"href":"https:\/\/www.hoymercedes.com.ar\/principal\/wp-json\/wp\/v2\/comments?post=42794"}],"version-history":[{"count":0,"href":"https:\/\/www.hoymercedes.com.ar\/principal\/wp-json\/wp\/v2\/posts\/42794\/revisions"}],"wp:featuredmedia":[{"embeddable":true,"href":"https:\/\/www.hoymercedes.com.ar\/principal\/wp-json\/wp\/v2\/media\/42795"}],"wp:attachment":[{"href":"https:\/\/www.hoymercedes.com.ar\/principal\/wp-json\/wp\/v2\/media?parent=42794"}],"wp:term":[{"taxonomy":"category","embeddable":true,"href":"https:\/\/www.hoymercedes.com.ar\/principal\/wp-json\/wp\/v2\/categories?post=42794"},{"taxonomy":"post_tag","embeddable":true,"href":"https:\/\/www.hoymercedes.com.ar\/principal\/wp-json\/wp\/v2\/tags?post=42794"}],"curies":[{"name":"wp","href":"https:\/\/api.w.org\/{rel}","templated":true}]}}